{"id":102550,"date":"2025-11-28T17:25:09","date_gmt":"2025-11-28T17:25:09","guid":{"rendered":"https:\/\/www.europesays.com\/fi\/102550\/"},"modified":"2025-11-28T17:25:09","modified_gmt":"2025-11-28T17:25:09","slug":"keskisuomalaislahtoinen-lauri-haav-kertoo-pakko-oireistaan-ocd-voi-aiheuttaa-pelkoa-sairastumisesta-tai-laheisten-loukkaantumisesta-keski-suomi","status":"publish","type":"post","link":"https:\/\/www.europesays.com\/fi\/102550\/","title":{"rendered":"Keskisuomalaisl\u00e4ht\u00f6inen Lauri Haav kertoo pakko-oireistaan \u2013 OCD voi aiheuttaa pelkoa sairastumisesta tai l\u00e4heisten loukkaantumisesta | Keski-Suomi"},"content":{"rendered":"<p>En voi l\u00e4hte\u00e4 kotoa, koska tulipalo tuhoaa koko asuinkorttelini p\u00e4\u00e4lle j\u00e4\u00e4neen hellan vuoksi. Minun t\u00e4ytyy r\u00e4pytell\u00e4 silmi\u00e4 tietty m\u00e4\u00e4r\u00e4, etten j\u00e4\u00e4 auton alle. Jos en pese k\u00e4si\u00e4ni kunnolla, saatan tartuttaa sairauden l\u00e4heiseeni ja h\u00e4n kuolee.<\/p>\n<p>Esimerkiksi t\u00e4llaisia ajatuksia pakko-oireinen h\u00e4iri\u00f6 voi aiheuttaa, Suomen Tourette- ja OCD-yhdistys ry:n toiminnanjohtaja<strong> Tuula Savikuja<\/strong> kertoo.<\/p>\n<p>Keskisuomalaisl\u00e4ht\u00f6inen r\u00e4pp\u00e4ri <strong>Lauri Haav <\/strong>avautuu perjantain Vain El\u00e4m\u00e4\u00e4 -tv-sarjan jaksossa OCD-diagnoosistaan.<\/p>\n<p>Pakko-oireinen h\u00e4iri\u00f6 eli OCD eli on diagnosoitu noin 1\u20133 prosentilla v\u00e4est\u00f6st\u00e4.<\/p>\n","protected":false},"excerpt":{"rendered":"En voi l\u00e4hte\u00e4 kotoa, koska tulipalo tuhoaa koko asuinkorttelini p\u00e4\u00e4lle j\u00e4\u00e4neen hellan vuoksi. Minun t\u00e4ytyy r\u00e4pytell\u00e4 silmi\u00e4 tietty&hellip;\n","protected":false},"author":2,"featured_media":102551,"comment_status":"","ping_status":"","sticky":false,"template":"","format":"standard","meta":{"footnotes":""},"categories":[130],"tags":[428,137,33,31,30,425,764,3171,32,765,502,167,107,109],"class_list":{"0":"post-102550","1":"post","2":"type-post","3":"status-publish","4":"format-standard","5":"has-post-thumbnail","7":"category-viihde","8":"tag-ahdistus","9":"tag-entertainment","10":"tag-fi","11":"tag-finland","12":"tag-finnish","13":"tag-jyvaskyla","14":"tag-sairaudet","15":"tag-sairaudet-ja-oireet","16":"tag-suomi","17":"tag-taudit-ja-hairiot","18":"tag-terveydenhoito","19":"tag-terveys","20":"tag-vaatteet","21":"tag-viihde"},"share_on_mastodon":{"url":"https:\/\/pubeurope.com\/@fi\/115628495531342628","error":""},"_links":{"self":[{"href":"https:\/\/www.europesays.com\/fi\/wp-json\/wp\/v2\/posts\/102550","targetHints":{"allow":["GET"]}}],"collection":[{"href":"https:\/\/www.europesays.com\/fi\/wp-json\/wp\/v2\/posts"}],"about":[{"href":"https:\/\/www.europesays.com\/fi\/wp-json\/wp\/v2\/types\/post"}],"author":[{"embeddable":true,"href":"https:\/\/www.europesays.com\/fi\/wp-json\/wp\/v2\/users\/2"}],"replies":[{"embeddable":true,"href":"https:\/\/www.europesays.com\/fi\/wp-json\/wp\/v2\/comments?post=102550"}],"version-history":[{"count":0,"href":"https:\/\/www.europesays.com\/fi\/wp-json\/wp\/v2\/posts\/102550\/revisions"}],"wp:featuredmedia":[{"embeddable":true,"href":"https:\/\/www.europesays.com\/fi\/wp-json\/wp\/v2\/media\/102551"}],"wp:attachment":[{"href":"https:\/\/www.europesays.com\/fi\/wp-json\/wp\/v2\/media?parent=102550"}],"wp:term":[{"taxonomy":"category","embeddable":true,"href":"https:\/\/www.europesays.com\/fi\/wp-json\/wp\/v2\/categories?post=102550"},{"taxonomy":"post_tag","embeddable":true,"href":"https:\/\/www.europesays.com\/fi\/wp-json\/wp\/v2\/tags?post=102550"}],"curies":[{"name":"wp","href":"https:\/\/api.w.org\/{rel}","templated":true}]}}