{"id":102554,"date":"2025-11-28T17:29:08","date_gmt":"2025-11-28T17:29:08","guid":{"rendered":"https:\/\/www.europesays.com\/fi\/102554\/"},"modified":"2025-11-28T17:29:08","modified_gmt":"2025-11-28T17:29:08","slug":"puola-pidatti-kaksi-ukrainalaista-ja-kolme-valkovenalaista-epailtyna-vakoilusta-uutisia-lyhyesti","status":"publish","type":"post","link":"https:\/\/www.europesays.com\/fi\/102554\/","title":{"rendered":"Puola pid\u00e4tti kaksi ukrainalaista ja kolme valkoven\u00e4l\u00e4ist\u00e4 ep\u00e4iltyn\u00e4 vakoilusta | Uutisia lyhyesti"},"content":{"rendered":"<p class=\"aw-1gybjub aw-5vja16 kEtdKx kmuxyA yle__article__paragraph\">Vakoilusta voidaan Puolassa tuomita 5\u201330 vuoden vankeusrangaistukseen.<\/p>\n<p class=\"aw-1gybjub aw-1p7kakr kEtdKx cEmitX yle__article__paragraph\">Puola on pid\u00e4tt\u00e4nyt kaksi ukrainalaista ja kolme valkoven\u00e4l\u00e4ist\u00e4 ep\u00e4iltyin\u00e4 ulkomaisten tiedustelupalveluiden m\u00e4\u00e4r\u00e4yksest\u00e4 toimimisesta, syytt\u00e4j\u00e4t kertoivat perjantaina. Yksi ep\u00e4illyist\u00e4 on alaik\u00e4inen.<\/p>\n<p class=\"aw-1gybjub aw-1p7kakr kEtdKx cEmitX yle__article__paragraph\">Kolme ep\u00e4illyist\u00e4 m\u00e4\u00e4r\u00e4ttiin kolmen kuukauden tutkintavankeuteen ja alaik\u00e4inen siirrettiin nuorisovankilaan. Yksi v\u00e4ltti tutkintavankeuden terveydentilansa vuoksi, mutta h\u00e4net m\u00e4\u00e4r\u00e4ttiin matkustuskieltoon.<\/p>\n<p class=\"aw-1gybjub aw-1p7kakr kEtdKx cEmitX yle__article__paragraph\">\u2013 Tutkinta koskee henkil\u00f6iden osallistumista ulkomaiseen tiedustelutoimintaan Puolan tasavaltaa vastaan maaliskuusta 2024 helmikuuhun 2025 Rzeszowissa, Varsovassa, Lodzissa ja muilla paikkakunnilla, syytt\u00e4j\u00e4t kertoivat.<\/p>\n<p class=\"aw-1gybjub aw-1p7kakr kEtdKx cEmitX yle__article__paragraph\">\u2013 Toimintaan kuului muun muassa kriittisen infrastruktuurin kuvaamista ja jakamista sek\u00e4 julisteiden ripustamista ja graffitien tekemist\u00e4.<\/p>\n<p class=\"aw-1gybjub aw-1p7kakr kEtdKx cEmitX yle__article__paragraph\">Vakoilusta voidaan Puolassa tuomita 5\u201330 vuoden vankeusrangaistukseen.<\/p>\n<p class=\"aw-1gybjub aw-1p7kakr kEtdKx cEmitX yle__article__paragraph\">Puola syytt\u00e4\u00e4 Ven\u00e4j\u00e4\u00e4 hydridisodank\u00e4ynnist\u00e4 maata vastaan. Puolassa on tehty tuhopolttoja, kyberhy\u00f6kk\u00e4yksi\u00e4 ja rautatiesabotaasia. Ven\u00e4j\u00e4 on kiist\u00e4nyt syyt\u00f6kset.<\/p>\n<p class=\"aw-1gybjub aw-1p7kakr kEtdKx cEmitX yle__article__paragraph\">L\u00e4hde: Reuters<\/p>\n","protected":false},"excerpt":{"rendered":"Vakoilusta voidaan Puolassa tuomita 5\u201330 vuoden vankeusrangaistukseen. Puola on pid\u00e4tt\u00e4nyt kaksi ukrainalaista ja kolme valkoven\u00e4l\u00e4ist\u00e4 ep\u00e4iltyin\u00e4 ulkomaisten tiedustelupalveluiden&hellip;\n","protected":false},"author":2,"featured_media":74,"comment_status":"","ping_status":"","sticky":false,"template":"","format":"standard","meta":{"footnotes":""},"categories":[14],"tags":[22,23,26,27,33,31,30,17,24,25,28,29,15,18,21,2700,1263,32,19,20,546,56,16,6104,547,987,59,60,61],"class_list":{"0":"post-102554","1":"post","2":"type-post","3":"status-publish","4":"format-standard","5":"has-post-thumbnail","7":"category-ulkomaat","8":"tag-breaking-news","9":"tag-breakingnews","10":"tag-featured-news","11":"tag-featurednews","12":"tag-fi","13":"tag-finland","14":"tag-finnish","15":"tag-headlines","16":"tag-latest-news","17":"tag-latestnews","18":"tag-main-news","19":"tag-mainnews","20":"tag-news","21":"tag-otsikot","22":"tag-paauutiset","23":"tag-puola","24":"tag-rikosepailyt","25":"tag-suomi","26":"tag-top-stories","27":"tag-topstories","28":"tag-turvallisuus","29":"tag-ulkomaat","30":"tag-uutiset","31":"tag-vakoilu","32":"tag-venaja","33":"tag-venajan-hyokkays","34":"tag-world","35":"tag-world-news","36":"tag-worldnews"},"share_on_mastodon":{"url":"https:\/\/pubeurope.com\/@fi\/115628511301577411","error":""},"_links":{"self":[{"href":"https:\/\/www.europesays.com\/fi\/wp-json\/wp\/v2\/posts\/102554","targetHints":{"allow":["GET"]}}],"collection":[{"href":"https:\/\/www.europesays.com\/fi\/wp-json\/wp\/v2\/posts"}],"about":[{"href":"https:\/\/www.europesays.com\/fi\/wp-json\/wp\/v2\/types\/post"}],"author":[{"embeddable":true,"href":"https:\/\/www.europesays.com\/fi\/wp-json\/wp\/v2\/users\/2"}],"replies":[{"embeddable":true,"href":"https:\/\/www.europesays.com\/fi\/wp-json\/wp\/v2\/comments?post=102554"}],"version-history":[{"count":0,"href":"https:\/\/www.europesays.com\/fi\/wp-json\/wp\/v2\/posts\/102554\/revisions"}],"wp:featuredmedia":[{"embeddable":true,"href":"https:\/\/www.europesays.com\/fi\/wp-json\/wp\/v2\/media\/74"}],"wp:attachment":[{"href":"https:\/\/www.europesays.com\/fi\/wp-json\/wp\/v2\/media?parent=102554"}],"wp:term":[{"taxonomy":"category","embeddable":true,"href":"https:\/\/www.europesays.com\/fi\/wp-json\/wp\/v2\/categories?post=102554"},{"taxonomy":"post_tag","embeddable":true,"href":"https:\/\/www.europesays.com\/fi\/wp-json\/wp\/v2\/tags?post=102554"}],"curies":[{"name":"wp","href":"https:\/\/api.w.org\/{rel}","templated":true}]}}