{"id":102557,"date":"2025-11-28T17:31:12","date_gmt":"2025-11-28T17:31:12","guid":{"rendered":"https:\/\/www.europesays.com\/fi\/102557\/"},"modified":"2025-11-28T17:31:12","modified_gmt":"2025-11-28T17:31:12","slug":"jaajo-linnonmaalta-yllatysveto","status":"publish","type":"post","link":"https:\/\/www.europesays.com\/fi\/102557\/","title":{"rendered":"Jaajo Linnonmaalta yll\u00e4tysveto"},"content":{"rendered":"<p>Jaajo Linnonmaan assistentti paljastaa entisen radiojuontajan salaisen kirjaprojektin.<\/p>\n<p><img decoding=\"async\" class=\"image image-show image-preview\" src=\"https:\/\/www.europesays.com\/fi\/wp-content\/uploads\/2025\/11\/9e93e7d970e2dc8c4950cd9608dd40c82ce91537b5e2aa79e435adfceb590153.jpg\" alt=\"\"\/><img decoding=\"async\" class=\"image image-show\" src=\"https:\/\/www.europesays.com\/fi\/wp-content\/uploads\/2025\/11\/1764351072_394_9e93e7d970e2dc8c4950cd9608dd40c82ce91537b5e2aa79e435adfceb590153.jpg\" alt=\"\"\/><\/p>\n<p>Yritt\u00e4j\u00e4 ja mediapersoona Jaajo Linnonmaa juontaa j\u00e4lleen uuden Diili-kauden. Elle Laitila<\/p>\n<p class=\"paragraph\">Mediapersoona <a href=\"https:\/\/www.iltalehti.fi\/henkilot\/Jaajo Linnonmaa\" class=\"article-link-person-page\" rel=\"nofollow noopener\" target=\"_blank\">Jaajo Linnonmaan<\/a> assistentti <strong>Elina Ekstr\u00f6m<\/strong> paljastaa <a href=\"https:\/\/www.linkedin.com\/posts\/elina-ekstr%C3%B6m-a88782198_t%C3%A4n%C3%A4%C3%A4n-p%C3%A4%C3%A4sin-taas-tekem%C3%A4%C3%A4n-t%C3%B6iss%C3%A4-jotain-activity-7399866152535068672-b-xz?utm_source=share&amp;utm_medium=member_ios&amp;rcm=ACoAADFlnngBLb0RZrjxAYER8zAfc-y_59qrRF0\" rel=\"noopener nofollow\" target=\"_blank\">Linkedin<\/a>-sivustolla, ett\u00e4 Linnonmaa kirjoittaa kirjaa.<\/p>\n<p class=\"paragraph\">Kirjan sis\u00e4ll\u00f6st\u00e4, tyylilajista tai julkaisuajankohdasta ei kerrota julkaisussa.<\/p>\n<p class=\"paragraph\">\u2013 Jaajo on kirjoittanut tovin kirjaa, eik\u00e4 ole hiiskunut projektistaan sen enemp\u00e4\u00e4. T\u00e4n\u00e4\u00e4n aamusta sain pyynn\u00f6n tulostaa ekan version ja lukea sen Jaajolle \u00e4\u00e4neen. H\u00e4n kirjasi yl\u00f6s, miss\u00e4 nauroin ja miss\u00e4 en ymm\u00e4rt\u00e4nyt. Tehtiin muistiinpanoja ja korjattiin kirjoitusvirheit\u00e4, Ekstr\u00f6m kirjoittaa p\u00e4ivityksess\u00e4.<\/p>\n<p class=\"paragraph\">Julkaisun yhteydess\u00e4 on kuva Linnonmaasta selaamassa puhelinta tietokoneen \u00e4\u00e4ress\u00e4. P\u00f6yd\u00e4ll\u00e4 lep\u00e4\u00e4 paperinivaskoja.<\/p>\n<p class=\"paragraph\">Linnonmaa julkaisi saman kuvan itsest\u00e4\u00e4n torstaina omalle Instagram-tililleen. Julkaisun kuvatekstiss\u00e4 Linnonmaa kertoi, ett\u00e4 tv-t\u00f6ist\u00e4 vet\u00e4ytyminen antoi h\u00e4nelle ylim\u00e4\u00e4r\u00e4ist\u00e4 aikaa, jonka vuoksi h\u00e4n on alkanut kirjoittamaan. Linnonmaa kertoi kirjailija Juha Vuorisen kannustaneen h\u00e4nt\u00e4 kirjoitusprojektin aloittamiseen.<\/p>\n<p class=\"paragraph\">Katso Linnonmaan julkaisu alapuolelta. Jos julkaisu ei n\u00e4y, voit katsoa sen <a href=\"https:\/\/www.instagram.com\/p\/DRkSE1cDJS0\/\" target=\"_blank\" rel=\"noopener nofollow\">t\u00e4st\u00e4 linkist\u00e4<\/a>.<\/p>\n<p class=\"paragraph\">Jaajo Linnonmaa teki pitk\u00e4n uran radiojuontajana ja juonsi Radio Suomipopilla suosittua Aamulypsy-ohjelmaa. H\u00e4net valittiin useita vuosia per\u00e4kk\u00e4in vuoden radiojuontajaksi. Linnonmaa lopetti radiouransa vuonna 2022.<\/p>\n<p class=\"paragraph\">Linnonmaa tunnetaan my\u00f6s Diili- ja Haluatko miljon\u00e4\u00e4riksi? -ohjelmista.<\/p>\n<p class=\"paragraph\">Nyky\u00e4\u00e4n Linnonmaa juontaa podcastia Anni &amp; Jaajo Suomipopilta tutun juontajan Anni Iham\u00e4en kanssa. Linnonmaa toimii my\u00f6s yritt\u00e4j\u00e4n\u00e4.<\/p>\n<p><script async src=\"\/\/www.instagram.com\/embed.js\"><\/script><\/p>\n","protected":false},"excerpt":{"rendered":"Jaajo Linnonmaan assistentti paljastaa entisen radiojuontajan salaisen kirjaprojektin. Yritt\u00e4j\u00e4 ja mediapersoona Jaajo Linnonmaa juontaa j\u00e4lleen uuden Diili-kauden. Elle&hellip;\n","protected":false},"author":2,"featured_media":102558,"comment_status":"","ping_status":"","sticky":false,"template":"","format":"standard","meta":{"footnotes":""},"categories":[5],"tags":[35,153,22,23,26,27,33,31,30,17,24,25,28,29,15,18,21,979,1999,32,19,20,140,139,16],"class_list":{"0":"post-102557","1":"post","2":"type-post","3":"status-publish","4":"format-standard","5":"has-post-thumbnail","7":"category-otsikot","8":"tag-24h","9":"tag-audiovisuaalinen-media","10":"tag-breaking-news","11":"tag-breakingnews","12":"tag-featured-news","13":"tag-featurednews","14":"tag-fi","15":"tag-finland","16":"tag-finnish","17":"tag-headlines","18":"tag-latest-news","19":"tag-latestnews","20":"tag-main-news","21":"tag-mainnews","22":"tag-news","23":"tag-otsikot","24":"tag-paauutiset","25":"tag-sahkoinen-media","26":"tag-suomalaiset-tv-ohjelmat","27":"tag-suomi","28":"tag-top-stories","29":"tag-topstories","30":"tag-tv-ja-elokuvat","31":"tag-tv-ohjelmat","32":"tag-uutiset"},"share_on_mastodon":{"url":"https:\/\/pubeurope.com\/@fi\/115628519333736151","error":""},"_links":{"self":[{"href":"https:\/\/www.europesays.com\/fi\/wp-json\/wp\/v2\/posts\/102557","targetHints":{"allow":["GET"]}}],"collection":[{"href":"https:\/\/www.europesays.com\/fi\/wp-json\/wp\/v2\/posts"}],"about":[{"href":"https:\/\/www.europesays.com\/fi\/wp-json\/wp\/v2\/types\/post"}],"author":[{"embeddable":true,"href":"https:\/\/www.europesays.com\/fi\/wp-json\/wp\/v2\/users\/2"}],"replies":[{"embeddable":true,"href":"https:\/\/www.europesays.com\/fi\/wp-json\/wp\/v2\/comments?post=102557"}],"version-history":[{"count":0,"href":"https:\/\/www.europesays.com\/fi\/wp-json\/wp\/v2\/posts\/102557\/revisions"}],"wp:featuredmedia":[{"embeddable":true,"href":"https:\/\/www.europesays.com\/fi\/wp-json\/wp\/v2\/media\/102558"}],"wp:attachment":[{"href":"https:\/\/www.europesays.com\/fi\/wp-json\/wp\/v2\/media?parent=102557"}],"wp:term":[{"taxonomy":"category","embeddable":true,"href":"https:\/\/www.europesays.com\/fi\/wp-json\/wp\/v2\/categories?post=102557"},{"taxonomy":"post_tag","embeddable":true,"href":"https:\/\/www.europesays.com\/fi\/wp-json\/wp\/v2\/tags?post=102557"}],"curies":[{"name":"wp","href":"https:\/\/api.w.org\/{rel}","templated":true}]}}