{"id":102559,"date":"2025-11-28T17:43:11","date_gmt":"2025-11-28T17:43:11","guid":{"rendered":"https:\/\/www.europesays.com\/fi\/102559\/"},"modified":"2025-11-28T17:43:11","modified_gmt":"2025-11-28T17:43:11","slug":"elina-pekkarisella-on-neuvo-kaikille-vanhemmille-ota-lapsi-syliin-ja-lue","status":"publish","type":"post","link":"https:\/\/www.europesays.com\/fi\/102559\/","title":{"rendered":"Elina Pekkarisella on neuvo kaikille vanhemmille: ota lapsi syliin ja lue"},"content":{"rendered":"<p>50-vuotias|Lapselle lukeminen on edullinen ja helppo keino tukea t\u00e4m\u00e4n kehityst\u00e4, lapsiasiavaltuutettu Elina Pekkarinen sanoo.<\/p>\n<p class=\"article-body mb-nof-24 px-nof-16\">LASTEN lukutaidon heikkeneminen on yksi niist\u00e4 asioista, joista lapsiasiavaltuutettu <a class=\"article-personlink\" href=\"https:\/\/www.hs.fi\/haku\/?query=Elina%20Pekkarinen\" rel=\"nofollow noopener\" target=\"_blank\">Elina Pekkarinen <\/a>on huolissaan. Siksi h\u00e4n halusi tavata T\u00f6\u00f6l\u00f6n kirjastossa.<\/p>\n<p class=\"article-body mb-nof-24 px-nof-16\">Se on ollut Pekkariselle itselleen t\u00e4rke\u00e4 paikka, \u201dtukikohta\u201d.<\/p>\n<p class=\"article-body mb-nof-24 px-nof-16\">\u201dTulen sellaisesta perheest\u00e4, jossa on luettu paljon\u201d, h\u00e4n sanoo.<\/p>\n","protected":false},"excerpt":{"rendered":"50-vuotias|Lapselle lukeminen on edullinen ja helppo keino tukea t\u00e4m\u00e4n kehityst\u00e4, lapsiasiavaltuutettu Elina Pekkarinen sanoo. LASTEN lukutaidon heikkeneminen on&hellip;\n","protected":false},"author":2,"featured_media":102560,"comment_status":"","ping_status":"","sticky":false,"template":"","format":"standard","meta":{"footnotes":""},"categories":[136],"tags":[407,137,33,31,30,46,408,32,109],"class_list":{"0":"post-102559","1":"post","2":"type-post","3":"status-publish","4":"format-standard","5":"has-post-thumbnail","7":"category-julkkikset","8":"tag-celebrities","9":"tag-entertainment","10":"tag-fi","11":"tag-finland","12":"tag-finnish","13":"tag-helsingin-sanomat","14":"tag-julkkikset","15":"tag-suomi","16":"tag-viihde"},"share_on_mastodon":{"url":"https:\/\/pubeurope.com\/@fi\/115628566327259644","error":""},"_links":{"self":[{"href":"https:\/\/www.europesays.com\/fi\/wp-json\/wp\/v2\/posts\/102559","targetHints":{"allow":["GET"]}}],"collection":[{"href":"https:\/\/www.europesays.com\/fi\/wp-json\/wp\/v2\/posts"}],"about":[{"href":"https:\/\/www.europesays.com\/fi\/wp-json\/wp\/v2\/types\/post"}],"author":[{"embeddable":true,"href":"https:\/\/www.europesays.com\/fi\/wp-json\/wp\/v2\/users\/2"}],"replies":[{"embeddable":true,"href":"https:\/\/www.europesays.com\/fi\/wp-json\/wp\/v2\/comments?post=102559"}],"version-history":[{"count":0,"href":"https:\/\/www.europesays.com\/fi\/wp-json\/wp\/v2\/posts\/102559\/revisions"}],"wp:featuredmedia":[{"embeddable":true,"href":"https:\/\/www.europesays.com\/fi\/wp-json\/wp\/v2\/media\/102560"}],"wp:attachment":[{"href":"https:\/\/www.europesays.com\/fi\/wp-json\/wp\/v2\/media?parent=102559"}],"wp:term":[{"taxonomy":"category","embeddable":true,"href":"https:\/\/www.europesays.com\/fi\/wp-json\/wp\/v2\/categories?post=102559"},{"taxonomy":"post_tag","embeddable":true,"href":"https:\/\/www.europesays.com\/fi\/wp-json\/wp\/v2\/tags?post=102559"}],"curies":[{"name":"wp","href":"https:\/\/api.w.org\/{rel}","templated":true}]}}