{"id":102571,"date":"2025-11-28T17:57:12","date_gmt":"2025-11-28T17:57:12","guid":{"rendered":"https:\/\/www.europesays.com\/fi\/102571\/"},"modified":"2025-11-28T17:57:12","modified_gmt":"2025-11-28T17:57:12","slug":"nain-kaikki-tapahtui-valkoisesta-talosta-soitettiin-venajalle-ja-neuvottiin-mita-trumpille-kannattaa-sanoa-hs-fi","status":"publish","type":"post","link":"https:\/\/www.europesays.com\/fi\/102571\/","title":{"rendered":"N\u00e4in kaikki tapahtui: Valkoisesta talosta soitettiin Ven\u00e4j\u00e4lle ja neuvottiin, mit\u00e4 Trumpille kannattaa sanoa &#8211; HS.fi"},"content":{"rendered":"<ol>\n<li><a href=\"https:\/\/news.google.com\/rss\/articles\/CBMiaEFVX3lxTE5LLUgzSHdISEFYSlFTLW9OTzFORllJdjhLZzc5VFdKdVVWMTN5OEJmWklvQW9zVFZpY1R4YW9oZzVXWWZTWnJNNG1OUnBQcjBkWXFsM21WRXRsUkY2aGJrMG9xcnFTenht?oc=5\" target=\"_blank\" rel=\"nofollow noopener\">N\u00e4in kaikki tapahtui: Valkoisesta talosta soitettiin Ven\u00e4j\u00e4lle ja neuvottiin, mit\u00e4 Trumpille kannattaa sanoa<\/a>&nbsp;&nbsp;HS.fi<\/li>\n<li><a href=\"https:\/\/news.google.com\/rss\/articles\/CBMiXkFVX3lxTE5Hb3JWZkozVFZSNzJnQk53ZktKOUV0czhmeFpGSENsTEJjbHMyaVh3OXBZSjFBalk5VmpNRkt4UnIwdmphdUpUcUg1LWFYU0hCbEF3djJydEN5MUEzd1E?oc=5\" target=\"_blank\" rel=\"nofollow noopener\">Asiantuntijalta tyly\u00e4 teksti\u00e4 Trumpin l\u00e4hettil\u00e4\u00e4st\u00e4: \u201dT\u00e4ysin infantiili\u201d<\/a>&nbsp;&nbsp;Ilta-Sanomat<\/li>\n<li><a href=\"https:\/\/news.google.com\/rss\/articles\/CBMie0FVX3lxTE9XN1dZekV5SkZMTGRLYzNiM3NrQi02TEJHeW1kTV92dkFxS0RjS0VjR1E0T09iaUN5T1NSdWVxaDVYTFkzNTQ0akJqUlk4cUF4T2xYR1dhNTUzM19EcnozYnNYakJJaVg4VWlaakhFOGFaOTUwUnFhN3MxZw?oc=5\" target=\"_blank\" rel=\"nofollow noopener\">Tapaus Steve Witkoff: Ven\u00e4j\u00e4ll\u00e4 on nyt \u201dvakava ongelma\u201d<\/a>&nbsp;&nbsp;Uusi Suomi<\/li>\n<li><a href=\"https:\/\/news.google.com\/rss\/articles\/CBMifEFVX3lxTE8wbHk1aURXVlR5MkNUUG5iR0k5Y2ViNGxzVzBHRk4tLUlTVnphRFRYSWRvQTc3NmxEU1paRTIyNlcySUE5bzhCeHRKRzF2eU5TckRHdEMycThyeFFtZ3BFcHRhMkhCTHhGYkVkbjhtVmhOTE1BSWZjdkhMcEY?oc=5\" target=\"_blank\" rel=\"nofollow noopener\">J\u00e4rkytys levi\u00e4\u00e4 Trumpin l\u00e4hettil\u00e4\u00e4n toiminnasta<\/a>&nbsp;&nbsp;Iltalehti<\/li>\n<li><a href=\"https:\/\/news.google.com\/rss\/articles\/CBMiqgFBVV95cUxNV0FVT3Vzdk02RUVNdjFleWl1MUhRZk10ZlZjUFYxTEVya2FmWG83YllNTlgya3hCUWlsR2xzQm5yOXdRU1lSenR1emgyazVLbXhCSkM0Rjg1NTI5YUlKOXoyMGtrdm1HSEt0eHRCVDZmdTJPaml6SGxmT1dUZE5pcG1QaVZEQVloa1ZDc1ltZUZNN0FBdzA3aVprWlBmNGZjNmUxekV2OVltZw?oc=5\" target=\"_blank\" rel=\"nofollow noopener\">Tutkijan mukaan liikemiehi\u00e4 ei tulisi p\u00e4\u00e4st\u00e4\u00e4 kansainv\u00e4liseen politiikkaan<\/a>&nbsp;&nbsp;Verkkouutiset<\/li>\n<\/ol>\n","protected":false},"excerpt":{"rendered":"N\u00e4in kaikki tapahtui: Valkoisesta talosta soitettiin Ven\u00e4j\u00e4lle ja neuvottiin, mit\u00e4 Trumpille kannattaa sanoa&nbsp;&nbsp;HS.fi Asiantuntijalta tyly\u00e4 teksti\u00e4 Trumpin l\u00e4hettil\u00e4\u00e4st\u00e4:&hellip;\n","protected":false},"author":2,"featured_media":102572,"comment_status":"","ping_status":"","sticky":false,"template":"","format":"standard","meta":{"footnotes":""},"categories":[5],"tags":[22,23,26,27,33,31,30,17,46,24,25,28,29,15,18,21,32,19,20,16],"class_list":{"0":"post-102571","1":"post","2":"type-post","3":"status-publish","4":"format-standard","5":"has-post-thumbnail","7":"category-otsikot","8":"tag-breaking-news","9":"tag-breakingnews","10":"tag-featured-news","11":"tag-featurednews","12":"tag-fi","13":"tag-finland","14":"tag-finnish","15":"tag-headlines","16":"tag-helsingin-sanomat","17":"tag-latest-news","18":"tag-latestnews","19":"tag-main-news","20":"tag-mainnews","21":"tag-news","22":"tag-otsikot","23":"tag-paauutiset","24":"tag-suomi","25":"tag-top-stories","26":"tag-topstories","27":"tag-uutiset"},"share_on_mastodon":{"url":"https:\/\/pubeurope.com\/@fi\/115628621356218547","error":""},"_links":{"self":[{"href":"https:\/\/www.europesays.com\/fi\/wp-json\/wp\/v2\/posts\/102571","targetHints":{"allow":["GET"]}}],"collection":[{"href":"https:\/\/www.europesays.com\/fi\/wp-json\/wp\/v2\/posts"}],"about":[{"href":"https:\/\/www.europesays.com\/fi\/wp-json\/wp\/v2\/types\/post"}],"author":[{"embeddable":true,"href":"https:\/\/www.europesays.com\/fi\/wp-json\/wp\/v2\/users\/2"}],"replies":[{"embeddable":true,"href":"https:\/\/www.europesays.com\/fi\/wp-json\/wp\/v2\/comments?post=102571"}],"version-history":[{"count":0,"href":"https:\/\/www.europesays.com\/fi\/wp-json\/wp\/v2\/posts\/102571\/revisions"}],"wp:featuredmedia":[{"embeddable":true,"href":"https:\/\/www.europesays.com\/fi\/wp-json\/wp\/v2\/media\/102572"}],"wp:attachment":[{"href":"https:\/\/www.europesays.com\/fi\/wp-json\/wp\/v2\/media?parent=102571"}],"wp:term":[{"taxonomy":"category","embeddable":true,"href":"https:\/\/www.europesays.com\/fi\/wp-json\/wp\/v2\/categories?post=102571"},{"taxonomy":"post_tag","embeddable":true,"href":"https:\/\/www.europesays.com\/fi\/wp-json\/wp\/v2\/tags?post=102571"}],"curies":[{"name":"wp","href":"https:\/\/api.w.org\/{rel}","templated":true}]}}