{"id":102582,"date":"2025-11-28T18:22:09","date_gmt":"2025-11-28T18:22:09","guid":{"rendered":"https:\/\/www.europesays.com\/fi\/102582\/"},"modified":"2025-11-28T18:22:09","modified_gmt":"2025-11-28T18:22:09","slug":"andri-jermak-eroaa-tehtavastaan-tallainen-on-skandaalin-keskelle-ajautunut-zelenskyin-kansliapaallikko","status":"publish","type":"post","link":"https:\/\/www.europesays.com\/fi\/102582\/","title":{"rendered":"Andri Jermak eroaa teht\u00e4v\u00e4st\u00e4\u00e4n \u2013 t\u00e4llainen on skandaalin keskelle ajautunut Zelenskyin kansliap\u00e4\u00e4llikk\u00f6"},"content":{"rendered":"<p>Andri Jermakilla on ollut paljon valtaa Ukrainan hallinnossa.<\/p>\n<p class=\"article-body mb-nof-24 px-nof-16\">Ukrainan presidentti <a class=\"article-personlink\" href=\"https:\/\/www.is.fi\/haku\/?query=Volodymyr%20Zelenskyi\" rel=\"nofollow noopener\" target=\"_blank\">Volodymyr Zelenskyi<\/a> kertoi perjantai-iltana, ett\u00e4 korruptioskandaalin keskelle joutunut kansliap\u00e4\u00e4llikk\u00f6 <a class=\"article-personlink\" href=\"https:\/\/www.is.fi\/haku\/?query=Andri%20Jermak\" rel=\"nofollow noopener\" target=\"_blank\">Andri Jermak<\/a> eroaa teht\u00e4v\u00e4st\u00e4\u00e4n.<\/p>\n<p class=\"article-body mb-nof-24 px-nof-16\">Ukrainan korruptionvastaisen viraston tutkijat tekiv\u00e4t perjantaiaamuna kotietsinn\u00e4n Zelenskyin l\u00e4heisen\u00e4 liittolaisena tunnetun Jermakin asuntoon.<\/p>\n<p class=\"article-body mb-nof-24 px-nof-16\"><a class=\"article-genericlink\" href=\"https:\/\/www.ft.com\/content\/4f485041-9970-48c7-b908-97fe8c2debd0\" rel=\"nofollow noopener\" target=\"_blank\">Financial Timesin<\/a> l\u00e4hteen mukaan etsint\u00e4 liittyi Zelenskyin kauden pahimman korruptioskandaalin tutkintaan. Tapauksessa usean henkil\u00f6n ep\u00e4ill\u00e4\u00e4n kavaltaneen yhteens\u00e4 yli sata miljoonaa euroa Ukrainan energiasektorilta.<\/p>\n<p class=\"article-body mb-nof-24 px-nof-16\">Jermakin on spekuloitu olleen tietoinen korruptiosta.<\/p>\n<p class=\"article-body mb-nof-24 px-nof-16\">Aiemmin t\u00e4ss\u00e4 kuussa on uutisoitu, ett\u00e4 Zelenskyin puolueen ja hallinnon edustajat olisivat yritt\u00e4neet saada Zelenskyi\u00e4 irtisanomaan Jermakin. Zelenskyi on kuitenkin aiemmin antanut t\u00e4m\u00e4n pit\u00e4\u00e4 pestins\u00e4.<\/p>\n<p class=\"article-body mb-nof-24 px-nof-16\">Kansliap\u00e4\u00e4llikk\u00f6n\u00e4 Jermakilla on ollut keskeinen rooli Ukrainan politiikassa. H\u00e4n on esimerkiksi johtanut Ukrainan delegaatiota neuvotteluissa Yhdysvaltojen kanssa. Mutta kuka h\u00e4n oikein on?<\/p>\n<p>Zelenskyin suosikki<\/p>\n<p class=\"article-body mb-nof-24 px-nof-16\">Jermak ty\u00f6skenteli lakimiehen\u00e4 ennen uraa politiikassa. H\u00e4n on vaikuttanut my\u00f6s media-alalla.<\/p>\n<p class=\"article-body mb-nof-24 px-nof-16\">Jermak oli mukana Zelenskyin vaalikampanjassa vuoden 2019 presidentinvaaleissa. Zelenskyi nimitti voitettuaan Jermakin ensin ulkopoliittiseksi neuvonantajaksi. H\u00e4net nimitettiin kansliap\u00e4\u00e4llik\u00f6ksi ja kansallisen turvallisuusneuvoston j\u00e4seneksi helmikuussa 2020.<\/p>\n<p class=\"article-body mb-nof-24 px-nof-16\">Jermak on tuntenut Zelenskyin useita vuosia ja h\u00e4nen roolinsa on sanottu ulottuvan yli kansliap\u00e4\u00e4llik\u00f6n tavanomaisten teht\u00e4vien. Jo nelj\u00e4 vuotta sitten <a class=\"article-genericlink\" href=\"https:\/\/www.rferl.org\/a\/ukraine-yermak-zelenskiy-west\/31307362.html\" rel=\"nofollow noopener\" target=\"_blank\">Radio Free Europe<\/a> kertoi Jermakilla olevan \u201dpoliittista valtaa, joka ylitt\u00e4\u00e4 h\u00e4nen toimivaltansa\u201d.<\/p>\n<p class=\"article-body mb-nof-24 px-nof-16\"><a class=\"article-genericlink\" href=\"https:\/\/kyivindependent.com\/who-is-andriy-yermak-and-can-ukraines-new-corruption-scandal-finally-sink-him\/\" rel=\"nofollow noopener\" target=\"_blank\">Kyiv Independentin<\/a> mukaan Jermak on osoittanut kansliap\u00e4\u00e4llikk\u00f6n\u00e4 t\u00e4ydellist\u00e4 omistautumista presidentti Zelenskyille ja t\u00e4m\u00e4n toiveille. Zelenskyi on puolestaan lehden mukaan luottanut Jermakiin t\u00e4ysin, ja antanut t\u00e4lle hoidettavaksi vaativia teht\u00e4vi\u00e4.<\/p>\n<p class=\"article-body mb-nof-24 px-nof-16\">Jermak on ollut sodan aikana keskeinen hahmo esimerkiksi Ukrainan Yhdysvaltain- ja Ven\u00e4j\u00e4n-suhteiden hoidossa.<\/p>\n<p>Ristiriitainen hahmo<\/p>\n<p class=\"article-body mb-nof-24 px-nof-16\">Harva on ollut kansliap\u00e4\u00e4llikk\u00f6 Jermakiin yht\u00e4 tyytyv\u00e4inen kuin presidentti Zelenskyi. <a class=\"article-genericlink\" href=\"https:\/\/kyivindependent.com\/who-is-andriy-yermak-and-can-ukraines-new-corruption-scandal-finally-sink-him\/\" rel=\"nofollow noopener\" target=\"_blank\">Kyiv Independentin<\/a> mukaan Jermakiin on suhtauduttu skeptisesti niin Ukrainassa kuin ulkomaillakin.<\/p>\n<p class=\"article-body mb-nof-24 px-nof-16\">Ukrainassa on aiheuttanut n\u00e4r\u00e4\u00e4 se, ett\u00e4 Zelenskyi on nostanut kokemattoman Jermakin yhteen maan vaikutusvaltaisimmista pesteist\u00e4. Kyiv Independentin haastattelemien viranomais\u00adl\u00e4hteiden mukaan Jermakia ei ole pidetty arvossa my\u00f6sk\u00e4\u00e4n EU:ssa tai Washingtonissa.<\/p>\n<p class=\"article-body mb-nof-24 px-nof-16\">Jermak saa Kyiv Independentin viranomaisl\u00e4hteilt\u00e4 kritiikki\u00e4 my\u00f6s siit\u00e4, ett\u00e4 h\u00e4nen ep\u00e4ill\u00e4\u00e4n olleen viime kes\u00e4isen, kyseenalaisen korruptio\u00adlakiesityksen takana.<\/p>\n<p class=\"article-body mb-nof-24 px-nof-16\">Lakiesitys olisi siirt\u00e4nyt kaksi maan korruptionvastaista viranomaista, Nabun ja Sapon, Ukrainan valtakunnansyytt\u00e4j\u00e4n alaisuuteen. Valtakunnansyytt\u00e4j\u00e4n nimitt\u00e4\u00e4 Ukrainan presidentti.<\/p>\n<p class=\"article-body mb-nof-24 px-nof-16\">Lakimuutoksen pel\u00e4ttiin antavan presidentille mahdollisuuden puuttua korruptiotapauksiin. Se ker\u00e4si runsaasti kritiikki\u00e4, ja lopulta Zelenskyi taipui perumaan sen.<\/p>\n<p class=\"article-body mb-nof-24 px-nof-16\">Perjantaisen etsinn\u00e4n Jermakin kotiin teki nimenomaan kansallinen korruption\u00adtorjuntavirasto Nabu. Syytteit\u00e4 Jermakia vastaan ei ole toistaiseksi nostettu.<\/p>\n","protected":false},"excerpt":{"rendered":"Andri Jermakilla on ollut paljon valtaa Ukrainan hallinnossa. Ukrainan presidentti Volodymyr Zelenskyi kertoi perjantai-iltana, ett\u00e4 korruptioskandaalin keskelle joutunut&hellip;\n","protected":false},"author":2,"featured_media":102583,"comment_status":"","ping_status":"","sticky":false,"template":"","format":"standard","meta":{"footnotes":""},"categories":[14],"tags":[22,23,26,27,33,31,30,17,34,24,25,28,29,15,18,21,32,19,20,56,16,59,60,61],"class_list":{"0":"post-102582","1":"post","2":"type-post","3":"status-publish","4":"format-standard","5":"has-post-thumbnail","7":"category-ulkomaat","8":"tag-breaking-news","9":"tag-breakingnews","10":"tag-featured-news","11":"tag-featurednews","12":"tag-fi","13":"tag-finland","14":"tag-finnish","15":"tag-headlines","16":"tag-ilta-sanomat","17":"tag-latest-news","18":"tag-latestnews","19":"tag-main-news","20":"tag-mainnews","21":"tag-news","22":"tag-otsikot","23":"tag-paauutiset","24":"tag-suomi","25":"tag-top-stories","26":"tag-topstories","27":"tag-ulkomaat","28":"tag-uutiset","29":"tag-world","30":"tag-world-news","31":"tag-worldnews"},"share_on_mastodon":{"url":"https:\/\/pubeurope.com\/@fi\/115628719924201121","error":""},"_links":{"self":[{"href":"https:\/\/www.europesays.com\/fi\/wp-json\/wp\/v2\/posts\/102582","targetHints":{"allow":["GET"]}}],"collection":[{"href":"https:\/\/www.europesays.com\/fi\/wp-json\/wp\/v2\/posts"}],"about":[{"href":"https:\/\/www.europesays.com\/fi\/wp-json\/wp\/v2\/types\/post"}],"author":[{"embeddable":true,"href":"https:\/\/www.europesays.com\/fi\/wp-json\/wp\/v2\/users\/2"}],"replies":[{"embeddable":true,"href":"https:\/\/www.europesays.com\/fi\/wp-json\/wp\/v2\/comments?post=102582"}],"version-history":[{"count":0,"href":"https:\/\/www.europesays.com\/fi\/wp-json\/wp\/v2\/posts\/102582\/revisions"}],"wp:featuredmedia":[{"embeddable":true,"href":"https:\/\/www.europesays.com\/fi\/wp-json\/wp\/v2\/media\/102583"}],"wp:attachment":[{"href":"https:\/\/www.europesays.com\/fi\/wp-json\/wp\/v2\/media?parent=102582"}],"wp:term":[{"taxonomy":"category","embeddable":true,"href":"https:\/\/www.europesays.com\/fi\/wp-json\/wp\/v2\/categories?post=102582"},{"taxonomy":"post_tag","embeddable":true,"href":"https:\/\/www.europesays.com\/fi\/wp-json\/wp\/v2\/tags?post=102582"}],"curies":[{"name":"wp","href":"https:\/\/api.w.org\/{rel}","templated":true}]}}