{"id":102584,"date":"2025-11-28T18:23:10","date_gmt":"2025-11-28T18:23:10","guid":{"rendered":"https:\/\/www.europesays.com\/fi\/102584\/"},"modified":"2025-11-28T18:23:10","modified_gmt":"2025-11-28T18:23:10","slug":"hinnat-puhuttivat-turisteja-tuomaan-markkinoilla","status":"publish","type":"post","link":"https:\/\/www.europesays.com\/fi\/102584\/","title":{"rendered":"Hinnat puhuttivat turisteja Tuomaan markkinoilla"},"content":{"rendered":"<p>Senaatintori|Avajaisp\u00e4iv\u00e4n\u00e4 v\u00e4ltyttiin ruuhkilta, vaikka jonoja syntyi markkinakojujen luokse.<\/p>\n<p>Lue tiivistelm\u00e4<\/p>\n<p>Tiivistelm\u00e4 on teko\u00e4lyn tekem\u00e4 ja ihmisen tarkistama.<\/p>\n<p class=\"article-body mb-nof-24 px-nof-16 sndp-summary-bullet-point-font\">Tuomaan markkinat alkoivat Helsingin Senaatintorilla, ja tunnelma oli juhlava mutta ruuhkia ei syntynyt.<\/p>\n<p class=\"article-body mb-nof-24 px-nof-16 sndp-summary-bullet-point-font\">Monet k\u00e4vij\u00e4t olivat ulkomaalaisia turisteja, jotka vertailivat hintoja eurooppalaisiin joulumarkkinoihin.<\/p>\n<p class=\"article-body mb-nof-24 px-nof-16 sndp-summary-bullet-point-font\">Gl\u00fchwein maksoi kymmenen euroa ja rommi-lisukkeen kanssa kaksitoista euroa, mit\u00e4 osa k\u00e4vij\u00f6ist\u00e4 piti kalliina.<\/p>\n<p class=\"article-body mb-nof-24 px-nof-16\">Hinnat, tunnelma ja tihkusade puhuttivat Tuomaan markkinoiden avajaisp\u00e4iv\u00e4n\u00e4 ihmisi\u00e4 Senaatintorilla.<\/p>\n<p class=\"article-body mb-nof-24 px-nof-16\">Karusellin musiikki, ja juhlavalaistus sek\u00e4 ruoka- juoma- ja k\u00e4sity\u00f6tarjonta olivat saaneet joukot liikkeelle, mutta varsinaisia ruuhkia ei syntynyt.<\/p>\n<p class=\"article-body mb-nof-24 px-nof-16\">Monilla myyntipaikoilla testattiin maistiaisia tai jonotettiin omaa vuoroa hyv\u00e4ss\u00e4 j\u00e4rjestyksess\u00e4. Italialainen <a class=\"article-personlink\" href=\"https:\/\/www.hs.fi\/haku\/?query=Francesca%20Grillo\" rel=\"nofollow noopener\" target=\"_blank\">Francesca Grillo<\/a> oli valinnut viimeisen Helsinki-iltansa suupalaksi myyntikojun omatekoisia chipsej\u00e4 eli suomalaisittain sanottuna perunalastuja.<\/p>\n<p class=\"article-body mb-nof-24 px-nof-16\">\u201dHuomenna lenn\u00e4mme jo kotiin Italiaan\u201d, Grillo mietti hieman haikeana silm\u00e4illen Tuomiokirkon n\u00e4kymi\u00e4.<\/p>\n<p class=\"article-body mb-nof-24 px-nof-16\">H\u00e4nt\u00e4 ei tihkusade h\u00e4tk\u00e4ytt\u00e4nyt, ja Helsingist\u00e4 j\u00e4i hyvi\u00e4 muistoja.<\/p>\n<p><img decoding=\"async\" src=\"https:\/\/www.europesays.com\/fi\/wp-content\/uploads\/2025\/11\/1764354190_248_468.jpg\" alt=\"Edes tihkusade ei lannistunut ihmisi\u00e4 perjantai-iltana. Tuomaan markkinoiden yli sataa pientuottajaa ja kahvilaa tultiin testaamaan pitkien matkojen takaa.\" class=\"_Img_1rerz_1\" style=\"aspect-ratio:1.5311004784688995\" loading=\"eager\"\/><\/p>\n<p class=\"article-picture-caption\">Edes tihkusade ei lannistunut ihmisi\u00e4 perjantai-iltana. Tuomaan markkinoiden yli sataa pientuottajaa ja kahvilaa tultiin testaamaan pitkien matkojen takaa. Kuva:\u00a0Kimmo Penttinen<\/p>\n<p class=\"article-body mb-nof-24 px-nof-16\">Totuttuun tapaan varsin monet avajaisvierailijat olivat eurooppalaisiin joulutoreihin tottuneita turisteja, jotka pystyiv\u00e4t vertailemaan tarjontaa ja hintatasoa.<\/p>\n<p class=\"article-body mb-nof-24 px-nof-16\">Saksalaismiesten kolmikko v\u00e4isti kokonaan hehkuviinin eli gl\u00fchweinin kokeilun hintojen vuoksi. Kymmenen euroa oli heille liikaa.<\/p>\n<p class=\"article-body mb-nof-24 px-nof-16\">Sen sijaan iloinen suomea ja englantia puhuva ryhm\u00e4 oli ottanut gl\u00fchwein-mukit k\u00e4teens\u00e4. Vai oliko kenties kyse gl\u00f6gist\u00e4? Nuuhkimalla oli vaikea p\u00e4\u00e4tell\u00e4, kummasta juomasta oli kyse.<\/p>\n<p class=\"article-body mb-nof-24 px-nof-16\">\u201dMutta onhan t\u00e4m\u00e4 kallista. Pyysin viel\u00e4 rommilisukkeen, ja hinta oli 12 euroa\u201d, kommentoi <a class=\"article-personlink\" href=\"https:\/\/www.hs.fi\/haku\/?query=Katja%20Glushkova\" rel=\"nofollow noopener\" target=\"_blank\">Katja Glushkova<\/a>.<\/p>\n<p class=\"article-body mb-nof-24 px-nof-16\">H\u00e4n oli kuitenkin tyytyv\u00e4inen, ett\u00e4 enn\u00e4tyskalliiden riisipuurojen aika oli ohi.<\/p>\n<p class=\"article-body mb-nof-24 px-nof-16\">\u201dT\u00e4ytyy ymm\u00e4rt\u00e4\u00e4, ett\u00e4 n\u00e4m\u00e4 ovat Helsingin joulumarkkinoiden hintoja\u201d, Glushkova luonnehti tyynesti.<\/p>\n<p class=\"article-body mb-nof-24 px-nof-16\">Karusellissa 5-vuotias <a class=\"article-personlink\" href=\"https:\/\/www.hs.fi\/haku\/?query=Lilja%20Buchwald-Leikas\" rel=\"nofollow noopener\" target=\"_blank\">Lilja Buchwald-Leikas<\/a> oli oikein elementiss\u00e4\u00e4n. H\u00e4n yritti jopa avittaa oman istuimensa ohjauspy\u00f6r\u00e4st\u00e4 lis\u00e4\u00e4 vauhtia, kun kierros p\u00e4\u00e4ttyi.<\/p>\n<p class=\"article-body mb-nof-24 px-nof-16\">\u00c4iti <a class=\"article-personlink\" href=\"https:\/\/www.hs.fi\/haku\/?query=Rauha%20Buchwald\" rel=\"nofollow noopener\" target=\"_blank\">Rauha Buchwald<\/a> seurasi vierest\u00e4 tytt\u00e4ren intoa. Perhe oli jo kolmatta kertaa Tuomaan markkinoilla. Aiempina vuosina lapsi oli istunut \u00e4idin kanssa karusellihevosen kyydiss\u00e4.<\/p>\n<p class=\"article-body mb-nof-24 px-nof-16\">\u201dOlin min\u00e4 tuolla \u00e4sken, mutta sitten aloin tulla huonovointiseksi, ja piti hyp\u00e4t\u00e4 pois\u201d, Buchwald hym\u00e4ht\u00e4\u00e4.<\/p>\n<p class=\"article-body mb-nof-24 px-nof-16\">Lapsen mielest\u00e4 karusellikyyti\u00e4 olisi voinut jatkaa pitemp\u00e4\u00e4nkin, eik\u00e4 ollut niin v\u00e4li\u00e4, ett\u00e4 \u00e4iti seisoi sivussa.<\/p>\n<p><img decoding=\"async\" src=\"https:\/\/www.europesays.com\/fi\/wp-content\/uploads\/2025\/11\/1764354190_136_468.jpg\" alt=\"\u00c4iti Rauha Buchwald j\u00e4tti t\u00e4ll\u00e4 kertaa karusellin v\u00e4liin. Viisivuotias Lilja Buchwald-Leikas olisi viipynyt karusellissa pitemp\u00e4\u00e4nkin.\" class=\"_Img_1rerz_1\" style=\"aspect-ratio:1.5011727912431587\" loading=\"eager\"\/><\/p>\n<p class=\"article-picture-caption\">\u00c4iti Rauha Buchwald j\u00e4tti t\u00e4ll\u00e4 kertaa karusellin v\u00e4liin. Viisivuotias Lilja Buchwald-Leikas olisi viipynyt karusellissa pitemp\u00e4\u00e4nkin. Kuva:\u00a0Kimmo Penttinen<\/p>\n<p class=\"article-body mb-nof-24 px-nof-16\">T\u00e4n\u00e4 vuonna Helsingiss\u00e4 j\u00e4rjestet\u00e4\u00e4n per\u00e4ti kolme joulutoria. Tuomaan markkinat Senaatintorilla, Mantan joulutori Kauppatorilla sek\u00e4 Kukontorin joulumarkkinat Forumin sis\u00e4pihalla.<\/p>\n<p class=\"article-body mb-nof-24 px-nof-16\">Forumin Kukontorilla joulumarkkinat ovat auki jouluviikkoon saakka. My\u00f6s Tuomaan markkinat p\u00e4\u00e4ttyv\u00e4t pari p\u00e4iv\u00e4\u00e4 ennen jouluaattoa. Sen sijaan Mantan joulutori on avoinna tammikuun 6. p\u00e4iv\u00e4\u00e4n saakka.<\/p>\n<p class=\"article-body mb-nof-24 px-nof-16\">Kukontorin joulumarkkinat Forumin sis\u00e4pihalla 1.\u201321.12.2025 arkisin kello 16\u201320 ja la-su kello 11\u201319.<\/p>\n<p class=\"article-body mb-nof-24 px-nof-16\">Mantan joulutori Havis Amandan aukiolla 5.12.2025\u20136.1.2026 on avoinna joka p\u00e4iv\u00e4 kello 11\u201319.<\/p>\n<p class=\"article-body mb-nof-24 px-nof-16\">Tuomaan markkinat Senaatintorilla 28.11.\u201322.12.2025 ma-to ja ja su kello 11\u201319 ja pe\u2013la kello 11\u201320.<\/p>\n","protected":false},"excerpt":{"rendered":"Senaatintori|Avajaisp\u00e4iv\u00e4n\u00e4 v\u00e4ltyttiin ruuhkilta, vaikka jonoja syntyi markkinakojujen luokse. Lue tiivistelm\u00e4 Tiivistelm\u00e4 on teko\u00e4lyn tekem\u00e4 ja ihmisen tarkistama. Tuomaan&hellip;\n","protected":false},"author":2,"featured_media":102585,"comment_status":"","ping_status":"","sticky":false,"template":"","format":"standard","meta":{"footnotes":""},"categories":[12],"tags":[22,23,26,27,33,31,30,17,46,24,25,28,29,15,18,21,32,19,20,16],"class_list":{"0":"post-102584","1":"post","2":"type-post","3":"status-publish","4":"format-standard","5":"has-post-thumbnail","7":"category-suomi","8":"tag-breaking-news","9":"tag-breakingnews","10":"tag-featured-news","11":"tag-featurednews","12":"tag-fi","13":"tag-finland","14":"tag-finnish","15":"tag-headlines","16":"tag-helsingin-sanomat","17":"tag-latest-news","18":"tag-latestnews","19":"tag-main-news","20":"tag-mainnews","21":"tag-news","22":"tag-otsikot","23":"tag-paauutiset","24":"tag-suomi","25":"tag-top-stories","26":"tag-topstories","27":"tag-uutiset"},"share_on_mastodon":{"url":"https:\/\/pubeurope.com\/@fi\/115628724106375570","error":""},"_links":{"self":[{"href":"https:\/\/www.europesays.com\/fi\/wp-json\/wp\/v2\/posts\/102584","targetHints":{"allow":["GET"]}}],"collection":[{"href":"https:\/\/www.europesays.com\/fi\/wp-json\/wp\/v2\/posts"}],"about":[{"href":"https:\/\/www.europesays.com\/fi\/wp-json\/wp\/v2\/types\/post"}],"author":[{"embeddable":true,"href":"https:\/\/www.europesays.com\/fi\/wp-json\/wp\/v2\/users\/2"}],"replies":[{"embeddable":true,"href":"https:\/\/www.europesays.com\/fi\/wp-json\/wp\/v2\/comments?post=102584"}],"version-history":[{"count":0,"href":"https:\/\/www.europesays.com\/fi\/wp-json\/wp\/v2\/posts\/102584\/revisions"}],"wp:featuredmedia":[{"embeddable":true,"href":"https:\/\/www.europesays.com\/fi\/wp-json\/wp\/v2\/media\/102585"}],"wp:attachment":[{"href":"https:\/\/www.europesays.com\/fi\/wp-json\/wp\/v2\/media?parent=102584"}],"wp:term":[{"taxonomy":"category","embeddable":true,"href":"https:\/\/www.europesays.com\/fi\/wp-json\/wp\/v2\/categories?post=102584"},{"taxonomy":"post_tag","embeddable":true,"href":"https:\/\/www.europesays.com\/fi\/wp-json\/wp\/v2\/tags?post=102584"}],"curies":[{"name":"wp","href":"https:\/\/api.w.org\/{rel}","templated":true}]}}