{"id":102586,"date":"2025-11-28T18:24:11","date_gmt":"2025-11-28T18:24:11","guid":{"rendered":"https:\/\/www.europesays.com\/fi\/102586\/"},"modified":"2025-11-28T18:24:11","modified_gmt":"2025-11-28T18:24:11","slug":"airbus-tekee-suuren-a320-koneiden-takaisinvedon-finnairilla-ei-viela-virallista-tietoa-asiasta-uutisia-lyhyesti","status":"publish","type":"post","link":"https:\/\/www.europesays.com\/fi\/102586\/","title":{"rendered":"Airbus tekee suuren A320-koneiden takaisinvedon \u2013 Finnairilla ei viel\u00e4 virallista tietoa asiasta | Uutisia lyhyesti"},"content":{"rendered":"<p class=\"aw-1gybjub aw-5vja16 kEtdKx kmuxyA yle__article__paragraph\">Airbusin mukaan taustalla on viimeaikainen tapaus, joka paljasti, ett\u00e4 voimakas auringons\u00e4teily voi vioittaa lennonohjauksen kannalta kriittisi\u00e4 tietoja.<\/p>\n<p><img decoding=\"async\" alt=\"Finnairs Airbus A320 p\u00e5 v\u00e4g att landa. (Arkivbild)\" src=\"https:\/\/www.europesays.com\/fi\/wp-content\/uploads\/2025\/11\/14-svyle-18807553fb3fc23c0ac.jpeg\" class=\"aw-1l9m598 hKVVvP\"\/><\/p>\n<p>Avaa kuvien katselu<\/p>\n<p>Konemalli on k\u00e4yt\u00f6ss\u00e4 my\u00f6s Finnairilla. Kuva: Alexander Granholm<\/p>\n<p>19:52\u2022P\u00e4ivitetty 20:12<\/p>\n<p class=\"aw-1gybjub aw-1p7kakr kEtdKx cEmitX yle__article__paragraph\">Eurooppalainen lentokonevalmistaja Airbus ilmoitti perjantaina m\u00e4\u00e4r\u00e4\u00e4v\u00e4ns\u00e4 v\u00e4litt\u00f6m\u00e4n ohjelmistop\u00e4ivityksen suureen osaan suosituista A320-mallin koneistaan. Asiasta kertoo uutistoimisto Reuters.<\/p>\n<p class=\"aw-1gybjub aw-1p7kakr kEtdKx cEmitX yle__article__paragraph\">Alan l\u00e4hteiden mukaan kyse on noin 6\u00a0000 koneesta eli yli puolesta maailmanlaajuisesta A320-laivastosta.<\/p>\n<p class=\"aw-1gybjub aw-1p7kakr kEtdKx cEmitX yle__article__paragraph\">Airbusin mukaan taustalla on viimeaikainen tapaus, joka paljasti, ett\u00e4 voimakas auringons\u00e4teily voi vioittaa lennonohjauksen kannalta kriittisi\u00e4 tietoja.<\/p>\n<p class=\"aw-1gybjub aw-1p7kakr kEtdKx cEmitX yle__article__paragraph\">Takaisinveto aiheuttaa toiminnallisia h\u00e4iri\u00f6it\u00e4 matkustajille ja asiakkaille, Airbus totesi tiedotteessaan.<\/p>\n<p class=\"aw-1gybjub aw-1p7kakr kEtdKx cEmitX yle__article__paragraph\">Suomalainen <a class=\"aw-iao6s4 iHOxEa yle__article__link\" href=\"https:\/\/www.finnair.com\/fi-fi\/bluewings\/finnairin-maailma\/kymmenen-kysymyst%C3%A4-airbus-a320--sarjan-lentokoneistamme-3989148\" role=\"link\" rel=\"nofollow noopener\" target=\"_blank\">Finnair lent\u00e4\u00e4<\/a> Euroopan-lentojaan Airbusin A320-mallilla. Yhti\u00f6ll\u00e4 on 30 kyseist\u00e4 tyyppi\u00e4 olevaa konetta.<\/p>\n<p class=\"aw-1gybjub aw-1p7kakr kEtdKx cEmitX yle__article__paragraph\">Finnairin viestint\u00e4johtaja <strong class=\"aw-ak79eh KyCXm yle__article__strong\">P\u00e4ivyt Tallqvist<\/strong> kertoo Ylelle, ett\u00e4 Airbus on l\u00e4hett\u00e4nyt heille alustavan tiedon asiasta.<\/p>\n<p class=\"aw-1gybjub aw-1p7kakr kEtdKx cEmitX yle__article__paragraph\">Euroopan unionin lentoturvallisuusviranomaiselta EASA:lta ei ole viel\u00e4 tullut virallista tietoa. Mahdollisista toimenpiteist\u00e4 p\u00e4\u00e4tet\u00e4\u00e4n vasta EASA:n saadun tiedon j\u00e4lkeen, Tallqvist sanoo.<\/p>\n<p class=\"aw-1gybjub aw-1p7kakr kEtdKx cEmitX yle__article__paragraph\">L\u00e4hde: Reuters<\/p>\n<p class=\"aw-1gybjub aw-1p7kakr kEtdKx cEmitX yle__article__paragraph\">Muokattu 28.11. klo 20.12.: Lis\u00e4tty Finnairilta saadut tiedot.<\/p>\n","protected":false},"excerpt":{"rendered":"Airbusin mukaan taustalla on viimeaikainen tapaus, joka paljasti, ett\u00e4 voimakas auringons\u00e4teily voi vioittaa lennonohjauksen kannalta kriittisi\u00e4 tietoja. Avaa&hellip;\n","protected":false},"author":2,"featured_media":102587,"comment_status":"","ping_status":"","sticky":false,"template":"","format":"standard","meta":{"footnotes":""},"categories":[5],"tags":[19554,22,23,26,27,33,31,1548,30,17,24,25,3219,1224,1161,28,29,15,18,21,32,19,20,56,16],"class_list":{"0":"post-102586","1":"post","2":"type-post","3":"status-publish","4":"format-standard","5":"has-post-thumbnail","7":"category-otsikot","8":"tag-airbus","9":"tag-breaking-news","10":"tag-breakingnews","11":"tag-featured-news","12":"tag-featurednews","13":"tag-fi","14":"tag-finland","15":"tag-finnair","16":"tag-finnish","17":"tag-headlines","18":"tag-latest-news","19":"tag-latestnews","20":"tag-lentokoneet","21":"tag-lentoliikenne","22":"tag-liikenne","23":"tag-main-news","24":"tag-mainnews","25":"tag-news","26":"tag-otsikot","27":"tag-paauutiset","28":"tag-suomi","29":"tag-top-stories","30":"tag-topstories","31":"tag-ulkomaat","32":"tag-uutiset"},"share_on_mastodon":{"url":"https:\/\/pubeurope.com\/@fi\/115628727624489612","error":""},"_links":{"self":[{"href":"https:\/\/www.europesays.com\/fi\/wp-json\/wp\/v2\/posts\/102586","targetHints":{"allow":["GET"]}}],"collection":[{"href":"https:\/\/www.europesays.com\/fi\/wp-json\/wp\/v2\/posts"}],"about":[{"href":"https:\/\/www.europesays.com\/fi\/wp-json\/wp\/v2\/types\/post"}],"author":[{"embeddable":true,"href":"https:\/\/www.europesays.com\/fi\/wp-json\/wp\/v2\/users\/2"}],"replies":[{"embeddable":true,"href":"https:\/\/www.europesays.com\/fi\/wp-json\/wp\/v2\/comments?post=102586"}],"version-history":[{"count":0,"href":"https:\/\/www.europesays.com\/fi\/wp-json\/wp\/v2\/posts\/102586\/revisions"}],"wp:featuredmedia":[{"embeddable":true,"href":"https:\/\/www.europesays.com\/fi\/wp-json\/wp\/v2\/media\/102587"}],"wp:attachment":[{"href":"https:\/\/www.europesays.com\/fi\/wp-json\/wp\/v2\/media?parent=102586"}],"wp:term":[{"taxonomy":"category","embeddable":true,"href":"https:\/\/www.europesays.com\/fi\/wp-json\/wp\/v2\/categories?post=102586"},{"taxonomy":"post_tag","embeddable":true,"href":"https:\/\/www.europesays.com\/fi\/wp-json\/wp\/v2\/tags?post=102586"}],"curies":[{"name":"wp","href":"https:\/\/api.w.org\/{rel}","templated":true}]}}