{"id":102588,"date":"2025-11-28T18:36:08","date_gmt":"2025-11-28T18:36:08","guid":{"rendered":"https:\/\/www.europesays.com\/fi\/102588\/"},"modified":"2025-11-28T18:36:08","modified_gmt":"2025-11-28T18:36:08","slug":"kim-kardashianin-asuste-sytytti-raivon","status":"publish","type":"post","link":"https:\/\/www.europesays.com\/fi\/102588\/","title":{"rendered":"Kim Kardashianin asuste sytytti raivon"},"content":{"rendered":"<p>Kardashianin laukku on saanut somen kuumenemaan.<\/p>\n<p class=\"article-body mb-nof-24 px-nof-16\">Yritt\u00e4j\u00e4 ja seurapiirinainen <a class=\"article-personlink\" href=\"https:\/\/www.is.fi\/haku\/?query=Kim%20Kardashian\" rel=\"nofollow noopener\" target=\"_blank\">Kim Kardashian<\/a>, 45, on j\u00e4rkytt\u00e4nyt kansaa asusteellaan.<\/p>\n<p class=\"article-body mb-nof-24 px-nof-16\">Sosiaalisessa mediassa on levinnyt kuvia ja videoita, joissa Kardashian poseeraa luksuslaukun kanssa. Kyseinen harmaa Birkin-laukku n\u00e4ytt\u00e4\u00e4 olevan nahasta tehty.<\/p>\n<p class=\"article-body mb-nof-24 px-nof-16\">Kuohuttava seikka on se, ett\u00e4 v\u00e4itteiden mukaan laukku on tehty norsun nahasta. Norsut ovat uhanalaisia ja siksi <a class=\"article-genericlink\" href=\"https:\/\/wwf.fi\/elainlajit\/norsut\/\" rel=\"nofollow noopener\" target=\"_blank\">rauhoitettuja<\/a>.<\/p>\n<p class=\"article-body mb-nof-24 px-nof-16\">Kardashian muun muassa poseerasi laukun kanssa \u00e4skett\u00e4in julkaistun televisio-ohjelmansa All&#8217;s Fairin mainosvideossa.<\/p>\n<p class=\"article-body mb-nof-24 px-nof-16\">Monet somekirjoittajat ovat kauhuissaan siit\u00e4, ett\u00e4 Kardashian on ilmeisesti esiintynyt norsunnahkalaukun kanssa. T\u00e4t\u00e4 pidet\u00e4\u00e4n hyvin ep\u00e4eettisen\u00e4 monin tavoin.<\/p>\n<p class=\"article-body mb-nof-24 px-nof-16\">Er\u00e4s arvostelija on n\u00e4yttelij\u00e4t\u00e4hti <a class=\"article-personlink\" href=\"https:\/\/www.is.fi\/haku\/?query=Alec%20Baldwinin\" rel=\"nofollow noopener\" target=\"_blank\">Alec Baldwinin<\/a> mallityt\u00e4r <a class=\"article-personlink\" href=\"https:\/\/www.is.fi\/haku\/?query=Ireland%20Baldwin\" rel=\"nofollow noopener\" target=\"_blank\">Ireland Baldwin<\/a>. Asiasta uutisoivat useat mediat, kuten <a class=\"article-genericlink\" href=\"https:\/\/www.dailymail.co.uk\/lifestyle\/fashion\/article-15321635\/kim-kardashian-ireland-baldwin-elephant-birkin.html\" rel=\"nofollow noopener\" target=\"_blank\">Daily Mail<\/a>.<\/p>\n<p class=\"article-body mb-nof-24 px-nof-16\">\u2013 T\u00e4m\u00e4 on niin kuvottavaa ja h\u00e4pe\u00e4llist\u00e4. En ymm\u00e4rr\u00e4, miten n\u00e4it\u00e4 ihmisi\u00e4 tuetaan t\u00e4ll\u00e4 tavalla, Baldwin arvosteli Kardashianin laukkuvalintaa Instagramissa.<\/p>\n<p class=\"article-body mb-nof-24 px-nof-16\">Muutkin yhtyv\u00e4t samaan kauhisteluun.<\/p>\n<p class=\"article-body mb-nof-24 px-nof-16\">\u2013 T\u00e4m\u00e4 ei ole okei. Ei ole coolia, ja tuon kutsuminen muodiksi on liioittelua. Se on h\u00e4iritsev\u00e4\u00e4 ja rehellisesti sanottuna noloa, er\u00e4s kommentoi Instagramissa.<\/p>\n<p class=\"article-body mb-nof-24 px-nof-16\">\u2013 Etk\u00f6 h\u00e4pe\u00e4 yht\u00e4\u00e4n? yksi osoittaa kysymyksens\u00e4 Kardashianille.<\/p>\n<p class=\"article-body mb-nof-24 px-nof-16\">\u2013 Hyi olkoon, kamalaa. Elefantit ovat kuin henkioppaita. Niit\u00e4 tulisi kohdella kunnioittaen, seuraava ilmaisee mielipiteens\u00e4.<\/p>\n<p class=\"article-body mb-nof-24 px-nof-16\">\u2013 T\u00e4ss\u00e4 kohtaa ved\u00e4n rajan, muuan kirjoittaa.<\/p>\n<p class=\"article-body mb-nof-24 px-nof-16\">Siit\u00e4 ei ole t\u00e4ytt\u00e4 varmuutta, onko Kardashianin k\u00e4ytt\u00e4m\u00e4 laukku norsunnahkaa.<\/p>\n<p class=\"article-body mb-nof-24 px-nof-16\">Luksustuotteisiin erikoistunut sivusto Randolph Goods jakoi <a class=\"article-genericlink\" href=\"https:\/\/www.instagram.com\/reel\/DRSKOibjlOT\/\" rel=\"nofollow noopener\" target=\"_blank\">Instagramiin<\/a> kuvan Kardashianista laukun kanssa, ja p\u00e4ivityksen yhteydess\u00e4 kerrottiin, ett\u00e4 Kardashianin harmaaseen, Herm\u00e9s-merkin Birkin-laukkuun liittyy ik\u00e4v\u00e4 taustatarina.<\/p>\n<p class=\"article-body mb-nof-24 px-nof-16\">\u2013 Kyll\u00e4, se on elefantinnahkaa, p\u00e4ivitys alkaa.<\/p>\n<p class=\"article-body mb-nof-24 px-nof-16\">\u2013 Herm\u00e8s kokeili lyhyesti norsunnahkaa vuosikymmeni\u00e4 sitten tuottaen hyvin rajoitetun m\u00e4\u00e4r\u00e4n laukkuja. Niit\u00e4 n\u00e4hd\u00e4\u00e4n nyky\u00e4\u00e4n harvoin, eiv\u00e4tk\u00e4 ne kuulu Herm\u00e8sin mallistoihin.<\/p>\n<p class=\"article-body mb-nof-24 px-nof-16\">\u2013 Laukkujen materiaalin ja alkuper\u00e4n huomioon ottaen t\u00e4m\u00e4 on edelleen eritt\u00e4in kiistanalainen luku Herm\u00e8sin historiassa, muotisivusto kirjoittaa p\u00e4ivityksess\u00e4\u00e4n.<\/p>\n<p class=\"article-body mb-nof-24 px-nof-16\">My\u00f6s el\u00e4inoikeusj\u00e4rjest\u00f6 <a class=\"article-genericlink\" href=\"https:\/\/www.peta.org\/news\/hermes-handbags-crocodile-hunter-killed\/\" rel=\"nofollow noopener\" target=\"_blank\">Peta<\/a> kertoo, ett\u00e4 Herm\u00e9s on k\u00e4ytt\u00e4nyt mallistoissaan villiel\u00e4inten nahkoja. Merkki on tehnyt laukkuja muun muassa alligaattoreista.<\/p>\n<p><script async src=\"\/\/www.instagram.com\/embed.js\"><\/script><\/p>\n","protected":false},"excerpt":{"rendered":"Kardashianin laukku on saanut somen kuumenemaan. Yritt\u00e4j\u00e4 ja seurapiirinainen Kim Kardashian, 45, on j\u00e4rkytt\u00e4nyt kansaa asusteellaan. Sosiaalisessa mediassa&hellip;\n","protected":false},"author":2,"featured_media":102589,"comment_status":"","ping_status":"","sticky":false,"template":"","format":"standard","meta":{"footnotes":""},"categories":[136],"tags":[407,137,33,31,30,34,408,32,109],"class_list":{"0":"post-102588","1":"post","2":"type-post","3":"status-publish","4":"format-standard","5":"has-post-thumbnail","7":"category-julkkikset","8":"tag-celebrities","9":"tag-entertainment","10":"tag-fi","11":"tag-finland","12":"tag-finnish","13":"tag-ilta-sanomat","14":"tag-julkkikset","15":"tag-suomi","16":"tag-viihde"},"share_on_mastodon":{"url":"https:\/\/pubeurope.com\/@fi\/115628774722143059","error":""},"_links":{"self":[{"href":"https:\/\/www.europesays.com\/fi\/wp-json\/wp\/v2\/posts\/102588","targetHints":{"allow":["GET"]}}],"collection":[{"href":"https:\/\/www.europesays.com\/fi\/wp-json\/wp\/v2\/posts"}],"about":[{"href":"https:\/\/www.europesays.com\/fi\/wp-json\/wp\/v2\/types\/post"}],"author":[{"embeddable":true,"href":"https:\/\/www.europesays.com\/fi\/wp-json\/wp\/v2\/users\/2"}],"replies":[{"embeddable":true,"href":"https:\/\/www.europesays.com\/fi\/wp-json\/wp\/v2\/comments?post=102588"}],"version-history":[{"count":0,"href":"https:\/\/www.europesays.com\/fi\/wp-json\/wp\/v2\/posts\/102588\/revisions"}],"wp:featuredmedia":[{"embeddable":true,"href":"https:\/\/www.europesays.com\/fi\/wp-json\/wp\/v2\/media\/102589"}],"wp:attachment":[{"href":"https:\/\/www.europesays.com\/fi\/wp-json\/wp\/v2\/media?parent=102588"}],"wp:term":[{"taxonomy":"category","embeddable":true,"href":"https:\/\/www.europesays.com\/fi\/wp-json\/wp\/v2\/categories?post=102588"},{"taxonomy":"post_tag","embeddable":true,"href":"https:\/\/www.europesays.com\/fi\/wp-json\/wp\/v2\/tags?post=102588"}],"curies":[{"name":"wp","href":"https:\/\/api.w.org\/{rel}","templated":true}]}}