{"id":102590,"date":"2025-11-28T18:40:08","date_gmt":"2025-11-28T18:40:08","guid":{"rendered":"https:\/\/www.europesays.com\/fi\/102590\/"},"modified":"2025-11-28T18:40:08","modified_gmt":"2025-11-28T18:40:08","slug":"lappeenrantalainen-anniina-nikkinen-30-on-karaoken-suomen-mestari-naita-biiseja-han-ei-soisi-kenenkaan-tulkitsevan-paikalliset","status":"publish","type":"post","link":"https:\/\/www.europesays.com\/fi\/102590\/","title":{"rendered":"Lappeenrantalainen Anniina Nikkinen, 30, on karaoken Suomen mestari\u2009\u2013\u2009N\u00e4it\u00e4 biisej\u00e4 h\u00e4n ei soisi kenenk\u00e4\u00e4n tulkitsevan | Paikalliset"},"content":{"rendered":"<p>Anniina Nikkinen neuvoo amat\u00f6\u00f6rej\u00e4 ottamaan rennosti karaokessa. Virheist\u00e4 selvi\u00e4\u00e4 vaikka n\u00e4ytt\u00e4vill\u00e4 tanssiliikkeill\u00e4.<\/p>\n<p>Siivoojat lakaisevat maanantaina keskip\u00e4iv\u00e4ll\u00e4 karaokebaari Walliksen lattioilta viikonlopun j\u00e4lki\u00e4 pois, mutta lavalla s\u00e4ken\u00f6i kuin bileilta ei olisi koskaan p\u00e4\u00e4ttynytk\u00e4\u00e4n.<\/p>\n<p>Mikin varressa on lappeenrantalainen <strong>Anniina Nikkinen<\/strong>, 30, ja karaokelaitteissa py\u00f6rii <strong>Tina Turnerin<\/strong> ja <strong>Eros Ramazzottin<\/strong> \u00e4\u00e4nelliseen revittelyyn houkutteleva Cose della vita -biisi.<\/p>\n<p>Se on yksi Nikkisen bravuureista ja my\u00f6s syy, miksi h\u00e4n nyt esittelee pyynn\u00f6st\u00e4 laulutaitojaan. Nikkinen nimitt\u00e4in viimeisteli juuri t\u00e4ll\u00e4 biisill\u00e4 karaoken Suomen mestaruuden pari viikkoa sitten Vaasassa.<\/p>\n<p>Voittaja on edelleen hiukan ymm\u00e4ll\u00e4\u00e4n saavutuksestaan.<\/p>\n","protected":false},"excerpt":{"rendered":"Anniina Nikkinen neuvoo amat\u00f6\u00f6rej\u00e4 ottamaan rennosti karaokessa. Virheist\u00e4 selvi\u00e4\u00e4 vaikka n\u00e4ytt\u00e4vill\u00e4 tanssiliikkeill\u00e4. Siivoojat lakaisevat maanantaina keskip\u00e4iv\u00e4ll\u00e4 karaokebaari Walliksen&hellip;\n","protected":false},"author":2,"featured_media":102591,"comment_status":"","ping_status":"","sticky":false,"template":"","format":"standard","meta":{"footnotes":""},"categories":[132],"tags":[137,6034,33,31,30,1446,525,195,47,141,742,32,484,109],"class_list":{"0":"post-102590","1":"post","2":"type-post","3":"status-publish","4":"format-standard","5":"has-post-thumbnail","7":"category-musiikki","8":"tag-entertainment","9":"tag-es-lappeenranta","10":"tag-fi","11":"tag-finland","12":"tag-finnish","13":"tag-lappeenranta","14":"tag-laulaminen-ja-laulajat","15":"tag-music","16":"tag-musiikki","17":"tag-muusikot-bandit","18":"tag-suomalainen-musiikki","19":"tag-suomi","20":"tag-taiteellinen-ilmaisu-ja-mediat","21":"tag-viihde"},"share_on_mastodon":{"url":"https:\/\/pubeurope.com\/@fi\/115628790456761819","error":""},"_links":{"self":[{"href":"https:\/\/www.europesays.com\/fi\/wp-json\/wp\/v2\/posts\/102590","targetHints":{"allow":["GET"]}}],"collection":[{"href":"https:\/\/www.europesays.com\/fi\/wp-json\/wp\/v2\/posts"}],"about":[{"href":"https:\/\/www.europesays.com\/fi\/wp-json\/wp\/v2\/types\/post"}],"author":[{"embeddable":true,"href":"https:\/\/www.europesays.com\/fi\/wp-json\/wp\/v2\/users\/2"}],"replies":[{"embeddable":true,"href":"https:\/\/www.europesays.com\/fi\/wp-json\/wp\/v2\/comments?post=102590"}],"version-history":[{"count":0,"href":"https:\/\/www.europesays.com\/fi\/wp-json\/wp\/v2\/posts\/102590\/revisions"}],"wp:featuredmedia":[{"embeddable":true,"href":"https:\/\/www.europesays.com\/fi\/wp-json\/wp\/v2\/media\/102591"}],"wp:attachment":[{"href":"https:\/\/www.europesays.com\/fi\/wp-json\/wp\/v2\/media?parent=102590"}],"wp:term":[{"taxonomy":"category","embeddable":true,"href":"https:\/\/www.europesays.com\/fi\/wp-json\/wp\/v2\/categories?post=102590"},{"taxonomy":"post_tag","embeddable":true,"href":"https:\/\/www.europesays.com\/fi\/wp-json\/wp\/v2\/tags?post=102590"}],"curies":[{"name":"wp","href":"https:\/\/api.w.org\/{rel}","templated":true}]}}