{"id":102592,"date":"2025-11-28T18:44:11","date_gmt":"2025-11-28T18:44:11","guid":{"rendered":"https:\/\/www.europesays.com\/fi\/102592\/"},"modified":"2025-11-28T18:44:11","modified_gmt":"2025-11-28T18:44:11","slug":"yrittaja-anu-puumalaista-riesaa-ikava-terveysmurhe","status":"publish","type":"post","link":"https:\/\/www.europesays.com\/fi\/102592\/","title":{"rendered":"Yritt\u00e4j\u00e4 Anu Puumalaista riesaa ik\u00e4v\u00e4 terveysmurhe"},"content":{"rendered":"<p>\n            20250918 HELSINKI. RYMY-EETU. Anu Puumalainen. KUVA: ATTE KAJOVA<br \/>\n            ATTE KAJOVA\n        <\/p>\n<p class=\"subtitle \">Anulla on ollut jo pidemp\u00e4\u00e4n ik\u00e4v\u00e4 vaiva, h\u00e4n paljastaa.<\/p>\n<p class=\"article-content article-content-width !bg-background\">Suomen Big Brotherista tutuksi tulleella BB-Anulla, eli , on riesanaan ik\u00e4v\u00e4 terveysmurhe. Anu kertoo asiasta t\u00e4n\u00e4\u00e4n (28.11.) julkaisemassaan <a href=\"https:\/\/www.instagram.com\/anupuuma\/\" aria-label=\"Anu Puumalaisen Instagram\" target=\"_blank\" style=\"font-size:1.125rem\" rel=\"nofollow noopener\">Instagram<\/a>-julkaisussa.<\/p>\n<p class=\"article-content article-content-width !bg-background\">Monialaisena yritt\u00e4j\u00e4n\u00e4 ty\u00f6skentelev\u00e4 Anu kertoo terveysmurheestaan sporttisella kuntoilukuvalla kuvitetun julkaisun kuvatekstiss\u00e4. <\/p>\n<p class=\"article-content article-content-width !bg-background\">Kyseess\u00e4 on monille tuttu vaiva.\u00a0<\/p>\n<p class=\"article-content article-content-width !bg-background\"> \u2013 Vuosi selk\u00e4haasteita takana. Pystyasennossa ja liikkeess\u00e4 voin el\u00e4\u00e4 melkein normaalisti \u2013 rakastan tanssia, rytmi\u00e4 ja yhdess\u00e4 tekemist\u00e4. <\/p>\n<p>        <a itemprop=\"url\" href=\"https:\/\/www.seiska.fi\/kotimaa\/kohupari-helmeri-pirinen-ja-anu-puumalainen-yllatyspaljastus\/1971650\" rel=\"nofollow noopener\" target=\"_blank\"><\/p>\n<p>\nHelmeri ja Anu:\n<\/p>\n<p class=\"section-date\">\n        <strong class=\"article-section\" data-section=\"kotimaa\"><br \/>\n            kotimaa<br \/>\n        <\/strong><br \/>\n        26.10. 11:00\n    <\/p>\n<p>Kohupari Helmeri Pirinen ja Anu Puumalainen: Yll\u00e4tyspaljastus!\n    <\/p>\n<p itemprop=\"description\" class=\"subtitle \">\n    Tiiviisti yht\u00e4 pit\u00e4v\u00e4 kaksikko ei voinut peitell\u00e4 innostustaan.\n<\/p>\n<p>        <\/a><\/p>\n<p class=\"article-content article-content-width !bg-background\">Vaikka vaiva on l\u00e4hes poissa pystyss\u00e4 liikkuessa, se palaa aina makuuasennossa, Anu kertoo.<\/p>\n<p class=\"article-content article-content-width !bg-background\"> \u2013 \u00d6isin jokainen k\u00e4\u00e4ntyminen her\u00e4tt\u00e4\u00e4 mut, ja aamulla yl\u00f6s nouseminen on pahinta. <\/p>\n<p class=\"article-content article-content-width !bg-background\">Mystisen ongelman juurisyy ei ole selvinnyt. Kipu helpottaa ja pahenee vuoronper\u00e4\u00e4n. Selv\u00e4\u00e4 ei ole sek\u00e4\u00e4n, mik\u00e4 pahentaa tai toisaalta helpottaa vaivaa.<\/p>\n<p class=\"article-content article-content-width !bg-background\">Niinp\u00e4 h\u00e4n pyrkii liikkumaan mahdollisimman monipuolisesti.<\/p>\n<p>&#8221;Kipu palaa aina takaisin&#8221;<\/p>\n<p class=\"article-content article-content-width !bg-background\">Sel\u00e4n mystisen vaivan selvitt\u00e4miseksi on otettu askeleita: se on muun muassa kuvattu, Anu kertoo.<\/p>\n<p>                <img decoding=\"async\" src=\"https:\/\/www.europesays.com\/fi\/wp-content\/uploads\/2025\/11\/1971714.webp\" width=\"576\" height=\"274\" title=\"Helmeri Pirinen (vas.) ja Anu Puumalainen tapasivat aikoinaan BB-talossa. Vaikka suhteen virallinen tila on nyky\u00e4\u00e4n ep\u00e4selv\u00e4, pari bongataan yhdess\u00e4 tuon tuostakin.\" alt=\"Helmeri Pirinen pit\u00e4\u00e4 Anu Puumalaista kainalossaan kaksikon poseeratessa kuvaussein\u00e4n edess\u00e4.\" loading=\"lazy\" \/>            <\/p>\n<p>\n            Helmeri Pirinen (vas.) ja Anu Puumalainen tapasivat aikoinaan BB-talossa. Vaikka suhteen virallinen tila on nyky\u00e4\u00e4n ep\u00e4selv\u00e4, pari bongataan yhdess\u00e4 tuon tuostakin.<br \/>\n            Timo Korhonen\n        <\/p>\n<p class=\"article-content article-content-width !bg-background\"> \u2013 Olen k\u00e4ynyt hieronnassa, fyssarilla, osteopaatilla ja kehonkorjaajalla. Osasta on ollut apua, mutta kiputila palaa aina takaisin. <\/p>\n<p>        <a itemprop=\"url\" href=\"https:\/\/www.seiska.fi\/kotimaa\/anu-puumalainen-avautuu-seiskalle-suhteestaan-helmeri-piriseen\/1872400\" rel=\"nofollow noopener\" target=\"_blank\"><\/p>\n<p>\nAnu Puumalainen avoimena Seiskalle\n<\/p>\n<p class=\"section-date\">\n        <strong class=\"article-section\" data-section=\"kotimaa\"><br \/>\n            kotimaa<br \/>\n        <\/strong><br \/>\n        21.7. 19:00\n    <\/p>\n<p>Anu Puumalainen avautuu Seiskalle suhteestaan Helmeri Piriseen\n    <\/p>\n<p itemprop=\"description\" class=\"subtitle \">\n    BB-Anun el\u00e4m\u00e4ss\u00e4 on rientoja moneen suuntaan, mutta unelmillekin on tilaa.\n<\/p>\n<p>        <\/a><\/p>\n<p class=\"article-content article-content-width !bg-background\">Kivusta huolimatta Anu ei j\u00e4\u00e4 lep\u00e4\u00e4m\u00e4\u00e4n laakereilleen. Aktiivisena yritt\u00e4j\u00e4n\u00e4 tunnettu BB-t\u00e4hti kertoo kaikesta huolimatta pysyv\u00e4ns\u00e4 liikkeess\u00e4 ja treenaavansa\u00a0\u2013 mutta kehoaan kuunnellen.<\/p>\n<p>Kommenteissa ehdotuksia avuksi<\/p>\n<p class=\"article-content article-content-width !bg-background\">Kirjoituksensa lopuksi Anu kysyy neuvoja seuraajiltaan.<\/p>\n<p class=\"article-content article-content-width !bg-background\">Julkaisun kommenttikent\u00e4ss\u00e4 h\u00e4nen seuraajansa vaikuttavat yksimielisilt\u00e4 siit\u00e4, mit\u00e4 h\u00e4nen kannattaisi seuraavaksi kokeilla: kiropraktikkoa.<\/p>\n<p>        <a itemprop=\"url\" href=\"https:\/\/www.seiska.fi\/kotimaa\/anu-puumalainen-jattiyllatys\/1652633\" rel=\"nofollow noopener\" target=\"_blank\"><\/p>\n<p>\nAnu Puumalainen\n<\/p>\n<p class=\"section-date\">\n        <strong class=\"article-section\" data-section=\"kotimaa\"><br \/>\n            kotimaa<br \/>\n        <\/strong><br \/>\n        23.3. 15:54\n    <\/p>\n<p>Anu Puumalainen: J\u00e4ttiyll\u00e4tys!\n    <\/p>\n<p itemprop=\"description\" class=\"subtitle \">\n    BB:st\u00e4 julkisuuteen tullut Anu haluaa tehd\u00e4 tiett\u00e4v\u00e4ksi, ett\u00e4 OnlyFans ja politiikka voivat kulkea k\u00e4si k\u00e4dess\u00e4. J\u00e4\u00e4 siis n\u00e4ht\u00e4v\u00e4ksi, aikooko Anu puhua jatkossa OnlyFans-tilill\u00e4\u00e4n kuntauudistuksista sek\u00e4 kest\u00e4v\u00e4st\u00e4 kaupunkisuunnittelusta.\n<\/p>\n<p>        <\/a><\/p>\n<p class=\"article-content article-content-width !bg-background\"> \u2013\u00a0Muutamia kertoja piti k\u00e4yd\u00e4 ett\u00e4 kipu ei tullut takaisin, er\u00e4s kertoo kokemuksestaan.<\/p>\n<p><script async src=\"\/\/www.instagram.com\/embed.js\"><\/script><\/p>\n","protected":false},"excerpt":{"rendered":"20250918 HELSINKI. RYMY-EETU. Anu Puumalainen. KUVA: ATTE KAJOVA ATTE KAJOVA Anulla on ollut jo pidemp\u00e4\u00e4n ik\u00e4v\u00e4 vaiva, h\u00e4n&hellip;\n","protected":false},"author":2,"featured_media":102593,"comment_status":"","ping_status":"","sticky":false,"template":"","format":"standard","meta":{"footnotes":""},"categories":[130],"tags":[11336,14163,137,33,31,30,8532,32,167,19555,109],"class_list":{"0":"post-102592","1":"post","2":"type-post","3":"status-publish","4":"format-standard","5":"has-post-thumbnail","7":"category-viihde","8":"tag-anu-puumalainen","9":"tag-big-brother-suomi","10":"tag-entertainment","11":"tag-fi","12":"tag-finland","13":"tag-finnish","14":"tag-selkakipu","15":"tag-suomi","16":"tag-terveys","17":"tag-terveysmurhe","18":"tag-viihde"},"share_on_mastodon":{"url":"https:\/\/pubeurope.com\/@fi\/115628806370603094","error":""},"_links":{"self":[{"href":"https:\/\/www.europesays.com\/fi\/wp-json\/wp\/v2\/posts\/102592","targetHints":{"allow":["GET"]}}],"collection":[{"href":"https:\/\/www.europesays.com\/fi\/wp-json\/wp\/v2\/posts"}],"about":[{"href":"https:\/\/www.europesays.com\/fi\/wp-json\/wp\/v2\/types\/post"}],"author":[{"embeddable":true,"href":"https:\/\/www.europesays.com\/fi\/wp-json\/wp\/v2\/users\/2"}],"replies":[{"embeddable":true,"href":"https:\/\/www.europesays.com\/fi\/wp-json\/wp\/v2\/comments?post=102592"}],"version-history":[{"count":0,"href":"https:\/\/www.europesays.com\/fi\/wp-json\/wp\/v2\/posts\/102592\/revisions"}],"wp:featuredmedia":[{"embeddable":true,"href":"https:\/\/www.europesays.com\/fi\/wp-json\/wp\/v2\/media\/102593"}],"wp:attachment":[{"href":"https:\/\/www.europesays.com\/fi\/wp-json\/wp\/v2\/media?parent=102592"}],"wp:term":[{"taxonomy":"category","embeddable":true,"href":"https:\/\/www.europesays.com\/fi\/wp-json\/wp\/v2\/categories?post=102592"},{"taxonomy":"post_tag","embeddable":true,"href":"https:\/\/www.europesays.com\/fi\/wp-json\/wp\/v2\/tags?post=102592"}],"curies":[{"name":"wp","href":"https:\/\/api.w.org\/{rel}","templated":true}]}}