{"id":102596,"date":"2025-11-28T18:48:10","date_gmt":"2025-11-28T18:48:10","guid":{"rendered":"https:\/\/www.europesays.com\/fi\/102596\/"},"modified":"2025-11-28T18:48:10","modified_gmt":"2025-11-28T18:48:10","slug":"telegraph-yhdysvallat-aikeissa-tunnustaa-venajan-hallitsevan-miehittamiaan-alueita-ukrainassa","status":"publish","type":"post","link":"https:\/\/www.europesays.com\/fi\/102596\/","title":{"rendered":"Telegraph: Yhdysvallat aikeissa tunnustaa Ven\u00e4j\u00e4n hallitsevan miehitt\u00e4mi\u00e4\u00e4n alueita Ukrainassa"},"content":{"rendered":"<p>    <img decoding=\"async\" class=\"responsive-image article__image-image lozad\"   src=\"https:\/\/www.europesays.com\/fi\/wp-content\/uploads\/2025\/11\/__YWYXMqPnNril4_n-SmH6VuUjipl_53hn7JXP2BVbqRf0gMbklSOFXgY5Xvd0mvZ_jV9woujULRaaKUxMUL9OJqoEgp4tqUzp3c.jpeg\" alt=\"Vladimir Putin ja Donald Trump tapasivat Alaskassa elokuussa.\"\/><\/p>\n<p>\n                Vladimir Putin ja Donald Trump tapasivat Alaskassa elokuussa.\n              <\/p>\n<p>\n                Kuva: Andrew Caballero-Reynolds \/ AFP \/ Lehtikuva\n              <\/p>\n<p class=\"article__paragraph\">\n      Brittilehti Telegraph <a href=\"https:\/\/www.telegraph.co.uk\/world-news\/2025\/11\/28\/trump-to-recognise-occupied-ukraine-part-of-russia\/\" rel=\"nofollow noopener\" target=\"_blank\">kertoi<\/a> perjantaina Yhdysvaltain olevan aikeissa tunnustaa Ven\u00e4j\u00e4n hallitsevan Krimin niemimaata ja muita miehitt\u00e4mi\u00e4\u00e4n alueita Ukrainassa saadakseen rauhansopimuksen aikaan.\n    <\/p>\n<p class=\"article__paragraph\">\n      Lehden tietojen mukaan Yhdysvaltain presidentti Donald Trump l\u00e4hett\u00e4\u00e4 erityisl\u00e4hettil\u00e4\u00e4ns\u00e4 Steve Witkoffin ja v\u00e4vyns\u00e4 Jared Kushnerin tekem\u00e4\u00e4n suoran tarjouksen Ven\u00e4j\u00e4n presidentille Vladimir Putinille.\n    <\/p>\n<p class=\"article__paragraph\">\n      Sek\u00e4 Ven\u00e4j\u00e4 ett\u00e4 Yhdysvallat ovat vahvistaneet, ett\u00e4 Witkoffin vierailee Ven\u00e4j\u00e4ll\u00e4 tulevalla viikolla ja ett\u00e4 vierailu liittyy rauhanneuvotteluihin.\n    <\/p>\n<p>      L\u00e4hteet: Tunnustaminen yh\u00e4 suunnitelmassa<\/p>\n<p class=\"article__paragraph\">\n      Yhdysvaltain alkuper\u00e4isess\u00e4 28 kohdan rauhansuunnitelmassa esitettiin, ett\u00e4 Ven\u00e4j\u00e4n miehitt\u00e4m\u00e4t Krimin niemimaa sek\u00e4 Luhanskin ja Donetskin alueet It\u00e4-Ukrainassa tunnustetaan &#8221;k\u00e4yt\u00e4nn\u00f6ss\u00e4&#8221; eli de facto ven\u00e4l\u00e4isiksi.\n    <\/p>\n<p class=\"article__paragraph\">\n      Hersonissa ja Zaporizhzhjassa rintamalinjaa esitettiin j\u00e4\u00e4dytett\u00e4v\u00e4ksi nykyisille kohdilleen, mik\u00e4 tarkoittaisi Ven\u00e4j\u00e4n valtaamien alueiden tunnustamista k\u00e4yt\u00e4nn\u00f6ss\u00e4 Ven\u00e4j\u00e4lle kuuluviksi. Muista valtaamistaan alueista Ven\u00e4j\u00e4 olisi suunnitelman mukaan luopunut.\n    <\/p>\n<p class=\"article__paragraph\">\n      Euroopassa arvosteltiin, ett\u00e4 Yhdysvallat ja Ven\u00e4j\u00e4 yrittiv\u00e4t p\u00e4\u00e4tt\u00e4\u00e4 Ukrainan kohtalosta Euroopan yli. Euroopan johtajien mukaan suunnitelma my\u00f6t\u00e4ili liikaa Ven\u00e4j\u00e4n kantoja.\n    <\/p>\n<p class=\"article__paragraph\">\n      Viime viikonloppuna Genevess\u00e4 Ukraina ja Yhdysvallat ty\u00f6stiv\u00e4t muokkauksia rauhansuunnitelmaan, mutta uusimman typistetyn version sis\u00e4lt\u00f6\u00e4 ei ole julkistettu. Uusi 19-kohtaiseksi kerrottu suunnitelma olisi kuitenkin tiett\u00e4v\u00e4sti Ukrainalle aiempaa my\u00f6nteisempi.\n    <\/p>\n<p class=\"article__paragraph\">\n      Telegraph kertoi useisiin l\u00e4hteisiins\u00e4 viitaten, ett\u00e4 Ven\u00e4j\u00e4n miehitt\u00e4mien alueiden tunnustaminen de facto ven\u00e4l\u00e4isiksi olisi kuitenkin s\u00e4ilytetty muokatussa rauhansuunnitelmassa.\n    <\/p>\n<p class=\"article__paragraph\">\n      Putin sanoi torstaina Ven\u00e4j\u00e4n lopettavan taistelut, jos Ukraina vet\u00e4ytyy alueilta, jotka Ven\u00e4j\u00e4 on ilmoittanut liitt\u00e4neens\u00e4 itseens\u00e4. Muussa tapauksessa Ven\u00e4j\u00e4 valtaa alueet sotatoimin, Putin sanoi.\n    <\/p>\n","protected":false},"excerpt":{"rendered":"Vladimir Putin ja Donald Trump tapasivat Alaskassa elokuussa. Kuva: Andrew Caballero-Reynolds \/ AFP \/ Lehtikuva Brittilehti Telegraph kertoi&hellip;\n","protected":false},"author":2,"featured_media":102597,"comment_status":"","ping_status":"","sticky":false,"template":"","format":"standard","meta":{"footnotes":""},"categories":[14],"tags":[22,23,26,27,33,31,30,17,24,25,28,29,15,18,21,32,19,20,56,16,59,60,61],"class_list":{"0":"post-102596","1":"post","2":"type-post","3":"status-publish","4":"format-standard","5":"has-post-thumbnail","7":"category-ulkomaat","8":"tag-breaking-news","9":"tag-breakingnews","10":"tag-featured-news","11":"tag-featurednews","12":"tag-fi","13":"tag-finland","14":"tag-finnish","15":"tag-headlines","16":"tag-latest-news","17":"tag-latestnews","18":"tag-main-news","19":"tag-mainnews","20":"tag-news","21":"tag-otsikot","22":"tag-paauutiset","23":"tag-suomi","24":"tag-top-stories","25":"tag-topstories","26":"tag-ulkomaat","27":"tag-uutiset","28":"tag-world","29":"tag-world-news","30":"tag-worldnews"},"share_on_mastodon":{"url":"https:\/\/pubeurope.com\/@fi\/115628822285797858","error":""},"_links":{"self":[{"href":"https:\/\/www.europesays.com\/fi\/wp-json\/wp\/v2\/posts\/102596","targetHints":{"allow":["GET"]}}],"collection":[{"href":"https:\/\/www.europesays.com\/fi\/wp-json\/wp\/v2\/posts"}],"about":[{"href":"https:\/\/www.europesays.com\/fi\/wp-json\/wp\/v2\/types\/post"}],"author":[{"embeddable":true,"href":"https:\/\/www.europesays.com\/fi\/wp-json\/wp\/v2\/users\/2"}],"replies":[{"embeddable":true,"href":"https:\/\/www.europesays.com\/fi\/wp-json\/wp\/v2\/comments?post=102596"}],"version-history":[{"count":0,"href":"https:\/\/www.europesays.com\/fi\/wp-json\/wp\/v2\/posts\/102596\/revisions"}],"wp:featuredmedia":[{"embeddable":true,"href":"https:\/\/www.europesays.com\/fi\/wp-json\/wp\/v2\/media\/102597"}],"wp:attachment":[{"href":"https:\/\/www.europesays.com\/fi\/wp-json\/wp\/v2\/media?parent=102596"}],"wp:term":[{"taxonomy":"category","embeddable":true,"href":"https:\/\/www.europesays.com\/fi\/wp-json\/wp\/v2\/categories?post=102596"},{"taxonomy":"post_tag","embeddable":true,"href":"https:\/\/www.europesays.com\/fi\/wp-json\/wp\/v2\/tags?post=102596"}],"curies":[{"name":"wp","href":"https:\/\/api.w.org\/{rel}","templated":true}]}}