{"id":102598,"date":"2025-11-28T18:49:11","date_gmt":"2025-11-28T18:49:11","guid":{"rendered":"https:\/\/www.europesays.com\/fi\/102598\/"},"modified":"2025-11-28T18:49:11","modified_gmt":"2025-11-28T18:49:11","slug":"tuomaan-markkinat-kaynnissa-hittipuuron-kojulla-yllattava-naky","status":"publish","type":"post","link":"https:\/\/www.europesays.com\/fi\/102598\/","title":{"rendered":"Tuomaan markkinat k\u00e4ynniss\u00e4 \u2013 hittipuuron kojulla yll\u00e4tt\u00e4v\u00e4 n\u00e4ky"},"content":{"rendered":"<p>Tuomaan\u202fmarkkinat on avoinna p\u00e4ivitt\u00e4in 22. joulukuuta saakka.<\/p>\n<p class=\"article-body mb-nof-24 px-nof-16\">Perinteikk\u00e4\u00e4t Tuomaan markkinat avattiin perjantaina Helsingin Senaatintorilla. Avajaisilta veti puoleensa erityisesti turisteja, mutta ruuhkia perjantai-illan k\u00e4vij\u00e4t eiv\u00e4t viel\u00e4 ensimm\u00e4isen\u00e4 markkinap\u00e4iv\u00e4n\u00e4 aiheuttaneet.<\/p>\n<p class=\"article-body mb-nof-24 px-nof-16\">Tilanne oli toinen <a class=\"article-genericlink\" href=\"https:\/\/www.is.fi\/kotimaa\/art-2000011645290.html\" rel=\"nofollow noopener\" target=\"_blank\">viikko<\/a> sitten, kun Helsingin joulukauden avajaiset ruuhkauttivat pahoin kaupungin ydinkeskustan lauantaina iltap\u00e4iv\u00e4ll\u00e4. Arvioiden mukaan avajaiset ker\u00e4siv\u00e4t ydinkeskustaan pienelle alueelle jopa 40\u202f000\u201345\u202f000 ihmist\u00e4.<\/p>\n<p class=\"article-body mb-nof-24 px-nof-16\">Helsingin pormestari <a class=\"article-personlink\" href=\"https:\/\/www.is.fi\/haku\/?query=Daniel%20Sazonov\" rel=\"nofollow noopener\" target=\"_blank\">Daniel Sazonov<\/a> ja joulupukki toivottivat Tuomaan markkinoiden k\u00e4vij\u00e4t tervetulleeksi kuudelta illalla. Avajaisten esiintyjiin lukeutui my\u00f6s a cappella -yhtye Flok.<\/p>\n<p class=\"article-body mb-nof-24 px-nof-16\">Markkinoiden vastaavan tuottajan <a class=\"article-personlink\" href=\"https:\/\/www.is.fi\/haku\/?query=Saara%20Vanhalan\" rel=\"nofollow noopener\" target=\"_blank\">Saara Vanhalan<\/a> mukaan k\u00e4vij\u00f6it\u00e4 odotetaan toivottavasti ainakin saman verran kuin viime vuonna. Viime vuonna markkinoilla vieraili 600\u202f000 k\u00e4vij\u00e4\u00e4, joka oli j\u00e4rjest\u00e4jien mukaan enn\u00e4tys.<\/p>\n<p class=\"article-body mb-nof-24 px-nof-16\">Vanhalan tietojen mukaan Helsingiss\u00e4 on nyt 20 prosenttia enemm\u00e4n turisteja vuoden takaiseen verrattuna.<\/p>\n<p class=\"article-body mb-nof-24 px-nof-16\">\u2013 He ovat yksi t\u00e4rke\u00e4 ryhm\u00e4, mutta helsinkil\u00e4iset ovat ykk\u00f6sen\u00e4, my\u00f6s kotimaan matkailijat, h\u00e4n totesi.<\/p>\n<p class=\"article-body mb-nof-24 px-nof-16\">Helsingin <a class=\"article-genericlink\" href=\"https:\/\/www.sttinfo.fi\/tiedote\/71634090\/tuomaan-markkinat-kaynnistyy-perjantaina-senaatintorilla?publisherId=69817733&amp;lang=fi\" rel=\"nofollow noopener\" target=\"_blank\">tapahtumas\u00e4\u00e4ti\u00f6n<\/a> mukaan markkinoilta l\u00f6ytyy eri pientuottajien ja ravintolatoimijoiden kojuja. Yli sadasta myyj\u00e4st\u00e4 noin 20 on uusia toimijoita t\u00e4n\u00e4 vuonna.<\/p>\n<p class=\"article-body mb-nof-24 px-nof-16\">Tuomaan markkinat on avoinna p\u00e4ivitt\u00e4in 22. joulukuuta saakka.<\/p>\n<p><img decoding=\"async\" src=\"https:\/\/www.europesays.com\/fi\/wp-content\/uploads\/2025\/11\/1764355749_159_468.jpg\" alt=\"Tuomaan markkinoilta l\u00f6ytyy lukuisia eri kojuja.\" class=\"_Img_1rerz_1\" style=\"aspect-ratio:1.5\" loading=\"eager\"\/><\/p>\n<p class=\"article-picture-caption\">Tuomaan markkinoilta l\u00f6ytyy lukuisia eri kojuja. Kuva:\u00a0Janne Aaltonen<\/p>\n<p><img decoding=\"async\" src=\"https:\/\/www.europesays.com\/fi\/wp-content\/uploads\/2025\/11\/1764355749_962_468.jpg\" alt=\"Markkinoiden vastaavan tuottajan Saara Vanhalan tietojen mukaan Helsingiss\u00e4 on nyt merkitt\u00e4v\u00e4sti enemm\u00e4n turisteja kuin viime vuonna.\" class=\"_Img_1rerz_1\" style=\"aspect-ratio:1.5\" loading=\"eager\"\/><\/p>\n<p class=\"article-picture-caption\">Markkinoiden vastaavan tuottajan Saara Vanhalan tietojen mukaan Helsingiss\u00e4 on nyt merkitt\u00e4v\u00e4sti enemm\u00e4n turisteja kuin viime vuonna. Kuva:\u00a0Janne Aaltonen<\/p>\n<p class=\"article-body mb-nof-24 px-nof-16\">J\u00e4rjest\u00e4jien mukaan Tuomaan markkinoilla on ollut aina kattavat turvatoimet. T\u00e4n\u00e4 vuonna alueelle on laitettu hieman lis\u00e4\u00e4 huomaamatonta ajoestett\u00e4, Vanhala kertoo.<\/p>\n<p class=\"article-body mb-nof-24 px-nof-16\">Kojujen m\u00e4\u00e4r\u00e4 on sama kuin viime vuonnakin. Ravintolapihaa on kuitenkin merkitt\u00e4v\u00e4sti laajennettu.<\/p>\n<p class=\"article-body mb-nof-24 px-nof-16\">\u2013 Pohjakarttaa on pistetty uusiksi ja siirretty v\u00e4h\u00e4n m\u00f6kkien paikkoja. Nyt mahtuu v\u00e4ljemmin liikkumaan markkinoilla, Vanhala kertoi.<\/p>\n<p><img decoding=\"async\" src=\"https:\/\/www.europesays.com\/fi\/wp-content\/uploads\/2025\/11\/1764355750_465_468.jpg\" alt=\"Joulupukki saapui markkinoille.\" class=\"_Img_1rerz_1\" style=\"aspect-ratio:1.5\" loading=\"eager\"\/><\/p>\n<p class=\"article-picture-caption\">Joulupukki saapui markkinoille. Kuva:\u00a0Janne Aaltonen<\/p>\n<p class=\"article-body mb-nof-24 px-nof-16\">Aiempina vuosina valtavaan suosioon nousseen N4ku-ravintolan puurokojulle ei ollut viel\u00e4 alkuillan aikana ilmaantunut ruuhkaa. IS uutisoi jo <a class=\"article-genericlink\" href=\"https:\/\/www.is.fi\/kotimaa\/art-2000010055629.html\" rel=\"nofollow noopener\" target=\"_blank\">vuonna 2023<\/a> suositun puuroannoksen aiheuttamista valtavista jonoista markkinoilla. Valtava jono puurokojulla oli tuttu n\u00e4ky markkinoilla my\u00f6s vuosi sitten.<\/p>\n<p class=\"article-body mb-nof-24 px-nof-16\">Vaikka asiakasrynt\u00e4yst\u00e4 ei viel\u00e4 alkuillasta havaittu, puuronkeitt\u00e4j\u00e4 <a class=\"article-personlink\" href=\"https:\/\/www.is.fi\/haku\/?query=Nuutti%20Jaakkola\" rel=\"nofollow noopener\" target=\"_blank\">Nuutti Jaakkola<\/a> oli toiveikas. H\u00e4n uskoi, ett\u00e4 iltaa kohden k\u00e4vij\u00e4m\u00e4\u00e4r\u00e4 puurokojulla vilkastuu.<\/p>\n<p class=\"article-body mb-nof-24 px-nof-16\">\u2013 V\u00e4h\u00e4n alkukankeutta, Jaakkola totesi.<\/p>\n<p class=\"article-body mb-nof-24 px-nof-16\">Jaakkolan mukaan turistit tulevat enemm\u00e4nkin spontaanisti kojulle. P\u00e4\u00e4kaupunki\u00adseutulaiset puolestaan tiet\u00e4v\u00e4t valmiiksi, mit\u00e4 hakevat.<\/p>\n<p class=\"article-body mb-nof-24 px-nof-16\">Hittipuuronakin tunnetun N4ku-puuron lis\u00e4ksi kojulla tarjoillaan t\u00e4n\u00e4 vuonna uutuuspuuroa nimelt\u00e4 Mets\u00e4puuro Nielu. Uusi sesonkipuuro sis\u00e4lt\u00e4\u00e4 muun muassa mets\u00e4granolaa, kuusen makua sek\u00e4 \u201dpienen yll\u00e4tyksen elementin\u201d.<\/p>\n<p><img decoding=\"async\" src=\"https:\/\/www.europesays.com\/fi\/wp-content\/uploads\/2025\/11\/1764355751_859_468.jpg\" alt=\"Puuromestari Nuutti Jaakkola.\" class=\"_Img_1rerz_1\" style=\"aspect-ratio:1.5\" loading=\"eager\"\/><\/p>\n<p class=\"article-picture-caption\">Puuromestari Nuutti Jaakkola. Kuva:\u00a0Janne Aaltonen<\/p>\n","protected":false},"excerpt":{"rendered":"Tuomaan\u202fmarkkinat on avoinna p\u00e4ivitt\u00e4in 22. joulukuuta saakka. Perinteikk\u00e4\u00e4t Tuomaan markkinat avattiin perjantaina Helsingin Senaatintorilla. Avajaisilta veti puoleensa erityisesti&hellip;\n","protected":false},"author":2,"featured_media":102599,"comment_status":"","ping_status":"","sticky":false,"template":"","format":"standard","meta":{"footnotes":""},"categories":[12],"tags":[22,23,26,27,33,31,30,17,34,24,25,28,29,15,18,21,32,19,20,16],"class_list":{"0":"post-102598","1":"post","2":"type-post","3":"status-publish","4":"format-standard","5":"has-post-thumbnail","7":"category-suomi","8":"tag-breaking-news","9":"tag-breakingnews","10":"tag-featured-news","11":"tag-featurednews","12":"tag-fi","13":"tag-finland","14":"tag-finnish","15":"tag-headlines","16":"tag-ilta-sanomat","17":"tag-latest-news","18":"tag-latestnews","19":"tag-main-news","20":"tag-mainnews","21":"tag-news","22":"tag-otsikot","23":"tag-paauutiset","24":"tag-suomi","25":"tag-top-stories","26":"tag-topstories","27":"tag-uutiset"},"share_on_mastodon":{"url":"https:\/\/pubeurope.com\/@fi\/115628826204665282","error":""},"_links":{"self":[{"href":"https:\/\/www.europesays.com\/fi\/wp-json\/wp\/v2\/posts\/102598","targetHints":{"allow":["GET"]}}],"collection":[{"href":"https:\/\/www.europesays.com\/fi\/wp-json\/wp\/v2\/posts"}],"about":[{"href":"https:\/\/www.europesays.com\/fi\/wp-json\/wp\/v2\/types\/post"}],"author":[{"embeddable":true,"href":"https:\/\/www.europesays.com\/fi\/wp-json\/wp\/v2\/users\/2"}],"replies":[{"embeddable":true,"href":"https:\/\/www.europesays.com\/fi\/wp-json\/wp\/v2\/comments?post=102598"}],"version-history":[{"count":0,"href":"https:\/\/www.europesays.com\/fi\/wp-json\/wp\/v2\/posts\/102598\/revisions"}],"wp:featuredmedia":[{"embeddable":true,"href":"https:\/\/www.europesays.com\/fi\/wp-json\/wp\/v2\/media\/102599"}],"wp:attachment":[{"href":"https:\/\/www.europesays.com\/fi\/wp-json\/wp\/v2\/media?parent=102598"}],"wp:term":[{"taxonomy":"category","embeddable":true,"href":"https:\/\/www.europesays.com\/fi\/wp-json\/wp\/v2\/categories?post=102598"},{"taxonomy":"post_tag","embeddable":true,"href":"https:\/\/www.europesays.com\/fi\/wp-json\/wp\/v2\/tags?post=102598"}],"curies":[{"name":"wp","href":"https:\/\/api.w.org\/{rel}","templated":true}]}}