{"id":102600,"date":"2025-11-28T18:50:08","date_gmt":"2025-11-28T18:50:08","guid":{"rendered":"https:\/\/www.europesays.com\/fi\/102600\/"},"modified":"2025-11-28T18:50:08","modified_gmt":"2025-11-28T18:50:08","slug":"airbusilta-yllatysliike-tuhansia-koneita-ohjelmistopaivitykseen-nyt-kommentoi-finnair","status":"publish","type":"post","link":"https:\/\/www.europesays.com\/fi\/102600\/","title":{"rendered":"Airbusilta yll\u00e4tysliike, tuhansia koneita ohjelmistop\u00e4ivitykseen \u2013 nyt kommentoi Finnair"},"content":{"rendered":"<p>Valtava m\u00e4\u00e4r\u00e4 koneita joutuu p\u00e4ivitett\u00e4v\u00e4ksi.<\/p>\n<p class=\"article-body mb-nof-24 px-nof-16\">Lentokonevalmistaja Airbus kertoi perjantaina m\u00e4\u00e4r\u00e4\u00e4v\u00e4ns\u00e4 suuren osan A320-perheen matkustajakoneista v\u00e4litt\u00f6m\u00e4sti ohjelmistop\u00e4ivitykseen. Ilmoituksesta kertoo uutistoimisto Reuters.<\/p>\n<p class=\"article-body mb-nof-24 px-nof-16\">Reutersin l\u00e4hteiden mukaan p\u00e4ivitykseen joutuu yli puolet olemassa olevista koneista, mik\u00e4 tarkoittaa noin kuutta tuhatta konetta.<\/p>\n<p class=\"article-body mb-nof-24 px-nof-16\">Airbusin mukaan \u201dviimeaikaisen onnettomuuden\u201d yhteydess\u00e4 on selvinnyt, ett\u00e4 intensiivinen auringon s\u00e4teily voi korruptoida lennon kannalta kriittisten j\u00e4rjestelmien dataa A320-perheen koneissa.<\/p>\n<p class=\"article-body mb-nof-24 px-nof-16\">Reutersin l\u00e4hteiden mukaan onnettomuudessa kyse on Meksikon Cancunista Yhdysvaltojen Newarkiin 30. lokakuuta lent\u00e4neest\u00e4 lennosta. Koneen lentoj\u00e4rjestelm\u00e4\u00e4n tulleen h\u00e4iri\u00f6n takia kone menetti yll\u00e4tt\u00e4en korkeutta lyhyess\u00e4 ajassa, ja teki lopulta h\u00e4t\u00e4laskun Floridaan.<\/p>\n<p class=\"article-body mb-nof-24 px-nof-16\">Reutersin l\u00e4hteiden mukaan koneiden m\u00e4\u00e4r\u00e4\u00e4minen p\u00e4ivitykseen tarkoittaa suurimmalle osalle koneista lyhytt\u00e4 poistumista liikenteest\u00e4. Havaitun virheen korjaamiseksi n\u00e4iss\u00e4 koneissa pit\u00e4\u00e4 palata takaisin edelliseen ohjelmistoversioon.<\/p>\n<p class=\"article-body mb-nof-24 px-nof-16\">Joissain koneessa my\u00f6s fyysisi\u00e4 laitteita joudutaan l\u00e4hteiden mukaan todenn\u00e4k\u00f6isesti vaihtamaan.<\/p>\n<p class=\"article-body mb-nof-24 px-nof-16\">Reutersin mukaan Airbus pahoittelee tilanteen matkustajille ja asiakkailleen aiheuttamaa haittaa.<\/p>\n<p class=\"article-body mb-nof-24 px-nof-16\">A320-sarja on Airbusin myydyin matkustajakoneperhe. My\u00f6s suomalaisyhti\u00f6 Finnair operoi sarjan koneilla.<\/p>\n<p class=\"article-body mb-nof-24 px-nof-16\">Finnairin viestint\u00e4johtaja <a class=\"article-personlink\" href=\"https:\/\/www.is.fi\/haku\/?query=P%C3%A4ivyt%20Tallqvist\" rel=\"nofollow noopener\" target=\"_blank\">P\u00e4ivyt Tallqvist<\/a> kertoo, ett\u00e4 Finnair odottelee parhaillaan lentoturvallisuusviranomaisten tietoja ja ohjeistuksia.<\/p>\n<p class=\"article-body mb-nof-24 px-nof-16\">\u2013 Vasta sen j\u00e4lkeen pystymme arvioimaan, miten t\u00e4m\u00e4 tilanne mahdollisesti vaikuttaa meid\u00e4n operointiimme, Tallqvist sanoo.<\/p>\n<p class=\"article-body mb-nof-24 px-nof-16\">\u2013 T\u00e4ss\u00e4 kohtaa en viel\u00e4 pysty kommentoimaan, vaikuttaako, ja miten.<\/p>\n<p class=\"article-body nof-ui-body-medium mb-nof-24 px-nof-16\">Juttua p\u00e4ivitetty 28.11. kello 20.27. Finnairin kommenteilla.<\/p>\n","protected":false},"excerpt":{"rendered":"Valtava m\u00e4\u00e4r\u00e4 koneita joutuu p\u00e4ivitett\u00e4v\u00e4ksi. Lentokonevalmistaja Airbus kertoi perjantaina m\u00e4\u00e4r\u00e4\u00e4v\u00e4ns\u00e4 suuren osan A320-perheen matkustajakoneista v\u00e4litt\u00f6m\u00e4sti ohjelmistop\u00e4ivitykseen. Ilmoituksesta kertoo&hellip;\n","protected":false},"author":2,"featured_media":102601,"comment_status":"","ping_status":"","sticky":false,"template":"","format":"standard","meta":{"footnotes":""},"categories":[5],"tags":[22,23,26,27,33,31,30,17,34,24,25,28,29,15,18,21,32,19,20,16],"class_list":{"0":"post-102600","1":"post","2":"type-post","3":"status-publish","4":"format-standard","5":"has-post-thumbnail","7":"category-otsikot","8":"tag-breaking-news","9":"tag-breakingnews","10":"tag-featured-news","11":"tag-featurednews","12":"tag-fi","13":"tag-finland","14":"tag-finnish","15":"tag-headlines","16":"tag-ilta-sanomat","17":"tag-latest-news","18":"tag-latestnews","19":"tag-main-news","20":"tag-mainnews","21":"tag-news","22":"tag-otsikot","23":"tag-paauutiset","24":"tag-suomi","25":"tag-top-stories","26":"tag-topstories","27":"tag-uutiset"},"share_on_mastodon":{"url":"https:\/\/pubeurope.com\/@fi\/115628829763714459","error":""},"_links":{"self":[{"href":"https:\/\/www.europesays.com\/fi\/wp-json\/wp\/v2\/posts\/102600","targetHints":{"allow":["GET"]}}],"collection":[{"href":"https:\/\/www.europesays.com\/fi\/wp-json\/wp\/v2\/posts"}],"about":[{"href":"https:\/\/www.europesays.com\/fi\/wp-json\/wp\/v2\/types\/post"}],"author":[{"embeddable":true,"href":"https:\/\/www.europesays.com\/fi\/wp-json\/wp\/v2\/users\/2"}],"replies":[{"embeddable":true,"href":"https:\/\/www.europesays.com\/fi\/wp-json\/wp\/v2\/comments?post=102600"}],"version-history":[{"count":0,"href":"https:\/\/www.europesays.com\/fi\/wp-json\/wp\/v2\/posts\/102600\/revisions"}],"wp:featuredmedia":[{"embeddable":true,"href":"https:\/\/www.europesays.com\/fi\/wp-json\/wp\/v2\/media\/102601"}],"wp:attachment":[{"href":"https:\/\/www.europesays.com\/fi\/wp-json\/wp\/v2\/media?parent=102600"}],"wp:term":[{"taxonomy":"category","embeddable":true,"href":"https:\/\/www.europesays.com\/fi\/wp-json\/wp\/v2\/categories?post=102600"},{"taxonomy":"post_tag","embeddable":true,"href":"https:\/\/www.europesays.com\/fi\/wp-json\/wp\/v2\/tags?post=102600"}],"curies":[{"name":"wp","href":"https:\/\/api.w.org\/{rel}","templated":true}]}}