{"id":102612,"date":"2025-11-28T19:14:08","date_gmt":"2025-11-28T19:14:08","guid":{"rendered":"https:\/\/www.europesays.com\/fi\/102612\/"},"modified":"2025-11-28T19:14:08","modified_gmt":"2025-11-28T19:14:08","slug":"orban-tapasi-taas-putinin-ja-korosti-venajan-tarkeytta-energiantoimittajana","status":"publish","type":"post","link":"https:\/\/www.europesays.com\/fi\/102612\/","title":{"rendered":"Orb\u00e1n tapasi taas Putinin ja korosti Ven\u00e4j\u00e4n t\u00e4rkeytt\u00e4 energiantoimittajana"},"content":{"rendered":"<p>Unkari|Ven\u00e4j\u00e4n presidentti Vladimir Putin kiitteli tapaamisessa Unkarin p\u00e4\u00e4ministerin Viktor Orb\u00e1nin \u201dtasapainoista kantaa\u201d suhteessa Ukrainaan.<\/p>\n<p>Lue tiivistelm\u00e4<\/p>\n<p>Tiivistelm\u00e4 on teko\u00e4lyn tekem\u00e4 ja ihmisen tarkistama.<\/p>\n<p class=\"article-body mb-nof-24 px-nof-16 sndp-summary-bullet-point-font\">Unkarin p\u00e4\u00e4ministeri Viktor Orb\u00e1n tapasi Ven\u00e4j\u00e4n presidentin Vladimir Putinin Moskovassa ja sanoi Ven\u00e4j\u00e4n s\u00e4ilyv\u00e4n Unkarin keskeisen\u00e4 energiantoimittajana.<\/p>\n<p class=\"article-body mb-nof-24 px-nof-16 sndp-summary-bullet-point-font\">Putin kiitteli tapaamisessa Orb\u00e1nin tasapainoista kantaa Ukrainaan, kun taas muu Eurooppa on v\u00e4hent\u00e4nyt riippuvuuttaan ven\u00e4l\u00e4isest\u00e4 energiasta Ukrainan sodan vuoksi.<\/p>\n<p class=\"article-body mb-nof-24 px-nof-16 sndp-summary-bullet-point-font\">Marraskuun alussa Yhdysvaltain presidentti Donald Trump antoi Unkarille rajoittamattoman luvan poiketa Ven\u00e4j\u00e4lle asetetuista \u00f6ljy- ja kaasupakotteista.<\/p>\n<p class=\"article-body mb-nof-24 px-nof-16\">Ven\u00e4j\u00e4 tulee s\u00e4ilym\u00e4\u00e4n Unkarin keskeisen\u00e4 energiantoimittajana, sanoo Unkarin p\u00e4\u00e4ministeri <a class=\"article-personlink\" href=\"https:\/\/www.hs.fi\/haku\/?query=Viktor%20Orb%C3%A1n\" rel=\"nofollow noopener\" target=\"_blank\">Viktor Orb\u00e1n<\/a>. Moskovassa vieraileva Orb\u00e1n kommentoi asiaa perjantaina tavatessaan Ven\u00e4j\u00e4n presidentin <a class=\"article-personlink\" href=\"https:\/\/www.hs.fi\/haku\/?query=Vladimir%20Putinin\" rel=\"nofollow noopener\" target=\"_blank\">Vladimir Putinin<\/a>.<\/p>\n<p class=\"article-body mb-nof-24 px-nof-16\">\u201dHaluan toistaa, ett\u00e4 Ven\u00e4j\u00e4n energiatoimitukset muodostavat Unkarin energiansaannin perustan nyt ja tulevaisuudessa\u201d, Orb\u00e1n sanoi istuessaan Putinin seurassa.<\/p>\n<p class=\"article-body mb-nof-24 px-nof-16\">Orb\u00e1n tunnetaan Putinin l\u00e4heisen\u00e4 liittolaisena. Putin kiitteli tapaamisessa Orb\u00e1nin \u201dtasapainoista kantaa\u201d suhteessa Ukrainaan.<\/p>\n<p class=\"article-body mb-nof-24 px-nof-16\">Kun muu Eurooppa on v\u00e4hent\u00e4nyt riippuvuuttaan Ven\u00e4j\u00e4n energiasta sen Ukrainassa k\u00e4ym\u00e4n hy\u00f6kk\u00e4yssodan aikana, on Ven\u00e4j\u00e4n osuus Unkarissa k\u00e4ytetyst\u00e4 energiasta vain kasvanut.<\/p>\n<p class=\"article-body mb-nof-24 px-nof-16\">Orb\u00e1nin tavoitteena Moskovan-vierailulla oli h\u00e4nen mukaansa varmistaa Unkarin riitt\u00e4v\u00e4 ja edullinen energiansaanti.<\/p>\n<p class=\"article-body mb-nof-24 px-nof-16\">\u201dMenen varmistamaan energiansaannin talveksi ja tulevaksi vuodeksi\u201d, sanoi Orb\u00e1n ennen tapaamista <a class=\"article-genericlink\" href=\"https:\/\/www.facebook.com\/watch\/?v=3333809040120161\" rel=\"nofollow noopener\" target=\"_blank\">Facebookissa<\/a> julkaisemallaan videolla.<\/p>\n<p class=\"article-body mb-nof-24 px-nof-16\">Orb\u00e1nin mukaan Unkarissa on Euroopan halvinta energiaa sen takia, ett\u00e4 maalla on p\u00e4\u00e4sy Ven\u00e4j\u00e4n kaasu- ja \u00f6ljyvarantoihin.<\/p>\n<p class=\"article-body mb-nof-24 px-nof-16\">Marraskuun alussa Yhdysvaltain presidentti <a class=\"article-personlink\" href=\"https:\/\/www.hs.fi\/haku\/?query=Donald%20Trump\" rel=\"nofollow noopener\" target=\"_blank\">Donald Trump<\/a> antoi Unkarille rajoittamattoman luvan poiketa Ven\u00e4j\u00e4lle asetetuista \u00f6ljy- ja kaasupakotteista. Unkarin ulkoministeri <a class=\"article-personlink\" href=\"https:\/\/www.hs.fi\/haku\/?query=Peter%20Szijjarto\" rel=\"nofollow noopener\" target=\"_blank\">Peter Szijjarto<\/a> sanoi tuolloin maan olevan kiitollinen p\u00e4\u00e4t\u00f6ksest\u00e4, joka takaa Unkarin energiaturvallisuuden.<\/p>\n<p class=\"article-body mb-nof-24 px-nof-16\">Trumpin mukaan p\u00e4\u00e4ministeri Orb\u00e1nin on vaikea saada \u00f6ljy\u00e4 ja kaasua muualta.<\/p>\n<p class=\"article-body mb-nof-24 px-nof-16\">Trumpia ihaileva Orb\u00e1n on toistuvasti sanonut, ettei Unkari voi eik\u00e4 halua luopua ven\u00e4l\u00e4isen \u00f6ljyn ja kaasun tuonnista. Samalla Trump on patistellut Eurooppaa lopettamaan ven\u00e4l\u00e4isen energian ostamisen.<\/p>\n<p class=\"article-body mb-nof-24 px-nof-16\">EU-maa Unkarin p\u00e4\u00e4ministeri Orb\u00e1n on vastustanut Ven\u00e4j\u00e4n talouspakotteiden kirist\u00e4mist\u00e4, eik\u00e4 h\u00e4n halua esimerkiksi edist\u00e4\u00e4 Ukrainan p\u00e4\u00e4sy\u00e4 EU:n j\u00e4seneksi.<\/p>\n<p class=\"article-body mb-nof-24 px-nof-16\">Muun muassa presidentti <a class=\"article-personlink\" href=\"https:\/\/www.hs.fi\/haku\/?query=Alexander%20Stubb\" rel=\"nofollow noopener\" target=\"_blank\">Alexander Stubb<\/a> on sanonut, ettei pid\u00e4 hyv\u00e4n\u00e4 Orb\u00e1nin omaa yhteydenpitoa Putiniin.<\/p>\n","protected":false},"excerpt":{"rendered":"Unkari|Ven\u00e4j\u00e4n presidentti Vladimir Putin kiitteli tapaamisessa Unkarin p\u00e4\u00e4ministerin Viktor Orb\u00e1nin \u201dtasapainoista kantaa\u201d suhteessa Ukrainaan. Lue tiivistelm\u00e4 Tiivistelm\u00e4 on&hellip;\n","protected":false},"author":2,"featured_media":102613,"comment_status":"","ping_status":"","sticky":false,"template":"","format":"standard","meta":{"footnotes":""},"categories":[14],"tags":[22,23,26,27,33,31,30,17,46,24,25,28,29,15,18,21,32,19,20,56,16,59,60,61],"class_list":{"0":"post-102612","1":"post","2":"type-post","3":"status-publish","4":"format-standard","5":"has-post-thumbnail","7":"category-ulkomaat","8":"tag-breaking-news","9":"tag-breakingnews","10":"tag-featured-news","11":"tag-featurednews","12":"tag-fi","13":"tag-finland","14":"tag-finnish","15":"tag-headlines","16":"tag-helsingin-sanomat","17":"tag-latest-news","18":"tag-latestnews","19":"tag-main-news","20":"tag-mainnews","21":"tag-news","22":"tag-otsikot","23":"tag-paauutiset","24":"tag-suomi","25":"tag-top-stories","26":"tag-topstories","27":"tag-ulkomaat","28":"tag-uutiset","29":"tag-world","30":"tag-world-news","31":"tag-worldnews"},"share_on_mastodon":{"url":"https:\/\/pubeurope.com\/@fi\/115628924234304876","error":""},"_links":{"self":[{"href":"https:\/\/www.europesays.com\/fi\/wp-json\/wp\/v2\/posts\/102612","targetHints":{"allow":["GET"]}}],"collection":[{"href":"https:\/\/www.europesays.com\/fi\/wp-json\/wp\/v2\/posts"}],"about":[{"href":"https:\/\/www.europesays.com\/fi\/wp-json\/wp\/v2\/types\/post"}],"author":[{"embeddable":true,"href":"https:\/\/www.europesays.com\/fi\/wp-json\/wp\/v2\/users\/2"}],"replies":[{"embeddable":true,"href":"https:\/\/www.europesays.com\/fi\/wp-json\/wp\/v2\/comments?post=102612"}],"version-history":[{"count":0,"href":"https:\/\/www.europesays.com\/fi\/wp-json\/wp\/v2\/posts\/102612\/revisions"}],"wp:featuredmedia":[{"embeddable":true,"href":"https:\/\/www.europesays.com\/fi\/wp-json\/wp\/v2\/media\/102613"}],"wp:attachment":[{"href":"https:\/\/www.europesays.com\/fi\/wp-json\/wp\/v2\/media?parent=102612"}],"wp:term":[{"taxonomy":"category","embeddable":true,"href":"https:\/\/www.europesays.com\/fi\/wp-json\/wp\/v2\/categories?post=102612"},{"taxonomy":"post_tag","embeddable":true,"href":"https:\/\/www.europesays.com\/fi\/wp-json\/wp\/v2\/tags?post=102612"}],"curies":[{"name":"wp","href":"https:\/\/api.w.org\/{rel}","templated":true}]}}