{"id":102614,"date":"2025-11-28T19:15:09","date_gmt":"2025-11-28T19:15:09","guid":{"rendered":"https:\/\/www.europesays.com\/fi\/102614\/"},"modified":"2025-11-28T19:15:09","modified_gmt":"2025-11-28T19:15:09","slug":"jyvaskylassa-katkesivat-sahkot-liki-4-000-taloudesta-samaan-aikaan-autoilija-tormasi-muuntajaan-palokankaalla-keski-suomi","status":"publish","type":"post","link":"https:\/\/www.europesays.com\/fi\/102614\/","title":{"rendered":"Jyv\u00e4skyl\u00e4ss\u00e4 katkesivat s\u00e4hk\u00f6t liki 4\u2009000 taloudesta \u2013 samaan aikaan autoilija t\u00f6rm\u00e4si muuntajaan Palokankaalla | Keski-Suomi"},"content":{"rendered":"<p>Jyv\u00e4skyl\u00e4ss\u00e4 on ilmennyt perjantai-iltana laaja s\u00e4hk\u00f6katko. Alva S\u00e4hk\u00f6verkon tiedotteen mukaan vailla s\u00e4hk\u00f6\u00e4 on sen toimialueella 3\u2009813 s\u00e4hk\u00f6nk\u00e4ytt\u00f6paikkaa.<\/p>\n<p>S\u00e4hk\u00f6tt\u00f6m\u00e4t taloudet sijaitsevat Jyv\u00e4skyl\u00e4n ydinkeskustan pohjoispuolella. H\u00e4iri\u00f6 ulottuu Sepp\u00e4l\u00e4nkankaan, Huhtasuon, Kangaslammen, Sulun, Mannilan, Sepp\u00e4l\u00e4n, Kangasvuoren, Taulum\u00e4en, Palokankeskuksen ja Keski-Palokan alueille.<\/p>\n<p>S\u00e4hk\u00f6katko on Alvan mukaan alkanut kello 20.14. Vian syyt\u00e4 selvitet\u00e4\u00e4n.<\/p>\n<p>Alvan ajantasaisen h\u00e4iri\u00f6kartan l\u00f6yd\u00e4t <a href=\"https:\/\/asiakas.alva.fi\/Outages\/OutageReport\/ShowSingle?FaultId=1502&amp;faultTypeId=0\" rel=\"nofollow noopener\" target=\"_blank\">t\u00e4\u00e4lt\u00e4<\/a>.<\/p>\n<p><strong class=\"diks-storyline__impact\">Samaan aikaan<\/strong> Keski-Suomen pelastuslaitos sai h\u00e4lytyksen ulosajosta Palokankaalla Jyv\u00e4skyl\u00e4ss\u00e4.<\/p>\n<p>P\u00e4ivyst\u00e4v\u00e4 palomestari <strong>Tinja H\u00e4nnik\u00e4inen<\/strong> kertoo, ett\u00e4 autoilija t\u00f6rm\u00e4si muuntajaan. Onnettomuuspaikka on Alvan h\u00e4iri\u00f6kartalla m\u00e4\u00e4ritellyll\u00e4 h\u00e4iri\u00f6n vaikutusalueella.<\/p>\n<p>Kuljettaja oli autossa yksin ja v\u00e4lttyi vammoilta.<\/p>\n<p>\u2013 Auto meni sen verran ruttuun, ettei sill\u00e4 ajeta, H\u00e4nnik\u00e4inen arvioi vahinkoja.<\/p>\n<p>Pelastuslaitoksen yksikk\u00f6 on erist\u00e4nyt alueen.<\/p>\n<p>Keskisuomalainen ei ole toistaiseksi saanut Alvalta vahvistusta siit\u00e4, onko tapauksilla tekemist\u00e4 kesken\u00e4\u00e4n.<\/p>\n","protected":false},"excerpt":{"rendered":"Jyv\u00e4skyl\u00e4ss\u00e4 on ilmennyt perjantai-iltana laaja s\u00e4hk\u00f6katko. Alva S\u00e4hk\u00f6verkon tiedotteen mukaan vailla s\u00e4hk\u00f6\u00e4 on sen toimialueella 3\u2009813 s\u00e4hk\u00f6nk\u00e4ytt\u00f6paikkaa. S\u00e4hk\u00f6tt\u00f6m\u00e4t&hellip;\n","protected":false},"author":2,"featured_media":102615,"comment_status":"","ping_status":"","sticky":false,"template":"","format":"standard","meta":{"footnotes":""},"categories":[12],"tags":[22,23,124,1628,26,27,33,31,30,17,425,11283,24,25,720,28,29,15,18,21,2007,3383,32,78,19,20,16],"class_list":{"0":"post-102614","1":"post","2":"type-post","3":"status-publish","4":"format-standard","5":"has-post-thumbnail","7":"category-suomi","8":"tag-breaking-news","9":"tag-breakingnews","10":"tag-energia-sektori","11":"tag-energia-ja-energiavarat","12":"tag-featured-news","13":"tag-featurednews","14":"tag-fi","15":"tag-finland","16":"tag-finnish","17":"tag-headlines","18":"tag-jyvaskyla","19":"tag-kangaslampi","20":"tag-latest-news","21":"tag-latestnews","22":"tag-liiketoiminta-ja-rahoitus","23":"tag-main-news","24":"tag-mainnews","25":"tag-news","26":"tag-otsikot","27":"tag-paauutiset","28":"tag-sahko","29":"tag-sahkokatkos","30":"tag-suomi","31":"tag-talous","32":"tag-top-stories","33":"tag-topstories","34":"tag-uutiset"},"share_on_mastodon":{"url":"https:\/\/pubeurope.com\/@fi\/115628928069706812","error":""},"_links":{"self":[{"href":"https:\/\/www.europesays.com\/fi\/wp-json\/wp\/v2\/posts\/102614","targetHints":{"allow":["GET"]}}],"collection":[{"href":"https:\/\/www.europesays.com\/fi\/wp-json\/wp\/v2\/posts"}],"about":[{"href":"https:\/\/www.europesays.com\/fi\/wp-json\/wp\/v2\/types\/post"}],"author":[{"embeddable":true,"href":"https:\/\/www.europesays.com\/fi\/wp-json\/wp\/v2\/users\/2"}],"replies":[{"embeddable":true,"href":"https:\/\/www.europesays.com\/fi\/wp-json\/wp\/v2\/comments?post=102614"}],"version-history":[{"count":0,"href":"https:\/\/www.europesays.com\/fi\/wp-json\/wp\/v2\/posts\/102614\/revisions"}],"wp:featuredmedia":[{"embeddable":true,"href":"https:\/\/www.europesays.com\/fi\/wp-json\/wp\/v2\/media\/102615"}],"wp:attachment":[{"href":"https:\/\/www.europesays.com\/fi\/wp-json\/wp\/v2\/media?parent=102614"}],"wp:term":[{"taxonomy":"category","embeddable":true,"href":"https:\/\/www.europesays.com\/fi\/wp-json\/wp\/v2\/categories?post=102614"},{"taxonomy":"post_tag","embeddable":true,"href":"https:\/\/www.europesays.com\/fi\/wp-json\/wp\/v2\/tags?post=102614"}],"curies":[{"name":"wp","href":"https:\/\/api.w.org\/{rel}","templated":true}]}}