{"id":102618,"date":"2025-11-28T19:28:08","date_gmt":"2025-11-28T19:28:08","guid":{"rendered":"https:\/\/www.europesays.com\/fi\/102618\/"},"modified":"2025-11-28T19:28:08","modified_gmt":"2025-11-28T19:28:08","slug":"jesse-puljujarvi-on-kadottanut-tehonsa-taysin","status":"publish","type":"post","link":"https:\/\/www.europesays.com\/fi\/102618\/","title":{"rendered":"Jesse Puljuj\u00e4rvi on kadottanut tehonsa t\u00e4ysin"},"content":{"rendered":"<p>Jesse Puljuj\u00e4rven tilanne on huolestuttava.<\/p>\n<p class=\"article-body mb-nof-24 px-nof-16\">Kautensa Sveitsin liigan Servettess\u00e4 loistavasti aloittanut <a class=\"article-personlink\" href=\"https:\/\/www.is.fi\/haku\/?query=Jesse%20Puljuj%C3%A4rvi\" rel=\"nofollow noopener\" target=\"_blank\">Jesse Puljuj\u00e4rvi<\/a> on viime viikkoina hukannut vireens\u00e4 totaalisesti.<\/p>\n<p class=\"article-body mb-nof-24 px-nof-16\">Puljuj\u00e4rven saldo Servetten kahdeksasta edellisest\u00e4 ottelusta on tyly 0+0=0. Ennen kuivaa kauttaan Puljuj\u00e4rvi iski tehoja hirmuisella tahdilla, joten h\u00e4n on edelleen liigan pistep\u00f6rssiss\u00e4 sijalla 16 tehoilla 7+16=23.<\/p>\n<p class=\"article-body mb-nof-24 px-nof-16\">Puljuj\u00e4rven alavire jatkui torstaina, kun Servette taipui Zugille lukemin 1\u20133. Seuraavan kerran Puljuj\u00e4rvi p\u00e4\u00e4see yritt\u00e4m\u00e4\u00e4n kuivan kautensa katkaisua lauantaina, kun Servette kohtaa sarjak\u00e4rki Davosin.<\/p>\n<p class=\"article-body mb-nof-24 px-nof-16\"><a class=\"article-personlink\" href=\"https:\/\/www.is.fi\/haku\/?query=Ville%20Peltosen\" rel=\"nofollow noopener\" target=\"_blank\">Ville Peltosen<\/a> luotsaama Servette on sarjassa t\u00e4ll\u00e4 hetkell\u00e4 kolmannella sijalla Davosin ja Lausannen per\u00e4ss\u00e4.<\/p>\n","protected":false},"excerpt":{"rendered":"Jesse Puljuj\u00e4rven tilanne on huolestuttava. Kautensa Sveitsin liigan Servettess\u00e4 loistavasti aloittanut Jesse Puljuj\u00e4rvi on viime viikkoina hukannut vireens\u00e4&hellip;\n","protected":false},"author":2,"featured_media":102619,"comment_status":"","ping_status":"","sticky":false,"template":"","format":"standard","meta":{"footnotes":""},"categories":[136],"tags":[407,137,33,31,30,34,408,32,109],"class_list":{"0":"post-102618","1":"post","2":"type-post","3":"status-publish","4":"format-standard","5":"has-post-thumbnail","7":"category-julkkikset","8":"tag-celebrities","9":"tag-entertainment","10":"tag-fi","11":"tag-finland","12":"tag-finnish","13":"tag-ilta-sanomat","14":"tag-julkkikset","15":"tag-suomi","16":"tag-viihde"},"share_on_mastodon":{"url":"https:\/\/pubeurope.com\/@fi\/115628979223081982","error":""},"_links":{"self":[{"href":"https:\/\/www.europesays.com\/fi\/wp-json\/wp\/v2\/posts\/102618","targetHints":{"allow":["GET"]}}],"collection":[{"href":"https:\/\/www.europesays.com\/fi\/wp-json\/wp\/v2\/posts"}],"about":[{"href":"https:\/\/www.europesays.com\/fi\/wp-json\/wp\/v2\/types\/post"}],"author":[{"embeddable":true,"href":"https:\/\/www.europesays.com\/fi\/wp-json\/wp\/v2\/users\/2"}],"replies":[{"embeddable":true,"href":"https:\/\/www.europesays.com\/fi\/wp-json\/wp\/v2\/comments?post=102618"}],"version-history":[{"count":0,"href":"https:\/\/www.europesays.com\/fi\/wp-json\/wp\/v2\/posts\/102618\/revisions"}],"wp:featuredmedia":[{"embeddable":true,"href":"https:\/\/www.europesays.com\/fi\/wp-json\/wp\/v2\/media\/102619"}],"wp:attachment":[{"href":"https:\/\/www.europesays.com\/fi\/wp-json\/wp\/v2\/media?parent=102618"}],"wp:term":[{"taxonomy":"category","embeddable":true,"href":"https:\/\/www.europesays.com\/fi\/wp-json\/wp\/v2\/categories?post=102618"},{"taxonomy":"post_tag","embeddable":true,"href":"https:\/\/www.europesays.com\/fi\/wp-json\/wp\/v2\/tags?post=102618"}],"curies":[{"name":"wp","href":"https:\/\/api.w.org\/{rel}","templated":true}]}}