{"id":102620,"date":"2025-11-28T19:33:08","date_gmt":"2025-11-28T19:33:08","guid":{"rendered":"https:\/\/www.europesays.com\/fi\/102620\/"},"modified":"2025-11-28T19:33:08","modified_gmt":"2025-11-28T19:33:08","slug":"nuremberg-elokuva-on-ajankohtainen-ja-vaikuttava-oikeussalidraama","status":"publish","type":"post","link":"https:\/\/www.europesays.com\/fi\/102620\/","title":{"rendered":"Nuremberg-elokuva on ajankohtainen ja vaikuttava oikeussalidraama"},"content":{"rendered":"<p class=\"wp-block-post-excerpt__excerpt\">James Vanderbiltin ohjaama historiallinen draama kertoo natsijohtaja Hermann G\u00f6ringin sotaoikeudenk\u00e4ynnist\u00e4 N\u00fcrnbergiss\u00e4 Etel\u00e4-Saksassa. Pitk\u00e4 elokuva s\u00e4ilytt\u00e4\u00e4 intensiteettins\u00e4 alusta loppuun.\u00a0 <\/p>\n<p>Toinen maailman sota on juuri p\u00e4\u00e4ttynyt liittoutuneiden voittoon. Hitler on tappanut itsens\u00e4 ja natsi-Saksan johto on sekaisin. Ihmisi\u00e4 vaeltaa tiell\u00e4, kun \u00e4kki\u00e4 n\u00e4k\u00f6piiriin ilmestyy natsilipulla varustettu auto. Liittoutuneiden sotilaat ryhmittyv\u00e4t nopeasti auton eteen aseet autoon p\u00e4in suunnattuina. Hetken p\u00e4\u00e4st\u00e4 autosta nousee Hitlerin kakkosmies Hermann G\u00f6ring pit\u00e4en k\u00e4dess\u00e4\u00e4n valkoista kangasriepua antautumisen merkiksi. Nyt saatiin iso saalis, sotilaat ymm\u00e4rt\u00e4v\u00e4t. N\u00e4in alkaa Nuremberg-elokuva.<\/p>\n<p>Viime viikolla tuli kuluneeksi 80 vuotta siit\u00e4, kun N\u00fcrnbergin oikeudenk\u00e4ynti k\u00e4ynnistyi. Toisen maailmansodan j\u00e4lkeen j\u00e4rjestettiin kolmetoista sotaoikeudenk\u00e4ynti\u00e4, joissa liittoutuneiden perustama tuomioistuin tuomitsi Natsi-Saksan johtajia heid\u00e4n toiminnastaan sodan aikana. N\u00fcrnbergin kansainv\u00e4linen sotatuomioistuin loi pohjaa tuleville sotatuomioistuimille. Sen seurauksena sodasta tuli oikeuden p\u00e4\u00e4t\u00f6ksell\u00e4 rikos ihmiskuntaa vastaan. <\/p>\n<p>Sotaoikeudenk\u00e4ynnist\u00e4 kertova Hollywood-elokuva\u00a0Nuremberg\u00a0saa ensi-iltansa Suomessa perjantaina 28.11. alkuper\u00e4isell\u00e4, englanninkielisell\u00e4 nimell\u00e4\u00e4n.\u00a0<\/p>\n<p>Elokuva kertoo psykiatri, everstiluutnantti Douglas Kelleyn poikkeuksellisesta teht\u00e4v\u00e4st\u00e4, sill\u00e4 h\u00e4n joutuu arvioimaan, onko Adolf Hitlerin kakkosmies, natsien entinen valtakunnanmarsalkka Hermann G\u00f6ring syyntakeinen. Hermann G\u00f6ringin roolin n\u00e4yttelee\u00a0<strong>Russell Crowe<\/strong>\u00a0ja psykiatri Douglas Kellyn\u00a0<strong>Rami Malek<\/strong>. Muissa merkitt\u00e4viss\u00e4 rooleissa n\u00e4hd\u00e4\u00e4n muun muassa\u00a0<strong>Michael Shannon, Richard E. Grant, Colin Hanks<\/strong>\u00a0ja\u00a0<strong>Leo Woodall<\/strong>.<\/p>\n<p>Elokuva perustuu <strong>Jack El-Hain<\/strong> romaaniin\u00a0The Nazi and the Psychiatrist\u00a0ja sen on ohjannut ja k\u00e4sikirjoittanut\u00a0James Vanderbilt. N\u00fcrnbergiss\u00e4, natsien keskeisess\u00e4 kaupungissa, Yhdysvaltojen korkeimman oikeuden tuomari Robert H. Jackson (Michael Shannon) perustaa toisen maailmansodan voittajavaltojen sotaoikeusistuimen, N\u00fcrnbergin sotaoikeuden ja luo sille eettisi\u00e4 ja juridisia standardeja.<\/p>\n<blockquote class=\"wp-block-quote is-layout-flow wp-block-quote-is-layout-flow\">\n<p>Molemmat Oskar-palkitut n\u00e4yttelij\u00e4t loistavat rooleissaan.<\/p>\n<\/blockquote>\n<p>N\u00fcrnbergin sotaoikeus haastaa oikeuteen ja tuomitsee kolmannen valtakunnan johtajia, jotka olivat vastuussa sotarikoksista. Elokuva kertoo oikeudenk\u00e4ynnin psykologisesta puolesta, jossa psykiatri Kelley l\u00f6yt\u00e4\u00e4 itsens\u00e4 keskelt\u00e4 psykologista kaksintaistelua karmivan, mutta karismaattisen Hermann G\u00f6ringin kanssa.<\/p>\n<p>Elokuva on tavallista pidempi, kaksi ja puoli tuntia, mutta intensiivinen ja taitavasti rytmitetty kerronta kantaa alusta loppuun. Russell Growe n\u00e4yttelee hyyt\u00e4v\u00e4sti omahyv\u00e4ist\u00e4 ja karismaattista G\u00f6ringi\u00e4, eik\u00e4 h\u00e4nen vastapariaan, psykiatria n\u00e4yttelev\u00e4 Rami Malek j\u00e4\u00e4 kakkoseksi. Molemmat Oskar-palkitut n\u00e4yttelij\u00e4t loistavat rooleissaan. Growen esitt\u00e4m\u00e4 G\u00f6ring n\u00e4ytt\u00e4ytyy samaan aikaan kylm\u00e4n\u00e4 natsijohtajana ja lempe\u00e4n\u00e4 perheenis\u00e4n\u00e4. Psykiatri Douglas Kelley n\u00e4yttelev\u00e4 Rami Malek on ilmaisussaan herkk\u00e4, vakuuttava ja ristiriitainen. Miesten v\u00e4lille syntyy elokuvassa erikoinen suhde.\u00a0<\/p>\n<p>Michael Shannon tekee tasavarman roolin Yhdysvaltain korkeimman oikeuden tuomari Robert H. Jacksonina. Vakuuttavan roolisuorituksen tekee my\u00f6s brittil\u00e4inen Leo Woodall, jonka esitt\u00e4m\u00e4n nuoren sotilaan ja tulkin Howie Triestin taustasta paljastuu koskettavia seikkoja.\u00a0\u00a0<\/p>\n<p>Vaikka elokuva on kokonaisuutena taitavasti tehty historiallinen draama, siin\u00e4 on muutama tarpeeton sivujuonne. Rami Malekin esitt\u00e4m\u00e4n psykiatrin tunnepitoinen kiinnostus G\u00f6ringin vaimoa ja tyt\u00e4rt\u00e4 kohtaan tuntuu keinotekoiselta.<\/p>\n<p>Tuomitaanko Hermann G\u00f6ring vai onnistuuko h\u00e4n vakuuttamaan tiet\u00e4m\u00e4tt\u00f6myytens\u00e4 natsihallinnon tekemist\u00e4 hirmut\u00f6ist\u00e4? Videomateriaali keskitysleirien kammottavista teoista tuo k\u00e4\u00e4nteen oikeudenk\u00e4yntiin. Tiesik\u00f6 G\u00f6ring keskitysleirien tapahtumista vai ei?\u00a0<\/p>\n","protected":false},"excerpt":{"rendered":"James Vanderbiltin ohjaama historiallinen draama kertoo natsijohtaja Hermann G\u00f6ringin sotaoikeudenk\u00e4ynnist\u00e4 N\u00fcrnbergiss\u00e4 Etel\u00e4-Saksassa. Pitk\u00e4 elokuva s\u00e4ilytt\u00e4\u00e4 intensiteettins\u00e4 alusta loppuun.\u00a0&hellip;\n","protected":false},"author":2,"featured_media":102621,"comment_status":"","ping_status":"","sticky":false,"template":"","format":"standard","meta":{"footnotes":""},"categories":[131],"tags":[1045,155,137,33,173,31,30,172,19556,32,109],"class_list":{"0":"post-102620","1":"post","2":"type-post","3":"status-publish","4":"format-standard","5":"has-post-thumbnail","7":"category-elokuvat","8":"tag-elokuva-arvio","9":"tag-elokuvat","10":"tag-entertainment","11":"tag-fi","12":"tag-film","13":"tag-finland","14":"tag-finnish","15":"tag-movies","16":"tag-nurnbergin-oikeudenkaynnit","17":"tag-suomi","18":"tag-viihde"},"share_on_mastodon":{"url":"https:\/\/pubeurope.com\/@fi\/115628998846866914","error":""},"_links":{"self":[{"href":"https:\/\/www.europesays.com\/fi\/wp-json\/wp\/v2\/posts\/102620","targetHints":{"allow":["GET"]}}],"collection":[{"href":"https:\/\/www.europesays.com\/fi\/wp-json\/wp\/v2\/posts"}],"about":[{"href":"https:\/\/www.europesays.com\/fi\/wp-json\/wp\/v2\/types\/post"}],"author":[{"embeddable":true,"href":"https:\/\/www.europesays.com\/fi\/wp-json\/wp\/v2\/users\/2"}],"replies":[{"embeddable":true,"href":"https:\/\/www.europesays.com\/fi\/wp-json\/wp\/v2\/comments?post=102620"}],"version-history":[{"count":0,"href":"https:\/\/www.europesays.com\/fi\/wp-json\/wp\/v2\/posts\/102620\/revisions"}],"wp:featuredmedia":[{"embeddable":true,"href":"https:\/\/www.europesays.com\/fi\/wp-json\/wp\/v2\/media\/102621"}],"wp:attachment":[{"href":"https:\/\/www.europesays.com\/fi\/wp-json\/wp\/v2\/media?parent=102620"}],"wp:term":[{"taxonomy":"category","embeddable":true,"href":"https:\/\/www.europesays.com\/fi\/wp-json\/wp\/v2\/categories?post=102620"},{"taxonomy":"post_tag","embeddable":true,"href":"https:\/\/www.europesays.com\/fi\/wp-json\/wp\/v2\/tags?post=102620"}],"curies":[{"name":"wp","href":"https:\/\/api.w.org\/{rel}","templated":true}]}}