{"id":102622,"date":"2025-11-28T19:35:11","date_gmt":"2025-11-28T19:35:11","guid":{"rendered":"https:\/\/www.europesays.com\/fi\/102622\/"},"modified":"2025-11-28T19:35:11","modified_gmt":"2025-11-28T19:35:11","slug":"kalle-rovanpera-latasi-tayslaidallisen-ennen-viimeista-mm-rallipaivaansa","status":"publish","type":"post","link":"https:\/\/www.europesays.com\/fi\/102622\/","title":{"rendered":"Kalle Rovanper\u00e4 latasi t\u00e4yslaidallisen ennen viimeist\u00e4 MM-rallip\u00e4iv\u00e4\u00e4ns\u00e4"},"content":{"rendered":"<p>Ralli|Kalle Rovanper\u00e4ll\u00e4 on edess\u00e4\u00e4n MM-ralliuran viimeinen ajop\u00e4iv\u00e4. Ainakin toistaiseksi.<\/p>\n<p class=\"article-body mb-nof-24 px-nof-16\">Jedda<\/p>\n<p class=\"article-body mb-nof-24 px-nof-16\">Viimeist\u00e4 vied\u00e4\u00e4n.<\/p>\n<p class=\"article-body mb-nof-24 px-nof-16\"><a class=\"article-personlink\" href=\"https:\/\/www.hs.fi\/haku\/?query=Kalle%20Rovanper%C3%A4\" rel=\"nofollow noopener\" target=\"_blank\">Kalle Rovanper\u00e4<\/a>, 25, ampaisee lauantaina MM-ralliuransa viimeiseen ajop\u00e4iv\u00e4\u00e4n \u2013 ainakin toistaiseksi. H\u00e4n siirtyy ensi vuonna rata-autoilijaksi.<\/p>\n<p class=\"article-body mb-nof-24 px-nof-16\">\u201dNo ihan jees fiilikset siit\u00e4 asiasta. Lauantaina t\u00e4ytyy viel\u00e4 ajaa ihan tosissaan ja haasteita on varmaankin viel\u00e4 paljon edess\u00e4. Lauantaina voi viel\u00e4 k\u00e4yd\u00e4 mit\u00e4 vain, joten pidet\u00e4\u00e4n keskittyminen\u201d, Rovanper\u00e4 tuumasi Saudi-Arabian MM-rallin perjantain iltahuoltoon tullessaan.<\/p>\n<p class=\"article-body mb-nof-24 px-nof-16\">Toyotalla ajavalla Rovanper\u00e4ll\u00e4 on yh\u00e4 ohut mahdollisuus napata uransa kolmas rallikuljettajien maailmanmestaruus kauden p\u00e4\u00e4t\u00f6skilpailussa. H\u00e4n on Saudi-Arabian rallin kokonaiskilpailussa viidenten\u00e4 ennen kilpailun viimeist\u00e4 ajop\u00e4iv\u00e4\u00e4.<\/p>\n<p class=\"article-body mb-nof-24 px-nof-16\">\u201dNo, ainakin olemme viel\u00e4 jollain lailla peliss\u00e4 mukana. T\u00e4m\u00e4 on ollut jo rallin alusta niin, ett\u00e4 meid\u00e4n tilanteemme mestaruustaistelussa vaatii ep\u00e4onnea muilta.\u201d<\/p>\n<p><img decoding=\"async\" src=\"https:\/\/www.europesays.com\/fi\/wp-content\/uploads\/2025\/11\/1764269169_505_468.jpg\" alt=\"Kalle Rovanper\u00e4 on paahtanut Saudi-Arabian MM-rallissa.\" class=\"_Img_1rerz_1\" style=\"aspect-ratio:1.5\" loading=\"eager\"\/><\/p>\n<p class=\"article-picture-caption\">Kalle Rovanper\u00e4 on paahtanut Saudi-Arabian MM-rallissa. Kuva:\u00a0Luca Barsali \/ ZUMA<\/p>\n<p class=\"article-body mb-nof-24 px-nof-16\">Ennen Saudi-Arabian rallin alkamista Rovanper\u00e4\u00e4 selv\u00e4sti paremmissa asemissa mestaruuskamppailuun kaasutelleet Toyota-miehet, brittikuljettaja <a class=\"article-personlink\" href=\"https:\/\/www.hs.fi\/haku\/?query=Elfyn%20Evans\" rel=\"nofollow noopener\" target=\"_blank\">Elfyn Evans<\/a> ja ranskalaistaituri <a class=\"article-personlink\" href=\"https:\/\/www.hs.fi\/haku\/?query=S%C3%A9bastien%20Ogier\" rel=\"nofollow noopener\" target=\"_blank\">S\u00e9bastien Ogier<\/a> ajautuivat perjantaina hankaluuksiin rengasongelmien takia.<\/p>\n<p class=\"article-body mb-nof-24 px-nof-16\">MM-sarjan k\u00e4rkimies Evans on rallissa kahdeksantena ja MM-pistetaulukossa toisena vaaniva Ogier kuudentena.<\/p>\n<p class=\"article-body mb-nof-24 px-nof-16\">Rallin aikana my\u00f6s Rovanper\u00e4 \u2013 ja todella moni muukin kuljettaja \u2013 on saanut osansa rengashuolista.<\/p>\n<p class=\"article-body mb-nof-24 px-nof-16\">\u201dEi pit\u00e4isi olla sarjan viimeinen kilpailu t\u00e4llaisessa paikassa. Ei t\u00e4m\u00e4 ole oikeaa rallia\u201d, Rovanper\u00e4 totesi viitaten \u201drengaslottoon\u201d.<\/p>\n<p><img decoding=\"async\" src=\"https:\/\/www.europesays.com\/fi\/wp-content\/uploads\/2025\/11\/1764269169_678_468.jpg\" alt=\"Renkaat ovat joutuneet koville MM-sarjan uudessa kilpailussa Saudi-Arabiassa.\" class=\"_Img_1rerz_1\" style=\"aspect-ratio:1.3333333333333333\" loading=\"eager\"\/><\/p>\n<p class=\"article-picture-caption\">Renkaat ovat joutuneet koville MM-sarjan uudessa kilpailussa Saudi-Arabiassa. Kuva:\u00a0Tuomas Arkimies<\/p>\n<p class=\"article-body mb-nof-24 px-nof-16\">Saudi-Arabiassa ajetaan nyt ensimm\u00e4ist\u00e4 kertaa MM-rallia. Rovanper\u00e4 on tehnyt monta kertaa selv\u00e4ksi, ettei Saudi-Arabian rallin tiest\u00f6 ole h\u00e4nelle lainkaan mieleinen. H\u00e4nen makuunsa tiet ovat liian kapeita, hitaita ja rajuja.<\/p>\n<p class=\"article-body mb-nof-24 px-nof-16\">H\u00e4n povasi jo ennen rallia, ett\u00e4 renkaiden kanssa tulee kautta linjan paljon ongelmia.<\/p>\n<p class=\"article-body mb-nof-24 px-nof-16\">\u201dEiv\u00e4t nuo tiet ole noille autoille ja renkaille tarkoitettu. Mutta seh\u00e4n oli tiedossa jo ennen t\u00e4nne tulemista. Ei t\u00e4m\u00e4 sill\u00e4 tavalla ole sopiva kauden p\u00e4\u00e4t\u00f6sralliksi. Ei ole hirve\u00e4n kivaa, kun mitk\u00e4\u00e4n sijat eiv\u00e4t ratkea kilvanajolla.\u201d<\/p>\n<p class=\"article-body mb-nof-24 px-nof-16\">My\u00f6s Ogier sanoi suorat sanat kauden p\u00e4\u00e4t\u00f6skilpailun rengasruletista.<\/p>\n<p class=\"article-body mb-nof-24 px-nof-16\">\u201dT\u00e4ss\u00e4 on pitk\u00e4lti kyse vain pelk\u00e4st\u00e4 onnesta\u201d, kahdeksankertainen maailmanmestari Ogier tuhahti.<\/p>\n<p><img decoding=\"async\" src=\"https:\/\/www.europesays.com\/fi\/wp-content\/uploads\/2025\/11\/1764358510_177_468.jpg\" alt=\"Rengasasiat ovat puhuttaneet viljalti Saudi-Arabian MM-rallissa. Kuvassa rengasvalmistaja Hankookin toimipiste rallin huoltoalueelta.\" class=\"_Img_1rerz_1\" style=\"aspect-ratio:1.3333333333333333\" loading=\"eager\"\/><\/p>\n<p class=\"article-picture-caption\">Rengasasiat ovat puhuttaneet viljalti Saudi-Arabian MM-rallissa. Kuvassa rengasvalmistaja Hankookin toimipiste rallin huoltoalueelta. Kuva:\u00a0Tuomas Arkimies<\/p>\n<p class=\"article-body mb-nof-24 px-nof-16\">Rallin p\u00e4\u00e4t\u00f6sp\u00e4iv\u00e4n\u00e4 lauantaina on m\u00e4\u00e4r\u00e4 ajaa yhteens\u00e4 kolme erikoiskoetta.<\/p>\n<p class=\"article-body mb-nof-24 px-nof-16\">\u201dVarmaankin samanlaista on luvassa kuin t\u00e4h\u00e4nkin asti\u201d, Rovanper\u00e4 hym\u00e4hti.<\/p>\n<p class=\"article-body mb-nof-24 px-nof-16\">Toyotan kuljettaja <a class=\"article-personlink\" href=\"https:\/\/www.hs.fi\/haku\/?query=Sami%20Pajari,\" rel=\"nofollow noopener\" target=\"_blank\">Sami Pajari,<\/a> 23, asteli lehdist\u00f6n eteen raskaasti pettyneen\u00e4 perjantain ajop\u00e4iv\u00e4n p\u00e4\u00e4tteeksi.<\/p>\n<p class=\"article-body mb-nof-24 px-nof-16\">Pajari taisteli MM-sarjan kauden p\u00e4\u00e4t\u00f6skilpailussa palkintopallisijoituksesta, mutta erikoiskokeella 13 tuli raju pudotus. Pajari koki rengasrikon ja joutui vaihtamaan renkaan. Se pudotti h\u00e4net kauas k\u00e4rjest\u00e4.<\/p>\n<p><img decoding=\"async\" src=\"https:\/\/www.europesays.com\/fi\/wp-content\/uploads\/2025\/11\/1764358511_409_468.jpg\" alt=\"Sami Pajari on ylt\u00e4nyt kerran palkintopallille MM-sarjan p\u00e4\u00e4luokassa.\" class=\"_Img_1rerz_1\" style=\"aspect-ratio:1.5\" loading=\"eager\"\/><\/p>\n<p class=\"article-picture-caption\">Sami Pajari on ylt\u00e4nyt kerran palkintopallille MM-sarjan p\u00e4\u00e4luokassa. Kuva:\u00a0Valtteri Vainio \/ Lehtikuva<\/p>\n<p class=\"article-body mb-nof-24 px-nof-16\">\u201dJahtasimme tosissamme ensimm\u00e4ist\u00e4 MM-osakilpailuvoittoa. Vauhti oli hyv\u00e4\u00e4. Samalla osasin odottaa, ett\u00e4 iltap\u00e4iv\u00e4n lenkist\u00e4 tulee kaikille kuljettajille hankala. Mutta totta kai t\u00e4m\u00e4 oli todella iso pettymys. T\u00e4m\u00e4 on rallia&#8230;\u201d<\/p>\n<p class=\"article-body mb-nof-24 px-nof-16\">\u201dKyll\u00e4 se v\u00e4h\u00e4n kyrsii, pakko sanoa\u201d, h\u00e4n lis\u00e4si.<\/p>\n<p class=\"article-body mb-nof-24 px-nof-16\">Pajari on seitsem\u00e4nnell\u00e4 sijalla ennen kilpailun p\u00e4\u00e4t\u00f6sp\u00e4iv\u00e4\u00e4 lauantaita. Kilpailua johtaa yll\u00e4tysnimi, latvialainen Ford-kuljettaja <a class=\"article-personlink\" href=\"https:\/\/www.hs.fi\/haku\/?query=Martins%20Sesks\" rel=\"nofollow noopener\" target=\"_blank\">Martins Sesks<\/a>.<\/p>\n","protected":false},"excerpt":{"rendered":"Ralli|Kalle Rovanper\u00e4ll\u00e4 on edess\u00e4\u00e4n MM-ralliuran viimeinen ajop\u00e4iv\u00e4. Ainakin toistaiseksi. Jedda Viimeist\u00e4 vied\u00e4\u00e4n. Kalle Rovanper\u00e4, 25, ampaisee lauantaina MM-ralliuransa&hellip;\n","protected":false},"author":2,"featured_media":102623,"comment_status":"","ping_status":"","sticky":false,"template":"","format":"standard","meta":{"footnotes":""},"categories":[158],"tags":[33,31,30,46,159,32,160],"class_list":{"0":"post-102622","1":"post","2":"type-post","3":"status-publish","4":"format-standard","5":"has-post-thumbnail","7":"category-urheilu","8":"tag-fi","9":"tag-finland","10":"tag-finnish","11":"tag-helsingin-sanomat","12":"tag-sports","13":"tag-suomi","14":"tag-urheilu"},"share_on_mastodon":{"url":"https:\/\/pubeurope.com\/@fi\/115629007122407299","error":""},"_links":{"self":[{"href":"https:\/\/www.europesays.com\/fi\/wp-json\/wp\/v2\/posts\/102622","targetHints":{"allow":["GET"]}}],"collection":[{"href":"https:\/\/www.europesays.com\/fi\/wp-json\/wp\/v2\/posts"}],"about":[{"href":"https:\/\/www.europesays.com\/fi\/wp-json\/wp\/v2\/types\/post"}],"author":[{"embeddable":true,"href":"https:\/\/www.europesays.com\/fi\/wp-json\/wp\/v2\/users\/2"}],"replies":[{"embeddable":true,"href":"https:\/\/www.europesays.com\/fi\/wp-json\/wp\/v2\/comments?post=102622"}],"version-history":[{"count":0,"href":"https:\/\/www.europesays.com\/fi\/wp-json\/wp\/v2\/posts\/102622\/revisions"}],"wp:featuredmedia":[{"embeddable":true,"href":"https:\/\/www.europesays.com\/fi\/wp-json\/wp\/v2\/media\/102623"}],"wp:attachment":[{"href":"https:\/\/www.europesays.com\/fi\/wp-json\/wp\/v2\/media?parent=102622"}],"wp:term":[{"taxonomy":"category","embeddable":true,"href":"https:\/\/www.europesays.com\/fi\/wp-json\/wp\/v2\/categories?post=102622"},{"taxonomy":"post_tag","embeddable":true,"href":"https:\/\/www.europesays.com\/fi\/wp-json\/wp\/v2\/tags?post=102622"}],"curies":[{"name":"wp","href":"https:\/\/api.w.org\/{rel}","templated":true}]}}