{"id":102624,"date":"2025-11-28T19:36:08","date_gmt":"2025-11-28T19:36:08","guid":{"rendered":"https:\/\/www.europesays.com\/fi\/102624\/"},"modified":"2025-11-28T19:36:08","modified_gmt":"2025-11-28T19:36:08","slug":"herttuatar-meghan-kohu-kalliin-mekon-ymparilla","status":"publish","type":"post","link":"https:\/\/www.europesays.com\/fi\/102624\/","title":{"rendered":"Herttuatar Meghan: Kohu kalliin mekon ymp\u00e4rill\u00e4"},"content":{"rendered":"<p>            Stella Pictures \/ AOP\n        <\/p>\n<p class=\"subtitle \">Meghanin v\u00e4itettiin napanneen luksusmekon matkaansa ilman lupaa.<\/p>\n<p class=\"article-content article-content-width !bg-background\">Herttuatar , 44, on joutunut kohun keskelle vihre\u00e4n juhlapukunsa vuoksi. Page Six -lehden mukaan Meghan olisi ottanut kalliin puvun mukaansa vuoden 2022 kuvauksista ilman lupaa \u2013 v\u00e4ite, jonka herttuattaren edustaja kiist\u00e4\u00e4 jyrk\u00e4sti.<\/p>\n<p class=\"font-weight-bold m-font-weight-bold article-content article-content-width !bg-background\">Arkistovideo: Seiskan muotipoliisi tutki Meghanin vaatevarastoja<\/p>\n<p class=\"article-content article-content-width !bg-background\">Meghanin Netflix-sarjan\u00a0With Love, Meghanin\u00a0jouluspesiaalin\u00a0mainostraileri her\u00e4tti viikonloppuna huomiota, kun katsojat tunnistivat herttuattaren yll\u00e4 n\u00e4hdyn vihre\u00e4n Galvanin Ushuaia-mekon.<\/p>\n<p class=\"article-content article-content-width !bg-background\">Sama 1\u202f695 dollarin arvoinen, yksiolkaiminen puku n\u00e4htiin Meghanilla\u00a0Variety-lehden kansikuvauksissa vuonna 2022.<\/p>\n<p class=\"article-content article-content-width !bg-background\"><a href=\"https:\/\/pagesix.com\/2025\/11\/24\/royal-family\/meghan-markle-kept-1700-fashion-shoot-dress-for-her-royal-archive-source\/\" target=\"_blank\" rel=\"nofollow noopener\">Page Sixin<\/a> haastatteleman muotil\u00e4hteiden mukaan Meghan olisi ottanut puvun mukaansa kuvauksista kysym\u00e4tt\u00e4 lupaa.<\/p>\n<p>        <a itemprop=\"url\" href=\"https:\/\/www.seiska.fi\/kuninkaalliset\/kuningas-charlesin-suru-syvenee\/1576259\" rel=\"nofollow noopener\" target=\"_blank\"><\/p>\n<p class=\"section-date\">\n        <strong class=\"article-section\" data-section=\"kuninkaalliset\"><br \/>\n            kuninkaalliset<br \/>\n        <\/strong><br \/>\n        10.1. 14:30\n    <\/p>\n<p>Kuningas Charlesin suru syvenee\n    <\/p>\n<p itemprop=\"description\" class=\"subtitle \">\n    Charles ei ole hoviasiantuntijan mukaan entisell\u00e4\u00e4n.\n<\/p>\n<p>        <\/a><\/p>\n<p>Kunkkuprotokollaa?<\/p>\n<p class=\"article-content article-content-width !bg-background\">Toinen l\u00e4hde kuitenkin v\u00e4itt\u00e4\u00e4, ett\u00e4 kyseess\u00e4 on v\u00e4\u00e4rink\u00e4sitys. H\u00e4nen mukaansa kuninkaallisena Meghanin olisi pit\u00e4nyt ottaa talteen kaikki asunsa, mink\u00e4 vuoksi kuvauksista lainattuja vaatteita ei v\u00e4ltt\u00e4m\u00e4tt\u00e4 palauteta.<\/p>\n<p class=\"article-content article-content-width !bg-background\">Toiset l\u00e4hteet kuitenkin kiist\u00e4v\u00e4t t\u00e4m\u00e4n jyrk\u00e4sti ja huomauttavat, ettei t\u00e4llaista protokollaa ole olemassa. Muotialan ammattilaiset sen sijaan korostavat, ett\u00e4 on varsin tavallista pyyt\u00e4\u00e4 lupaa pit\u00e4\u00e4 tai ostaa vaatteita kuvauksista, jos julkisuuden henkil\u00f6 ihastuu niihin.<\/p>\n<p class=\"article-content article-content-width !bg-background\">\u2013 Heille tarjotaan tyypillisesti alennusta, jos kyseess\u00e4 on asu, josta suunnittelija ei voi p\u00e4\u00e4st\u00e4\u00e4 irti tai jos se on malli, joka on palautettava, l\u00e4hde toteaa, ja lis\u00e4\u00e4, ett\u00e4 t\u00e4m\u00e4n takia &#8221;ilman lupaa ottaminen&#8221; olisi outo veto.<\/p>\n<p class=\"article-content article-content-width !bg-background\">Toimittaja  v\u00e4itti vuonna 2024 <a href=\"http:\/\/go.pagesix.com\/?id=93051X1547100&amp;isjs=1&amp;jv=15.7.1&amp;sref=https%3A%2F%2Fpagesix.com%2F2025%2F11%2F24%2Froyal-family%2Fmeghan-markle-kept-1700-fashion-shoot-dress-for-her-royal-archive-source%2F&amp;url=https%3A%2F%2Fpodcasts.apple.com%2Fus%2Fpodcast%2Fexclusive-meghan-markle-new-stealing-allegations%2Fid1515932214%3Fi%3D1000650011747&amp;xs=1&amp;xtz=-120&amp;xuuid=d0eb79322ae1bf5c55744d965acfad7a&amp;abp=1&amp;xjsf=other_click__contextmenu%20%5B2%5D\" target=\"_blank\" rel=\"nofollow noopener\">podcastissaan<\/a>, ett\u00e4 Meghan olisi aiemminkin ottanut mukaansa tavaroita &#8221;korkean profiilin kuvauksista&#8221;.<\/p>\n<p>        <a itemprop=\"url\" href=\"https:\/\/www.seiska.fi\/kuninkaalliset\/herttuatar-meghanilta-jattiuutinen-olen-shokissa\/1616459\" rel=\"nofollow noopener\" target=\"_blank\"><\/p>\n<p>\nJ\u00e4ttipaljastus\n<\/p>\n<p class=\"section-date\">\n        <strong class=\"article-section\" data-section=\"kuninkaalliset\"><br \/>\n            kuninkaalliset<br \/>\n        <\/strong><br \/>\n        19.2. 07:00\n    <\/p>\n<p>Herttuatar Meghanilta j\u00e4ttiuutinen: &#8221;Olen shokissa&#8221;\n    <\/p>\n<p itemprop=\"description\" class=\"subtitle \">\n    Herttuatar on hautonut salaisuuttaan jo hyv\u00e4n tovin.\n<\/p>\n<p>        <\/a><\/p>\n<p>Edustajalta tiukka viesti<\/p>\n<p class=\"article-content article-content-width !bg-background\">Herttuaparin edustaja kiist\u00e4\u00e4 v\u00e4itteet jyrk\u00e4sti\u00a0<a href=\"https:\/\/people.com\/meghan-markle-spokesperson-reacts-claims-she-took-dress-from-photo-shoot-11856683\" target=\"_blank\" rel=\"nofollow noopener\">People<\/a>-lehden mukaan.<\/p>\n<p class=\"article-content article-content-width !bg-background\">\u2013 V\u00e4ite siit\u00e4, ett\u00e4 tavaroita olisi otettu ilman stylistien tai heid\u00e4n tiimiens\u00e4 tietoa ja suostumusta, on t\u00e4ysin v\u00e4\u00e4r\u00e4 ja eritt\u00e4in loukkaava, edustaja sanoo.<\/p>\n<p class=\"article-content article-content-width !bg-background\">\u2013 Kaikki pidetyt tavarat otettiin t\u00e4ydess\u00e4 yhteisymm\u00e4rryksess\u00e4 ja sopimusj\u00e4rjestelyjen mukaisesti, h\u00e4n jatkaa.<\/p>\n<p class=\"article-content article-content-width !bg-background\">People-lehden l\u00e4hteiden mukaan on alalla yleinen k\u00e4yt\u00e4nt\u00f6, ett\u00e4 julkisuuden henkil\u00f6t saavat pit\u00e4\u00e4 osan kuvauksissa k\u00e4ytetyist\u00e4 vaatteista. Syyn\u00e4 voi olla muun muassa turvallisuus \u2013 kuninkaallisten k\u00e4ytt\u00e4mi\u00e4 asuja on aiemmin yritetty myyd\u00e4 tai huutokaupata luvatta.<\/p>\n<p class=\"article-content article-content-width !bg-background\">Kuninkaalliset eiv\u00e4t saa pit\u00e4\u00e4 vaatteitaan ilmaiseksi, ja sama s\u00e4\u00e4nt\u00f6 p\u00e4ti Meghaniin aina vuoteen 2020 asti. Sen sijaan h\u00e4n sai k\u00e4ytett\u00e4v\u00e4kseen budjetin, jonka h\u00e4n valitsi sijoittaa v\u00e4hemm\u00e4n tunnettujen merkkien vaatteisiin.<\/p>\n<p>        <a itemprop=\"url\" href=\"https:\/\/www.seiska.fi\/katso\/harryn-ja-meghanin-ero-kiinnostaa-netflixia\/1661770\" rel=\"nofollow noopener\" target=\"_blank\"><\/p>\n<p>\nHarry ja Meghan\n<\/p>\n<p class=\"section-date\">\n        <strong class=\"article-section\" data-section=\"katso\"><br \/>\n            katso<br \/>\n        <\/strong><br \/>\n        1.4. 16:15\n    <\/p>\n<p>Harryn ja Meghanin ero kiinnostaa Netflixi\u00e4\n    <\/p>\n<p itemprop=\"description\" class=\"subtitle \">\n    Onko suoratoistopalveluj\u00e4till\u00e4 taka-ajatuksia Sussexin herttuaparin varalle?\n<\/p>\n<p>        <\/a><\/p>\n<p>                <img decoding=\"async\" src=\"https:\/\/www.europesays.com\/fi\/wp-content\/uploads\/2025\/11\/2006650.webp\" width=\"576\" height=\"274\" alt=\"Meghanin n\u00e4ytt\u00e4v\u00e4 mekko n\u00e4kyy jouluspesiaalin trailerissa.\" loading=\"lazy\" \/>            <\/p>\n<p>\n            Meghanin n\u00e4ytt\u00e4v\u00e4 mekko n\u00e4kyy jouluspesiaalin trailerissa.<br \/>\n            NIPI \/ AOP\n        <\/p>\n","protected":false},"excerpt":{"rendered":"Stella Pictures \/ AOP Meghanin v\u00e4itettiin napanneen luksusmekon matkaansa ilman lupaa. Herttuatar , 44, on joutunut kohun keskelle&hellip;\n","protected":false},"author":2,"featured_media":102625,"comment_status":"","ping_status":"","sticky":false,"template":"","format":"standard","meta":{"footnotes":""},"categories":[130],"tags":[137,33,31,30,1383,212,1440,106,1416,32,2677,109,8050],"class_list":{"0":"post-102624","1":"post","2":"type-post","3":"status-publish","4":"format-standard","5":"has-post-thumbnail","7":"category-viihde","8":"tag-entertainment","9":"tag-fi","10":"tag-finland","11":"tag-finnish","12":"tag-herttuatar-meghan","13":"tag-lifestyle","14":"tag-meghan","15":"tag-muoti","16":"tag-prinssi-harry","17":"tag-suomi","18":"tag-tyyli","19":"tag-viihde","20":"tag-with-love"},"share_on_mastodon":{"url":"https:\/\/pubeurope.com\/@fi\/115629010672141462","error":""},"_links":{"self":[{"href":"https:\/\/www.europesays.com\/fi\/wp-json\/wp\/v2\/posts\/102624","targetHints":{"allow":["GET"]}}],"collection":[{"href":"https:\/\/www.europesays.com\/fi\/wp-json\/wp\/v2\/posts"}],"about":[{"href":"https:\/\/www.europesays.com\/fi\/wp-json\/wp\/v2\/types\/post"}],"author":[{"embeddable":true,"href":"https:\/\/www.europesays.com\/fi\/wp-json\/wp\/v2\/users\/2"}],"replies":[{"embeddable":true,"href":"https:\/\/www.europesays.com\/fi\/wp-json\/wp\/v2\/comments?post=102624"}],"version-history":[{"count":0,"href":"https:\/\/www.europesays.com\/fi\/wp-json\/wp\/v2\/posts\/102624\/revisions"}],"wp:featuredmedia":[{"embeddable":true,"href":"https:\/\/www.europesays.com\/fi\/wp-json\/wp\/v2\/media\/102625"}],"wp:attachment":[{"href":"https:\/\/www.europesays.com\/fi\/wp-json\/wp\/v2\/media?parent=102624"}],"wp:term":[{"taxonomy":"category","embeddable":true,"href":"https:\/\/www.europesays.com\/fi\/wp-json\/wp\/v2\/categories?post=102624"},{"taxonomy":"post_tag","embeddable":true,"href":"https:\/\/www.europesays.com\/fi\/wp-json\/wp\/v2\/tags?post=102624"}],"curies":[{"name":"wp","href":"https:\/\/api.w.org\/{rel}","templated":true}]}}