{"id":102626,"date":"2025-11-28T19:39:08","date_gmt":"2025-11-28T19:39:08","guid":{"rendered":"https:\/\/www.europesays.com\/fi\/102626\/"},"modified":"2025-11-28T19:39:08","modified_gmt":"2025-11-28T19:39:08","slug":"airbus-kutsuu-takaisin-suuren-maaran-a320-koneita-konemalli-kaytossa-myos-finnairilla","status":"publish","type":"post","link":"https:\/\/www.europesays.com\/fi\/102626\/","title":{"rendered":"Airbus kutsuu takaisin suuren m\u00e4\u00e4r\u00e4n A320-koneita\u2009\u2013\u2009konemalli k\u00e4yt\u00f6ss\u00e4 my\u00f6s Finnairilla"},"content":{"rendered":"<p class=\"teksti\">Eurooppalainen lentokonevalmistaja Airbus ilmoitti perjantaina m\u00e4\u00e4r\u00e4\u00e4v\u00e4ns\u00e4 v\u00e4litt\u00f6m\u00e4n ohjelmistop\u00e4ivityksen suurelle osalle suosituista A320-koneistaan, kertoo <a href=\"https:\/\/www.reuters.com\/business\/aerospace-defense\/airbus-issues-major-a320-recall-after-flight-control-incident-2025-11-28\/\" target=\"_blank\" rel=\"noopener nofollow\">uutistoimisto Reuters<\/a>. Ilmailualan l\u00e4hteiden mukaan p\u00e4ivitys koskee noin 6\u2009000 konetta, eli yli puolta maailman A320-laivueesta. Finnairin verkkosivuilla kerrotaan, ett\u00e4 sen laivastoon kuuluu 30 Airbus A320 -sarjan koneita, jotka ovat  k\u00e4yt\u00f6ss\u00e4 Finnairin lyhyess\u00e4 ja keskipitk\u00e4ss\u00e4 Euroopan liikenteess\u00e4. <\/p>\n<p class=\"teksti\">Airbus kertoi tiedotteessaan, ett\u00e4 voimakas auringons\u00e4teily voi h\u00e4irit\u00e4 lennonohjauksen kannalta kriittist\u00e4 dataa. Yhti\u00f6 my\u00f6nt\u00e4\u00e4, ett\u00e4 takaisinveto aiheuttaa toiminnallisia h\u00e4iri\u00f6it\u00e4 matkustajille ja asiakkaille.<\/p>\n<p class=\"teksti\">Euroopan unionin lentoturvallisuusvirasto (EASA) aikoo julkaista h\u00e4t\u00e4ilmoituksen koneiden lentokelpoisuudesta.<\/p>\n<p class=\"teksti\">Noin kahdelle kolmasosalle koneista takaisinkutsu p\u00e4ivitykseen tarkoittaa vain lyhytt\u00e4 maassaolojaksoa, kun lentoyhti\u00f6t palaavat edelliseen ohjelmistoversioon. Osa koneista saattaa kuitenkin vaatia my\u00f6s laitteistomuutoksia, mik\u00e4 voi johtaa viikkojen k\u00e4ytt\u00f6katkoihin.<\/p>\n<p class=\"teksti\">Konemallin viimeisin ongelmatapaus sattui 30. lokakuuta, jolloin Meksikon Cancunista New Jerseyyn matkalla ollut A320-lentokone teki h\u00e4t\u00e4laskun Floridaan ohjausongelmien ja \u00e4killisen korkeuden menetyksen takia. H\u00e4t\u00e4laskun vuoksi useita henkil\u00f6it\u00e4 vietiin sairaalaan.<\/p>\n","protected":false},"excerpt":{"rendered":"Eurooppalainen lentokonevalmistaja Airbus ilmoitti perjantaina m\u00e4\u00e4r\u00e4\u00e4v\u00e4ns\u00e4 v\u00e4litt\u00f6m\u00e4n ohjelmistop\u00e4ivityksen suurelle osalle suosituista A320-koneistaan, kertoo uutistoimisto Reuters. Ilmailualan l\u00e4hteiden mukaan&hellip;\n","protected":false},"author":2,"featured_media":102627,"comment_status":"","ping_status":"","sticky":false,"template":"","format":"standard","meta":{"footnotes":""},"categories":[76],"tags":[79,77,33,31,30,32,78],"class_list":{"0":"post-102626","1":"post","2":"type-post","3":"status-publish","4":"format-standard","5":"has-post-thumbnail","7":"category-talous","8":"tag-business","9":"tag-economy","10":"tag-fi","11":"tag-finland","12":"tag-finnish","13":"tag-suomi","14":"tag-talous"},"share_on_mastodon":{"url":"https:\/\/pubeurope.com\/@fi\/115629022884298995","error":""},"_links":{"self":[{"href":"https:\/\/www.europesays.com\/fi\/wp-json\/wp\/v2\/posts\/102626","targetHints":{"allow":["GET"]}}],"collection":[{"href":"https:\/\/www.europesays.com\/fi\/wp-json\/wp\/v2\/posts"}],"about":[{"href":"https:\/\/www.europesays.com\/fi\/wp-json\/wp\/v2\/types\/post"}],"author":[{"embeddable":true,"href":"https:\/\/www.europesays.com\/fi\/wp-json\/wp\/v2\/users\/2"}],"replies":[{"embeddable":true,"href":"https:\/\/www.europesays.com\/fi\/wp-json\/wp\/v2\/comments?post=102626"}],"version-history":[{"count":0,"href":"https:\/\/www.europesays.com\/fi\/wp-json\/wp\/v2\/posts\/102626\/revisions"}],"wp:featuredmedia":[{"embeddable":true,"href":"https:\/\/www.europesays.com\/fi\/wp-json\/wp\/v2\/media\/102627"}],"wp:attachment":[{"href":"https:\/\/www.europesays.com\/fi\/wp-json\/wp\/v2\/media?parent=102626"}],"wp:term":[{"taxonomy":"category","embeddable":true,"href":"https:\/\/www.europesays.com\/fi\/wp-json\/wp\/v2\/categories?post=102626"},{"taxonomy":"post_tag","embeddable":true,"href":"https:\/\/www.europesays.com\/fi\/wp-json\/wp\/v2\/tags?post=102626"}],"curies":[{"name":"wp","href":"https:\/\/api.w.org\/{rel}","templated":true}]}}