{"id":102630,"date":"2025-11-28T19:41:08","date_gmt":"2025-11-28T19:41:08","guid":{"rendered":"https:\/\/www.europesays.com\/fi\/102630\/"},"modified":"2025-11-28T19:41:08","modified_gmt":"2025-11-28T19:41:08","slug":"lakea-vyyhti-silja-laituri-menettaa-asuntoon-sijoittamansa-50-000-euroa-sama-kohtalo-on-pojalla-ja-aidilla-hs-fi","status":"publish","type":"post","link":"https:\/\/www.europesays.com\/fi\/102630\/","title":{"rendered":"Lakea-vyyhti | Silja Laituri menett\u00e4\u00e4 asuntoon sijoittamansa 50 000 euroa, sama kohtalo on pojalla ja \u00e4idill\u00e4 &#8211; HS.fi"},"content":{"rendered":"<ol>\n<li><a href=\"https:\/\/news.google.com\/rss\/articles\/CBMiWkFVX3lxTE82ZngzSElWRG5DNzhFQVRfMERQeVhBTkVpT0thZl9IRjhlMDlYX1d2VjhpSFQ2OTFSSnBmZ1p3SXJKOGdKYXNEeDJtUEJaWjgzdGtOazcyMHUyZw?oc=5\" target=\"_blank\" rel=\"nofollow noopener\">Lakea-vyyhti | Silja Laituri menett\u00e4\u00e4 asuntoon sijoittamansa 50 000 euroa, sama kohtalo on pojalla ja \u00e4idill\u00e4<\/a>&nbsp;&nbsp;HS.fi<\/li>\n<li><a href=\"https:\/\/news.google.com\/rss\/articles\/CBMiQkFVX3lxTE1pTTlzSi1jTmhibU5LZklaSlpVTHp6NzlDLWRuRzN1ckc1REtJUHdnZVVtb0c4TTlldzRkZl80MURyZw?oc=5\" target=\"_blank\" rel=\"nofollow noopener\">Lakean Omaksi-asukkaiden tilanne on nyt t\u00e4m\u00e4: hyv\u00e4ksy uusi vuokrasopimus tai muuta pois<\/a>&nbsp;&nbsp;Yle<\/li>\n<li><a href=\"https:\/\/news.google.com\/rss\/articles\/CBMiSEFVX3lxTE15WnYyNHU5bFFCYndyb0w1eTN0WG91UHBma08xSW5jN2tsYTNYb0NZa3BteDhuVGxEZ3U5YlhjbmNkam5HaDMtWA?oc=5\" target=\"_blank\" rel=\"nofollow noopener\">Lakean konkurssipes\u00e4t ottavat haltuun asunnot ja nostanevat vuokria<\/a>&nbsp;&nbsp;ts.fi<\/li>\n<li><a href=\"https:\/\/news.google.com\/rss\/articles\/CBMilgFBVV95cUxOTHNacEFUU2F1Z3M3Qi1kVHZsMk0wRzJlZFRkMHB4b3lDdG1oQk01MGZRTWlqMEdqU25jZ2lwdlB6anVDMXJqVjhGWjJCcUNKemRHbHpNQ3BscE8zdDdTcERzTDFieGFidE1QaG14cWFaZUxUNG44QzUzR1l4ZVV4M2hmcmVGVkNUazU0Q0VhVklOSE9LWVE?oc=5\" target=\"_blank\" rel=\"nofollow noopener\">Lakean Omaksi-asukkaat menettiv\u00e4t oikeudet hallita kotejaan \u2013 &#8221;T\u00e4ss\u00e4 tulee nyt joululahjaa kerrakseen&#8221;<\/a>&nbsp;&nbsp;Ilkka-Pohjalainen<\/li>\n<li><a href=\"https:\/\/news.google.com\/rss\/articles\/CBMifkFVX3lxTE1XWG41amJPTnNjN3d5TWtpNTZrbXQ0cm9UT3FJaXdFRU1hU3hVV05GNjJuOE83YzFDZjZXZ19UX3RZOFp2SkF0TTFFQzZpV2pLRmxrVXZsTWowQU8yRDJmdGsxbjYzWXFOQUZ1U0VPTlk4aWdUUkltRW1pV0xNZw?oc=5\" target=\"_blank\" rel=\"nofollow noopener\">Sadat suomalaiset ajautuivat Lakea-loukkuun: T\u00e4m\u00e4 on konkurssitalojen tilanne nyt<\/a>&nbsp;&nbsp;Talousel\u00e4m\u00e4<\/li>\n<\/ol>\n","protected":false},"excerpt":{"rendered":"Lakea-vyyhti | Silja Laituri menett\u00e4\u00e4 asuntoon sijoittamansa 50 000 euroa, sama kohtalo on pojalla ja \u00e4idill\u00e4&nbsp;&nbsp;HS.fi Lakean Omaksi-asukkaiden&hellip;\n","protected":false},"author":2,"featured_media":102631,"comment_status":"","ping_status":"","sticky":false,"template":"","format":"standard","meta":{"footnotes":""},"categories":[12],"tags":[22,23,26,27,33,31,30,17,46,24,25,28,29,15,18,21,32,19,20,16],"class_list":{"0":"post-102630","1":"post","2":"type-post","3":"status-publish","4":"format-standard","5":"has-post-thumbnail","7":"category-suomi","8":"tag-breaking-news","9":"tag-breakingnews","10":"tag-featured-news","11":"tag-featurednews","12":"tag-fi","13":"tag-finland","14":"tag-finnish","15":"tag-headlines","16":"tag-helsingin-sanomat","17":"tag-latest-news","18":"tag-latestnews","19":"tag-main-news","20":"tag-mainnews","21":"tag-news","22":"tag-otsikot","23":"tag-paauutiset","24":"tag-suomi","25":"tag-top-stories","26":"tag-topstories","27":"tag-uutiset"},"share_on_mastodon":{"url":"https:\/\/pubeurope.com\/@fi\/115629030390290840","error":""},"_links":{"self":[{"href":"https:\/\/www.europesays.com\/fi\/wp-json\/wp\/v2\/posts\/102630","targetHints":{"allow":["GET"]}}],"collection":[{"href":"https:\/\/www.europesays.com\/fi\/wp-json\/wp\/v2\/posts"}],"about":[{"href":"https:\/\/www.europesays.com\/fi\/wp-json\/wp\/v2\/types\/post"}],"author":[{"embeddable":true,"href":"https:\/\/www.europesays.com\/fi\/wp-json\/wp\/v2\/users\/2"}],"replies":[{"embeddable":true,"href":"https:\/\/www.europesays.com\/fi\/wp-json\/wp\/v2\/comments?post=102630"}],"version-history":[{"count":0,"href":"https:\/\/www.europesays.com\/fi\/wp-json\/wp\/v2\/posts\/102630\/revisions"}],"wp:featuredmedia":[{"embeddable":true,"href":"https:\/\/www.europesays.com\/fi\/wp-json\/wp\/v2\/media\/102631"}],"wp:attachment":[{"href":"https:\/\/www.europesays.com\/fi\/wp-json\/wp\/v2\/media?parent=102630"}],"wp:term":[{"taxonomy":"category","embeddable":true,"href":"https:\/\/www.europesays.com\/fi\/wp-json\/wp\/v2\/categories?post=102630"},{"taxonomy":"post_tag","embeddable":true,"href":"https:\/\/www.europesays.com\/fi\/wp-json\/wp\/v2\/tags?post=102630"}],"curies":[{"name":"wp","href":"https:\/\/api.w.org\/{rel}","templated":true}]}}