{"id":102632,"date":"2025-11-28T19:42:08","date_gmt":"2025-11-28T19:42:08","guid":{"rendered":"https:\/\/www.europesays.com\/fi\/102632\/"},"modified":"2025-11-28T19:42:08","modified_gmt":"2025-11-28T19:42:08","slug":"jyvaskylassa-sahkot-katkesivat-yli-4000lta-kotimaa","status":"publish","type":"post","link":"https:\/\/www.europesays.com\/fi\/102632\/","title":{"rendered":"Jyv\u00e4skyl\u00e4ss\u00e4 s\u00e4hk\u00f6t katkesivat yli 4000:lta | Kotimaa"},"content":{"rendered":"<p class=\"aw-1gybjub aw-5vja16 kEtdKx kmuxyA yle__article__paragraph\">Alvan s\u00e4hk\u00f6verkot k\u00e4ytt\u00f6p\u00e4\u00e4llikk\u00f6 Sakari Kauppisen mukaan s\u00e4hk\u00f6t on saatu palautettua.<\/p>\n<p>20:36\u2022P\u00e4ivitetty 21:31<\/p>\n<p class=\"aw-1gybjub aw-1p7kakr kEtdKx cEmitX yle__article__paragraph\">Alvan s\u00e4hk\u00f6verkot k\u00e4ytt\u00f6p\u00e4\u00e4llikk\u00f6 <strong class=\"aw-ak79eh KyCXm yle__article__strong\">Sakari Kauppinen<\/strong> kertoo, ett\u00e4 Jyv\u00e4skyl\u00e4n yli 4\u00a0000 kotitaloutta koskenut s\u00e4hk\u00f6katko on ohi, ja s\u00e4hk\u00f6t on saatu palautettua. My\u00f6sk\u00e4\u00e4n <a class=\"aw-iao6s4 iHOxEa yle__article__link\" href=\"https:\/\/asiakas.alva.fi\/Outages\/OutageReport\/\" role=\"link\" rel=\"nofollow noopener\" target=\"_blank\">Alvan h\u00e4iri\u00f6tietokartalla<\/a> ei en\u00e4\u00e4 s\u00e4hk\u00f6katkoja n\u00e4y.<\/p>\n<p class=\"aw-1gybjub aw-1p7kakr kEtdKx cEmitX yle__article__paragraph\">Kauppinen kertoo, ett\u00e4 s\u00e4hk\u00f6katkon aiheutti auto, joka oli ajanut s\u00e4hk\u00f6linjaa p\u00e4in Palokankaalla.<\/p>\n<p class=\"aw-1gybjub aw-1p7kakr kEtdKx cEmitX yle__article__paragraph\">Alva S\u00e4hk\u00f6verkon s\u00e4hk\u00f6njakelussa oli h\u00e4iri\u00f6 perjantai-iltana laajalla alueella: Sepp\u00e4l\u00e4nkangas, Huhtasuo, Kangaslampi, Sulku, Mannila, Sepp\u00e4l\u00e4, Kangasvuori, Taulum\u00e4ki, Palokankeskus, Keski-Palokka.<\/p>\n","protected":false},"excerpt":{"rendered":"Alvan s\u00e4hk\u00f6verkot k\u00e4ytt\u00f6p\u00e4\u00e4llikk\u00f6 Sakari Kauppisen mukaan s\u00e4hk\u00f6t on saatu palautettua. 20:36\u2022P\u00e4ivitetty 21:31 Alvan s\u00e4hk\u00f6verkot k\u00e4ytt\u00f6p\u00e4\u00e4llikk\u00f6 Sakari Kauppinen kertoo,&hellip;\n","protected":false},"author":2,"featured_media":74,"comment_status":"","ping_status":"","sticky":false,"template":"","format":"standard","meta":{"footnotes":""},"categories":[5],"tags":[22,23,2038,26,27,33,31,30,17,425,474,71,24,25,28,29,15,18,21,4059,32,19,20,16],"class_list":{"0":"post-102632","1":"post","2":"type-post","3":"status-publish","4":"format-standard","5":"has-post-thumbnail","7":"category-otsikot","8":"tag-breaking-news","9":"tag-breakingnews","10":"tag-energia","11":"tag-featured-news","12":"tag-featurednews","13":"tag-fi","14":"tag-finland","15":"tag-finnish","16":"tag-headlines","17":"tag-jyvaskyla","18":"tag-keski-suomi","19":"tag-kotimaa","20":"tag-latest-news","21":"tag-latestnews","22":"tag-main-news","23":"tag-mainnews","24":"tag-news","25":"tag-otsikot","26":"tag-paauutiset","27":"tag-sahkokatkot","28":"tag-suomi","29":"tag-top-stories","30":"tag-topstories","31":"tag-uutiset"},"share_on_mastodon":{"url":"https:\/\/pubeurope.com\/@fi\/115629034223062292","error":""},"_links":{"self":[{"href":"https:\/\/www.europesays.com\/fi\/wp-json\/wp\/v2\/posts\/102632","targetHints":{"allow":["GET"]}}],"collection":[{"href":"https:\/\/www.europesays.com\/fi\/wp-json\/wp\/v2\/posts"}],"about":[{"href":"https:\/\/www.europesays.com\/fi\/wp-json\/wp\/v2\/types\/post"}],"author":[{"embeddable":true,"href":"https:\/\/www.europesays.com\/fi\/wp-json\/wp\/v2\/users\/2"}],"replies":[{"embeddable":true,"href":"https:\/\/www.europesays.com\/fi\/wp-json\/wp\/v2\/comments?post=102632"}],"version-history":[{"count":0,"href":"https:\/\/www.europesays.com\/fi\/wp-json\/wp\/v2\/posts\/102632\/revisions"}],"wp:featuredmedia":[{"embeddable":true,"href":"https:\/\/www.europesays.com\/fi\/wp-json\/wp\/v2\/media\/74"}],"wp:attachment":[{"href":"https:\/\/www.europesays.com\/fi\/wp-json\/wp\/v2\/media?parent=102632"}],"wp:term":[{"taxonomy":"category","embeddable":true,"href":"https:\/\/www.europesays.com\/fi\/wp-json\/wp\/v2\/categories?post=102632"},{"taxonomy":"post_tag","embeddable":true,"href":"https:\/\/www.europesays.com\/fi\/wp-json\/wp\/v2\/tags?post=102632"}],"curies":[{"name":"wp","href":"https:\/\/api.w.org\/{rel}","templated":true}]}}