{"id":102634,"date":"2025-11-28T19:55:10","date_gmt":"2025-11-28T19:55:10","guid":{"rendered":"https:\/\/www.europesays.com\/fi\/102634\/"},"modified":"2025-11-28T19:55:10","modified_gmt":"2025-11-28T19:55:10","slug":"taiteen-eri-tekniikat-juhlivat-jyvaskylan-taiteilijaseuran-nayttelyssa-hoyry-gallerian-vuoden-viimeinen-nayttely-avautuu-lauantaina-korpilahdella-keski-suomi","status":"publish","type":"post","link":"https:\/\/www.europesays.com\/fi\/102634\/","title":{"rendered":"Taiteen eri tekniikat juhlivat Jyv\u00e4skyl\u00e4n taiteilijaseuran n\u00e4yttelyss\u00e4 \u2013\u2009H\u00f6yry-gallerian vuoden viimeinen n\u00e4yttely avautuu lauantaina Korpilahdella | Keski-Suomi"},"content":{"rendered":"<p>H\u00f6yry-gallerian n\u00e4yttelyvuoden p\u00e4\u00e4tt\u00e4\u00e4 Jyv\u00e4skyl\u00e4n taiteilijaseuran Loisto-n\u00e4yttely, joka juhlistaa taiteilijaseuran 80. juhlavuotta. Juhlavuoden aikana taiteilijaseura on pit\u00e4nyt jo kymmenen n\u00e4yttely\u00e4 ymp\u00e4ri Keski-Suomea, ja nyt on vuorossa 11. kattaus.<\/p>\n<p>\t\t<a class=\"diks-gallery__link\" href=\"https:\/\/i.media.fi\/incoming\/f5oucy\/11173921.jpg\/alternates\/FREE_1440\/11173921.jpg\" data-thumbnail=\"\" data-sub-html=\"Kaisa Koljonen ja Minja Revonkorpi teoksineen. Taustalla oikealla Aino Kajaniemen kuvakudos. Ulla Huttunen\" aria-label=\"Katso isompi kuva\" rel=\"nofollow noopener\" target=\"_blank\"><br \/>\n\t\t\t\t<img class=\"diks-figure__image\" src=\"https:\/\/www.europesays.com\/fi\/wp-content\/uploads\/2025\/11\/11173921.jpg\" loading=\"lazy\" decoding=\"sync\" alt=\"\"\/><\/p>\n<p>\t\t\t<\/a><br \/>\n\t\t\t\t\tKaisa Koljonen ja Minja Revonkorpi teoksineen. Taustalla oikealla Aino Kajaniemen kuvakudos. Ulla Huttunen<\/p>\n","protected":false},"excerpt":{"rendered":"H\u00f6yry-gallerian n\u00e4yttelyvuoden p\u00e4\u00e4tt\u00e4\u00e4 Jyv\u00e4skyl\u00e4n taiteilijaseuran Loisto-n\u00e4yttely, joka juhlistaa taiteilijaseuran 80. juhlavuotta. Juhlavuoden aikana taiteilijaseura on pit\u00e4nyt jo kymmenen&hellip;\n","protected":false},"author":2,"featured_media":102635,"comment_status":"","ping_status":"","sticky":false,"template":"","format":"standard","meta":{"footnotes":""},"categories":[135],"tags":[389,387,388,390,137,33,31,30,425,940,108,763,32,394,397,485,484,393,391,392,398,109],"class_list":{"0":"post-102634","1":"post","2":"type-post","3":"status-publish","4":"format-standard","5":"has-post-thumbnail","7":"category-taiteet-ja-suunnittelu","8":"tag-arts","9":"tag-arts-and-design","10":"tag-artsanddesign","11":"tag-design","12":"tag-entertainment","13":"tag-fi","14":"tag-finland","15":"tag-finnish","16":"tag-jyvaskyla","17":"tag-korpilahti","18":"tag-kulttuuri","19":"tag-kulttuuri-ja-viihde","20":"tag-suomi","21":"tag-suunnittelu","22":"tag-taide","23":"tag-taide-yleista","24":"tag-taiteellinen-ilmaisu-ja-mediat","25":"tag-taiteet","26":"tag-taiteet-ja-suunnittelu","27":"tag-taiteetsuunnittelu","28":"tag-taiteilija","29":"tag-viihde"},"share_on_mastodon":{"url":"https:\/\/pubeurope.com\/@fi\/115629085402977999","error":""},"_links":{"self":[{"href":"https:\/\/www.europesays.com\/fi\/wp-json\/wp\/v2\/posts\/102634","targetHints":{"allow":["GET"]}}],"collection":[{"href":"https:\/\/www.europesays.com\/fi\/wp-json\/wp\/v2\/posts"}],"about":[{"href":"https:\/\/www.europesays.com\/fi\/wp-json\/wp\/v2\/types\/post"}],"author":[{"embeddable":true,"href":"https:\/\/www.europesays.com\/fi\/wp-json\/wp\/v2\/users\/2"}],"replies":[{"embeddable":true,"href":"https:\/\/www.europesays.com\/fi\/wp-json\/wp\/v2\/comments?post=102634"}],"version-history":[{"count":0,"href":"https:\/\/www.europesays.com\/fi\/wp-json\/wp\/v2\/posts\/102634\/revisions"}],"wp:featuredmedia":[{"embeddable":true,"href":"https:\/\/www.europesays.com\/fi\/wp-json\/wp\/v2\/media\/102635"}],"wp:attachment":[{"href":"https:\/\/www.europesays.com\/fi\/wp-json\/wp\/v2\/media?parent=102634"}],"wp:term":[{"taxonomy":"category","embeddable":true,"href":"https:\/\/www.europesays.com\/fi\/wp-json\/wp\/v2\/categories?post=102634"},{"taxonomy":"post_tag","embeddable":true,"href":"https:\/\/www.europesays.com\/fi\/wp-json\/wp\/v2\/tags?post=102634"}],"curies":[{"name":"wp","href":"https:\/\/api.w.org\/{rel}","templated":true}]}}