{"id":102636,"date":"2025-11-28T19:59:09","date_gmt":"2025-11-28T19:59:09","guid":{"rendered":"https:\/\/www.europesays.com\/fi\/102636\/"},"modified":"2025-11-28T19:59:09","modified_gmt":"2025-11-28T19:59:09","slug":"eleanor-the-great-elokuvan-arvostelu","status":"publish","type":"post","link":"https:\/\/www.europesays.com\/fi\/102636\/","title":{"rendered":"Eleanor the Great \u2013 elokuvan arvostelu"},"content":{"rendered":"<p>94-vuotias Eleanor (<strong>June Squibb<\/strong>) viett\u00e4\u00e4 el\u00e4kep\u00e4ivi\u00e4\u00e4n parhaan yst\u00e4v\u00e4ns\u00e4 Bessien (<strong>Rita Zohar<\/strong>) kanssa. Kun Bessie menehtyy sairaalassa, Eleanor muuttaa v\u00e4liaikaisesti tytt\u00e4rens\u00e4 Lisan (<strong>Jessica Hecht<\/strong>) luokse asumaan. Lisa keksii \u00e4idilleen tekemist\u00e4, ja pian Eleanor l\u00f6yt\u00e4\u00e4 itsens\u00e4 toisen maailmansodan aikaisten juutalaisten tukiringist\u00e4.<\/p>\n<p>Eleanor tapaa nuoren naisen, Ninan (<strong>Erin Kellyman<\/strong>), joka tekee historiallista tutkimusta juutalaisten kokemuksista. Eleanor sepitt\u00e4\u00e4 Ninalle tarinan toisenmaailmansodan aikaisista tapahtumista, ja pian h\u00e4n p\u00e4\u00e4tyy tutkielman keskeiseksi henkil\u00f6ksi. Valitettavasti Eleanorin tarina ei ole h\u00e4nen vaan Bessien.<\/p>\n<p>Elokuva on alusta alkaen ongelmallinen. Sen tempo sakkaa pahasti eik\u00e4 yksik\u00e4\u00e4n hahmo Ninaa lukuun ottamatta kehity tarinan aikana. Etenkin p\u00e4\u00e4henkil\u00f6 Eleanor on rasittava ja haastava hahmo, josta on katsojana vaikea pit\u00e4\u00e4. Nina tuntuu itse asiassa enemm\u00e4nkin p\u00e4\u00e4hahmolta, sill\u00e4 h\u00e4nell\u00e4 on tarinassa enemm\u00e4n peliss\u00e4. H\u00e4nen persoonansa on samastuttava ja h\u00e4nen tekemisiss\u00e4\u00e4n on enemm\u00e4n j\u00e4rke\u00e4.<\/p>\n<p>Toisen maailmansodan aikaisten juutalaisten tarinat on t\u00e4rke\u00e4 aihealue, mutta elokuvan tapa k\u00e4sitell\u00e4 sit\u00e4 j\u00e4\u00e4 ontoksi. Musiikki ja tunnelma on v\u00e4\u00e4rin rytmitetty, ja leikkaus tuntuu hutiloidulta. K\u00e4sikirjoitus junnaa etenkin loppua kohden, mink\u00e4 vuoksi elokuva tuntuu pidemm\u00e4lt\u00e4 kuin se todellisuudessa on.<\/p>\n<p>Kritiikist\u00e4 huolimatta elokuvan parasta antia on Ninan ja Eleanorin v\u00e4linen suhde. Se on l\u00e4mminhenkinen ja uskottava, vaikka j\u00e4\u00e4kin lyhyeksi, sill\u00e4 elokuva tuntuu kiirehtiv\u00e4n alleviivaamaan juutalaisten traagista historiaa j\u00e4tt\u00e4en hahmot puolitiehen. Jos p\u00e4\u00e4henkil\u00f6 ei ole osannut el\u00e4\u00e4 94 vuotta itsens\u00e4 kanssa ja kokee ensimm\u00e4ist\u00e4 kertaa el\u00e4m\u00e4ss\u00e4\u00e4n yksin\u00e4isyyden tunteen, niin onkohan h\u00e4n koskaan kunnolla el\u00e4nyt?<\/p>\n<p>Werneri Pihlajam\u00e4ki<\/p>\n<p>                                                            Eleanor the Great -elokuvan traileri<br \/>\n                                <img loading=\"lazy\" decoding=\"async\" alt=\"YouTube video\" width=\"480\" height=\"360\" data-pin-nopin=\"true\" nopin=\"nopin\" class=\"perfmatters-lazy\" src=\"https:\/\/www.europesays.com\/fi\/wp-content\/uploads\/2025\/11\/1764359949_854_hqdefault.jpg\"\/>                                                        <\/p>\n","protected":false},"excerpt":{"rendered":"94-vuotias Eleanor (June Squibb) viett\u00e4\u00e4 el\u00e4kep\u00e4ivi\u00e4\u00e4n parhaan yst\u00e4v\u00e4ns\u00e4 Bessien (Rita Zohar) kanssa. Kun Bessie menehtyy sairaalassa, Eleanor muuttaa&hellip;\n","protected":false},"author":2,"featured_media":102637,"comment_status":"","ping_status":"","sticky":false,"template":"","format":"standard","meta":{"footnotes":""},"categories":[131],"tags":[155,137,33,173,31,30,172,32,109],"class_list":{"0":"post-102636","1":"post","2":"type-post","3":"status-publish","4":"format-standard","5":"has-post-thumbnail","7":"category-elokuvat","8":"tag-elokuvat","9":"tag-entertainment","10":"tag-fi","11":"tag-film","12":"tag-finland","13":"tag-finnish","14":"tag-movies","15":"tag-suomi","16":"tag-viihde"},"share_on_mastodon":{"url":"https:\/\/pubeurope.com\/@fi\/115629101490751634","error":""},"_links":{"self":[{"href":"https:\/\/www.europesays.com\/fi\/wp-json\/wp\/v2\/posts\/102636","targetHints":{"allow":["GET"]}}],"collection":[{"href":"https:\/\/www.europesays.com\/fi\/wp-json\/wp\/v2\/posts"}],"about":[{"href":"https:\/\/www.europesays.com\/fi\/wp-json\/wp\/v2\/types\/post"}],"author":[{"embeddable":true,"href":"https:\/\/www.europesays.com\/fi\/wp-json\/wp\/v2\/users\/2"}],"replies":[{"embeddable":true,"href":"https:\/\/www.europesays.com\/fi\/wp-json\/wp\/v2\/comments?post=102636"}],"version-history":[{"count":0,"href":"https:\/\/www.europesays.com\/fi\/wp-json\/wp\/v2\/posts\/102636\/revisions"}],"wp:featuredmedia":[{"embeddable":true,"href":"https:\/\/www.europesays.com\/fi\/wp-json\/wp\/v2\/media\/102637"}],"wp:attachment":[{"href":"https:\/\/www.europesays.com\/fi\/wp-json\/wp\/v2\/media?parent=102636"}],"wp:term":[{"taxonomy":"category","embeddable":true,"href":"https:\/\/www.europesays.com\/fi\/wp-json\/wp\/v2\/categories?post=102636"},{"taxonomy":"post_tag","embeddable":true,"href":"https:\/\/www.europesays.com\/fi\/wp-json\/wp\/v2\/tags?post=102636"}],"curies":[{"name":"wp","href":"https:\/\/api.w.org\/{rel}","templated":true}]}}