{"id":102643,"date":"2025-11-28T20:05:16","date_gmt":"2025-11-28T20:05:16","guid":{"rendered":"https:\/\/www.europesays.com\/fi\/102643\/"},"modified":"2025-11-28T20:05:16","modified_gmt":"2025-11-28T20:05:16","slug":"suomen-bruttokansantuote-kutistui-ilta-sanomat","status":"publish","type":"post","link":"https:\/\/www.europesays.com\/fi\/102643\/","title":{"rendered":"Suomen bruttokansantuote kutistui &#8211; Ilta-Sanomat"},"content":{"rendered":"<p>Yksityinen kulutus kasvoi edelt\u00e4v\u00e4\u00e4n nelj\u00e4nnekseen verrattuna.<\/p>\n<p class=\"article-body mb-nof-24 px-nof-16\">Suomen bruttokansantuote pieneni hein\u00e4-syyskuussa 0,3 prosenttia edelliseen vuosinelj\u00e4nnekseen verrattuna, kertoo Tilastokeskus. Ty\u00f6p\u00e4iv\u00e4korjattu bruttokansantuote pieneni 0,6 prosenttia viime vuoden hein\u00e4-syyskuusta.<\/p>\n<p class=\"article-body mb-nof-24 px-nof-16\">Yksityinen kulutus kasvoi hein\u00e4-syyskuussa 0,2 prosenttia huhti-kes\u00e4kuuhun verrattuna. Julkiset kulutusmenot puolestaan v\u00e4heniv\u00e4t kolmannella vuosinelj\u00e4nneksell\u00e4 0,2 prosenttia edellisen nelj\u00e4nneksen tasosta.<\/p>\n<p class=\"article-body mb-nof-24 px-nof-16\">Yksityiset investoinnit kasvoivat hein\u00e4-syyskuussa 0,6 prosenttia edellisest\u00e4 nelj\u00e4nneksest\u00e4. Julkiset investoinnit v\u00e4heniv\u00e4t samaan aikaan 4,0 prosenttia.<\/p>\n<p class=\"article-body mb-nof-24 px-nof-16\">Suomen viennin volyymi kasvoi Tilastokeskuksen mukaan hein\u00e4-syyskuussa 2,0 prosenttia edellisest\u00e4 vuosinelj\u00e4nneksest\u00e4. Tuonnin volyymi kasvoi samaan aikaan 2,1 prosenttia.<\/p>\n<p class=\"article-body mb-nof-24 px-nof-16\">Suomen bruttokansantuotteen kehitys kulkee eri suuntaan kuin EU-maissa keskim\u00e4\u00e4rin, sill\u00e4 Eurostatin ennakkotietojen mukaan EU-alueen bruttokansantuote kasvoi hein\u00e4-syyskuussa 0,3 prosenttia edelliseen nelj\u00e4nnekseen verrattuna.<\/p>\n","protected":false},"excerpt":{"rendered":"Yksityinen kulutus kasvoi edelt\u00e4v\u00e4\u00e4n nelj\u00e4nnekseen verrattuna. Suomen bruttokansantuote pieneni hein\u00e4-syyskuussa 0,3 prosenttia edelliseen vuosinelj\u00e4nnekseen verrattuna, kertoo Tilastokeskus. Ty\u00f6p\u00e4iv\u00e4korjattu&hellip;\n","protected":false},"author":2,"featured_media":102644,"comment_status":"","ping_status":"","sticky":false,"template":"","format":"standard","meta":{"footnotes":""},"categories":[76],"tags":[79,77,33,31,30,34,32,78],"class_list":{"0":"post-102643","1":"post","2":"type-post","3":"status-publish","4":"format-standard","5":"has-post-thumbnail","7":"category-talous","8":"tag-business","9":"tag-economy","10":"tag-fi","11":"tag-finland","12":"tag-finnish","13":"tag-ilta-sanomat","14":"tag-suomi","15":"tag-talous"},"share_on_mastodon":{"url":"https:\/\/pubeurope.com\/@fi\/115629124845627136","error":""},"_links":{"self":[{"href":"https:\/\/www.europesays.com\/fi\/wp-json\/wp\/v2\/posts\/102643","targetHints":{"allow":["GET"]}}],"collection":[{"href":"https:\/\/www.europesays.com\/fi\/wp-json\/wp\/v2\/posts"}],"about":[{"href":"https:\/\/www.europesays.com\/fi\/wp-json\/wp\/v2\/types\/post"}],"author":[{"embeddable":true,"href":"https:\/\/www.europesays.com\/fi\/wp-json\/wp\/v2\/users\/2"}],"replies":[{"embeddable":true,"href":"https:\/\/www.europesays.com\/fi\/wp-json\/wp\/v2\/comments?post=102643"}],"version-history":[{"count":0,"href":"https:\/\/www.europesays.com\/fi\/wp-json\/wp\/v2\/posts\/102643\/revisions"}],"wp:featuredmedia":[{"embeddable":true,"href":"https:\/\/www.europesays.com\/fi\/wp-json\/wp\/v2\/media\/102644"}],"wp:attachment":[{"href":"https:\/\/www.europesays.com\/fi\/wp-json\/wp\/v2\/media?parent=102643"}],"wp:term":[{"taxonomy":"category","embeddable":true,"href":"https:\/\/www.europesays.com\/fi\/wp-json\/wp\/v2\/categories?post=102643"},{"taxonomy":"post_tag","embeddable":true,"href":"https:\/\/www.europesays.com\/fi\/wp-json\/wp\/v2\/tags?post=102643"}],"curies":[{"name":"wp","href":"https:\/\/api.w.org\/{rel}","templated":true}]}}