{"id":102649,"date":"2025-11-28T20:08:09","date_gmt":"2025-11-28T20:08:09","guid":{"rendered":"https:\/\/www.europesays.com\/fi\/102649\/"},"modified":"2025-11-28T20:08:09","modified_gmt":"2025-11-28T20:08:09","slug":"karmea-tieto-hongkongin-tulipalosta-ilta-sanomat","status":"publish","type":"post","link":"https:\/\/www.europesays.com\/fi\/102649\/","title":{"rendered":"Karmea tieto Hongkongin tulipalosta &#8211; Ilta-Sanomat"},"content":{"rendered":"<p>Asukkaat olivat varoittaneet viranomaisia syttymisherkist\u00e4 rakennusmateriaaleista. Viranomaiset eiv\u00e4t est\u00e4neet niiden k\u00e4ytt\u00f6\u00e4.<\/p>\n<p class=\"article-body mb-nof-24 px-nof-16\">Hongkongin turmatalojen asukkaat olivat varoittaneet viranomaisia jo yli vuosi ennen keskiviikkona syttynytt\u00e4 tulipaloa, kertoo <a class=\"article-genericlink article-em\" href=\"https:\/\/www.nytimes.com\/2025\/11\/28\/world\/asia\/hong-kong-fire-officials-warned.html\" rel=\"nofollow noopener\" target=\"_blank\">New York Times<\/a>. Asukkaat olivat huolissaan turvallisuus\u00adpuutteista rakennusty\u00f6maalla.<\/p>\n<p class=\"article-body mb-nof-24 px-nof-16\">Ainakin 128 ihmist\u00e4 on kuollut ja 79 loukkaantunut tornitalojen tulipalossa Hongkongissa. Noin 200 ihmist\u00e4 oli perjantaina edelleen kateissa.<\/p>\n<p class=\"article-body mb-nof-24 px-nof-16\">Tulipalo syttyi Tai Pon kaupunginosassa keskiviikkona iltap\u00e4iv\u00e4ll\u00e4 paikallista aikaa. Palo syttyi kahdeksan kerrostalon kokonaisuudessa, jossa on noin 2\u202f000 asuntoa, ja levisi taloista seitsem\u00e4\u00e4n.<\/p>\n<p class=\"article-body mb-nof-24 px-nof-16\">Rakennuskompleksia remontoitiin palon aikaan. Palon ep\u00e4ill\u00e4\u00e4n saaneen alkunsa alempien kerrosten suojaverkosta. Suojaverkosta tuli levisi styrox-levyihin ja bambusta tehtyihin rakennustelineisiin.<\/p>\n<p><img decoding=\"async\" src=\"https:\/\/www.europesays.com\/fi\/wp-content\/uploads\/2025\/11\/1764360489_634_468.jpg\" alt=\"Talot k\u00e4rsiv\u00e4t tulipalossa pahoin.\" class=\"_Img_1rerz_1\" style=\"aspect-ratio:1.7777777777777777\" loading=\"eager\"\/><\/p>\n<p class=\"article-picture-caption\">Talot k\u00e4rsiv\u00e4t tulipalossa pahoin. Kuva:\u00a0Vernon Yuen \/ ZUMA<\/p>\n<p class=\"article-body mb-nof-24 px-nof-16\">NYT:n mukaan juuri n\u00e4iden materiaalien paloturvallisuudesta huolestuneet asukkaat olivat ottaneet yhteytt\u00e4 kaupungin viranomaisiin. Lehden n\u00e4kemien s\u00e4hk\u00f6postiviestien mukaan asukkaat olivat esitt\u00e4neet huoliaan jo vuoden 2024 syyskuusta l\u00e4htien.<\/p>\n<p class=\"article-body mb-nof-24 px-nof-16\">Asukkaat olivat valittaneet niin suojaverkosta kuin styrox-levyist\u00e4kin. Kaupungin viranomaiset ovat nyt vahvistaneet palon levinneen niiden v\u00e4lityksell\u00e4.<\/p>\n<p class=\"article-body mb-nof-24 px-nof-16\">NYT:lle toimittamassaan lausunnossa kaupungin viranomaiset vahvistivat saaneensa asukkailta valituksia suojaverkosta. Viranomaisten mukaan paikalla oli suoritettu 16 tarkastusta viime hein\u00e4kuun j\u00e4lkeen. Viimeisin tarkastus oli tehty viikko ennen paloa.<\/p>\n<p class=\"article-body mb-nof-24 px-nof-16\">Viranomaiset olivat l\u00f6yt\u00e4neet rakennusty\u00f6maalta useita turvallisuuspuutteita, ja varoittaneet rakennusyrityst\u00e4 turvattomista ty\u00f6oloista.<\/p>\n<p class=\"article-body mb-nof-24 px-nof-16\">Rakennusty\u00f6maan toiminta sai kuitenkin jatkua.<\/p>\n<p class=\"article-body mb-nof-24 px-nof-16\">Asukkaat ovat kertoneet palon j\u00e4lkeen medialle n\u00e4hneens\u00e4 my\u00f6s esimerkiksi tupakantumppeja bambusta tehdyill\u00e4 rakennustelineill\u00e4.<\/p>\n<p class=\"article-body mb-nof-24 px-nof-16\">\u2013 Ihmiset kyseliv\u00e4t, mit\u00e4 tapahtuisi, jos syttyisi tulipalo. Kaikki olivat huolissaan, 33-vuotias nainen kertoi aiemmin BBC:lle.<\/p>\n<p class=\"article-body mb-nof-24 px-nof-16\">Pelastusp\u00e4\u00e4llikk\u00f6 <a class=\"article-personlink\" href=\"https:\/\/www.is.fi\/haku\/?query=Andy%20Yeungin\" rel=\"nofollow noopener\" target=\"_blank\">Andy Yeungin<\/a> mukaan kaikkien talojen paloh\u00e4lytysj\u00e4rjestelm\u00e4 oli lis\u00e4ksi ep\u00e4kunnossa.<\/p>\n<p class=\"article-body mb-nof-24 px-nof-16\">\u2013\u2009Ryhdymme toimenpiteisiin asiasta vastannutta urakoitsijaa vastaan, Yeung sanoi lehdist\u00f6\u00adtilaisuudessa.<\/p>\n<p class=\"article-body mb-nof-24 px-nof-16\">Sammutusty\u00f6t saatiin p\u00e4\u00e4t\u00f6kseen perjantaina aamuy\u00f6ll\u00e4 Suomen aikaa. Palon syttymissyyst\u00e4 ei ole viel\u00e4 tietoa.<\/p>\n","protected":false},"excerpt":{"rendered":"Asukkaat olivat varoittaneet viranomaisia syttymisherkist\u00e4 rakennusmateriaaleista. Viranomaiset eiv\u00e4t est\u00e4neet niiden k\u00e4ytt\u00f6\u00e4. Hongkongin turmatalojen asukkaat olivat varoittaneet viranomaisia jo&hellip;\n","protected":false},"author":2,"featured_media":102650,"comment_status":"","ping_status":"","sticky":false,"template":"","format":"standard","meta":{"footnotes":""},"categories":[5],"tags":[22,23,26,27,33,31,30,17,34,24,25,28,29,15,18,21,32,19,20,16],"class_list":{"0":"post-102649","1":"post","2":"type-post","3":"status-publish","4":"format-standard","5":"has-post-thumbnail","7":"category-otsikot","8":"tag-breaking-news","9":"tag-breakingnews","10":"tag-featured-news","11":"tag-featurednews","12":"tag-fi","13":"tag-finland","14":"tag-finnish","15":"tag-headlines","16":"tag-ilta-sanomat","17":"tag-latest-news","18":"tag-latestnews","19":"tag-main-news","20":"tag-mainnews","21":"tag-news","22":"tag-otsikot","23":"tag-paauutiset","24":"tag-suomi","25":"tag-top-stories","26":"tag-topstories","27":"tag-uutiset"},"share_on_mastodon":{"url":"https:\/\/pubeurope.com\/@fi\/115629136743993675","error":""},"_links":{"self":[{"href":"https:\/\/www.europesays.com\/fi\/wp-json\/wp\/v2\/posts\/102649","targetHints":{"allow":["GET"]}}],"collection":[{"href":"https:\/\/www.europesays.com\/fi\/wp-json\/wp\/v2\/posts"}],"about":[{"href":"https:\/\/www.europesays.com\/fi\/wp-json\/wp\/v2\/types\/post"}],"author":[{"embeddable":true,"href":"https:\/\/www.europesays.com\/fi\/wp-json\/wp\/v2\/users\/2"}],"replies":[{"embeddable":true,"href":"https:\/\/www.europesays.com\/fi\/wp-json\/wp\/v2\/comments?post=102649"}],"version-history":[{"count":0,"href":"https:\/\/www.europesays.com\/fi\/wp-json\/wp\/v2\/posts\/102649\/revisions"}],"wp:featuredmedia":[{"embeddable":true,"href":"https:\/\/www.europesays.com\/fi\/wp-json\/wp\/v2\/media\/102650"}],"wp:attachment":[{"href":"https:\/\/www.europesays.com\/fi\/wp-json\/wp\/v2\/media?parent=102649"}],"wp:term":[{"taxonomy":"category","embeddable":true,"href":"https:\/\/www.europesays.com\/fi\/wp-json\/wp\/v2\/categories?post=102649"},{"taxonomy":"post_tag","embeddable":true,"href":"https:\/\/www.europesays.com\/fi\/wp-json\/wp\/v2\/tags?post=102649"}],"curies":[{"name":"wp","href":"https:\/\/api.w.org\/{rel}","templated":true}]}}