{"id":102659,"date":"2025-11-28T20:28:17","date_gmt":"2025-11-28T20:28:17","guid":{"rendered":"https:\/\/www.europesays.com\/fi\/102659\/"},"modified":"2025-11-28T20:28:17","modified_gmt":"2025-11-28T20:28:17","slug":"ilta-sanomat-ensitreffit-alttarilla-ohjelman-matti-avautuu-ex-kumppanistaan","status":"publish","type":"post","link":"https:\/\/www.europesays.com\/fi\/102659\/","title":{"rendered":"Ilta-Sanomat: Ensitreffit Alttarilla -ohjelman Matti avautuu ex-kumppanistaan"},"content":{"rendered":"<p>\n            Kumppaniltaan Matti toivoo loputtomia mielenkiintoisia keskusteluita.<br \/>\n            MTV\n        <\/p>\n<p class=\"subtitle \">Ensitreffit Matin ja Tuulan liitto ei kest\u00e4nyt. Matti kertoo nyt Ilta-Sanomien haastattelussa, mit\u00e4 tulevalta kumppaniltaan toivoo.<\/p>\n<p class=\"article-content article-content-width !bg-background\">Tuoreimmalla Ensitreffit alttarilla -ohjelman kaudella avioliittoon asteli  ja .<\/p>\n<p class=\"font-weight-bold m-font-weight-bold article-content article-content-width !bg-background\">Video: Ensitreffit Alttarilla -pariskunta kinastelee alttarilla.\u00a0<\/p>\n<p class=\"article-content article-content-width !bg-background\">Pian k\u00e4vi selv\u00e4ksi, ett\u00e4 Elisa ja Matti olivat liian erilaisia. Elisan suorasanaiset kommentit nousivat esiin mediassa, ja ne her\u00e4ttiv\u00e4t paljon keskustelua katsojien keskuudessa. Elisa ruoti muun muassa puolisonsa ulkon\u00e4k\u00f6\u00e4. Erityisesti Elisa oli tyytym\u00e4t\u00f6n siihen, ettei saanut kumppaniltaan fyysist\u00e4 l\u00e4heisyytt\u00e4.<\/p>\n<p class=\"article-content article-content-width !bg-background\">Kauden p\u00e4\u00e4tteeksi Elisa arvioi, ettei Matti ole h\u00e4nelle tarpeeksi vahva ihminen, sill\u00e4 h\u00e4n kaipaa rinnalleen haastetta.<\/p>\n<p class=\"article-content article-content-width !bg-background\">Mit\u00e4\u00e4n suhdetta heid\u00e4n v\u00e4lilleen ei syntynyt.\u00a0<\/p>\n<p>        <a itemprop=\"url\" href=\"https:\/\/www.seiska.fi\/katso\/nakokulma-ensitreffit-alttarilla-floppasi-pahasti\/1997804\" rel=\"nofollow noopener\" target=\"_blank\"><\/p>\n<p>\nN\u00e4k\u00f6kulma\n<\/p>\n<p class=\"section-date\">\n        <strong class=\"article-section\" data-section=\"katso\"><br \/>\n            katso<br \/>\n        <\/strong><br \/>\n        20.11. 07:15\n    <\/p>\n<p>N\u00e4k\u00f6kulma: Ensitreffit alttarilla floppasi pahasti\n    <\/p>\n<p itemprop=\"description\" class=\"subtitle \">\n    Ensitreffit alttarilla -kaudesta j\u00e4i p\u00e4\u00e4llimm\u00e4isen\u00e4 mieleen j\u00e4\u00e4t\u00e4v\u00e4 tunnelma.\n<\/p>\n<p>        <\/a><\/p>\n<p>&#8221;Oma perse on paras perse&#8221;<\/p>\n<p class=\"article-content article-content-width !bg-background\">Matti kertoo nyt <a href=\"https:\/\/www.is.fi\/viihde\/art-2000011650550.html\" target=\"_blank\" rel=\"nofollow noopener\">Ilta-Sanomien<\/a> haastattelussa, ett\u00e4 yhteydet katkesivat Elisaan ohjelman j\u00e4lkeen. Samassa h\u00e4n toteaa, ettei h\u00e4nell\u00e4 ole naisesta mit\u00e4\u00e4n pahaa sanottavaa.<\/p>\n<p class=\"article-content article-content-width !bg-background\">Kuvausten j\u00e4lkeen Matti kertoo muuttaneensa Lahteen. H\u00e4n on t\u00e4ll\u00e4 hetkell\u00e4 sinkku. Kevyt deittailu ei kiinnosta, vaan Matti haaveilee el\u00e4m\u00e4nkumppanista.<\/p>\n<p class=\"article-content article-content-width !bg-background\">Matti l\u00e4hti ohjelmaan, koska halusi skipata deittailuvaiheen ja menn\u00e4 suoraan naimisiin.<\/p>\n<p class=\"article-content article-content-width !bg-background\">\u2013 Uusien ihmisten tapaaminen on kuluttavaa minulle. Varmaan toki kaikille, mutta kun haluan tehd\u00e4 sen tosissani ja t\u00e4ysill\u00e4, Matti toteaa IS:lle.<\/p>\n<p>        <a itemprop=\"url\" href=\"https:\/\/www.seiska.fi\/katso\/ensitreffit-matti-leikkasi-siniset-hiuksensa-nain-kavi-kuvausten-jalkeen\/1992317\" rel=\"nofollow noopener\" target=\"_blank\"><\/p>\n<p>\nEnsitreffit alttarilla -Matti\n<\/p>\n<p class=\"section-date\">\n        <strong class=\"article-section\" data-section=\"katso\"><br \/>\n            katso<br \/>\n        <\/strong><br \/>\n        13.11. 16:45\n    <\/p>\n<p>Ensitreffit-Matti leikkasi siniset hiuksensa \u2013 n\u00e4in k\u00e4vi kuvausten j\u00e4lkeen\n    <\/p>\n<p itemprop=\"description\" class=\"subtitle \">\n    Matti kertoo viimeisess\u00e4 Ensitreffit alttarilla-jaksossa el\u00e4m\u00e4ns\u00e4 uudet k\u00e4\u00e4nteet.\n<\/p>\n<p>        <\/a><\/p>\n<p>                <img decoding=\"async\" src=\"https:\/\/www.europesays.com\/fi\/wp-content\/uploads\/2025\/11\/1940938.webp\" width=\"576\" height=\"274\" title=\"Matti arvostaa ihmisi\u00e4, jotka kohtelevat toisiaan hyvin.\" alt=\"Ensitreffit alttarilla Matti ja Elisa\" loading=\"lazy\" \/>            <\/p>\n<p>\n            Matti arvostaa ihmisi\u00e4, jotka kohtelevat toisiaan hyvin.<br \/>\n            MTV\n        <\/p>\n<p class=\"article-content article-content-width !bg-background\">Matti toivoo tulevalta kumppaniltaan samoja asioita, mit\u00e4 ohjelmaan l\u00e4htiess\u00e4kin. T\u00e4rkeit\u00e4 piirteit\u00e4 h\u00e4nelle on huumorintaju ja intohimo.<\/p>\n<p class=\"article-content article-content-width !bg-background\">\u2013 Ja ett\u00e4 kohtelee ihmisi\u00e4 hyvin, minua mukaan lukien. Se on sellainen ominaisuus, jota arvostan ihmisiss\u00e4, h\u00e4n tuumii.<\/p>\n<p class=\"article-content article-content-width !bg-background\">\u2013 Tied\u00e4n, ett\u00e4 oma perse on paras perse, mutta joskus mietin, ett\u00e4 jengin olisi hyv\u00e4 oikeasti ajatella joitain muitakin. Kokeilisi, milt\u00e4 se tuntuu.<\/p>\n<p class=\"article-content article-content-width !bg-background\">Samassa artikkelissa Matti paljastaa, ett\u00e4 h\u00e4n alkaa tubettaa el\u00e4m\u00e4st\u00e4\u00e4n omalla kanavallaan.<\/p>\n<p class=\"italic m-italic article-content article-content-width !bg-background\">Ensitreffit Alttarilla katsottavissa MTV3-kanavalla ja MTV Katsomossa.\u00a0<\/p>\n<p>        <a itemprop=\"url\" href=\"https:\/\/www.seiska.fi\/kotimaa\/ensitreffit-tuula-vauvauutinen-takana-syopataistelu\/1992759\" rel=\"nofollow noopener\" target=\"_blank\"><\/p>\n<p>\nEnsitreffit-Tuula sel\u00e4tti sy\u00f6v\u00e4n\n<\/p>\n<p class=\"section-date\">\n        <strong class=\"article-section\" data-section=\"kotimaa\"><br \/>\n            kotimaa<br \/>\n        <\/strong><br \/>\n        14.11. 07:27\n    <\/p>\n<p>Ensitreffit-Tuula: Vauvauutinen \u2013 takana sy\u00f6p\u00e4taistelu\n    <\/p>\n<p itemprop=\"description\" class=\"subtitle \">\n    Tuula kertoo ilouutisesta terveyshuolien j\u00e4lkeen.\n<\/p>\n<p>        <\/a><\/p>\n","protected":false},"excerpt":{"rendered":"Kumppaniltaan Matti toivoo loputtomia mielenkiintoisia keskusteluita. MTV Ensitreffit Matin ja Tuulan liitto ei kest\u00e4nyt. Matti kertoo nyt Ilta-Sanomien&hellip;\n","protected":false},"author":2,"featured_media":102660,"comment_status":"","ping_status":"","sticky":false,"template":"","format":"standard","meta":{"footnotes":""},"categories":[130],"tags":[9179,1075,1744,1657,8285,8284,137,1664,400,33,31,30,34,1801,4937,905,1496,8193,1417,32,109],"class_list":{"0":"post-102659","1":"post","2":"type-post","3":"status-publish","4":"format-standard","5":"has-post-thumbnail","7":"category-viihde","8":"tag-avautuminen","9":"tag-avioliitto","10":"tag-elisa","11":"tag-ensitreffit-alttarilla","12":"tag-ensitreffit-alttarilla-elisa","13":"tag-ensitreffit-alttarilla-matti","14":"tag-entertainment","15":"tag-ero","16":"tag-espoo","17":"tag-fi","18":"tag-finland","19":"tag-finnish","20":"tag-ilta-sanomat","21":"tag-lahti","22":"tag-matti","23":"tag-mtv3","24":"tag-parisuhde","25":"tag-sinkku","26":"tag-suhde","27":"tag-suomi","28":"tag-viihde"},"share_on_mastodon":{"url":"https:\/\/pubeurope.com\/@fi\/115629215322687898","error":""},"_links":{"self":[{"href":"https:\/\/www.europesays.com\/fi\/wp-json\/wp\/v2\/posts\/102659","targetHints":{"allow":["GET"]}}],"collection":[{"href":"https:\/\/www.europesays.com\/fi\/wp-json\/wp\/v2\/posts"}],"about":[{"href":"https:\/\/www.europesays.com\/fi\/wp-json\/wp\/v2\/types\/post"}],"author":[{"embeddable":true,"href":"https:\/\/www.europesays.com\/fi\/wp-json\/wp\/v2\/users\/2"}],"replies":[{"embeddable":true,"href":"https:\/\/www.europesays.com\/fi\/wp-json\/wp\/v2\/comments?post=102659"}],"version-history":[{"count":0,"href":"https:\/\/www.europesays.com\/fi\/wp-json\/wp\/v2\/posts\/102659\/revisions"}],"wp:featuredmedia":[{"embeddable":true,"href":"https:\/\/www.europesays.com\/fi\/wp-json\/wp\/v2\/media\/102660"}],"wp:attachment":[{"href":"https:\/\/www.europesays.com\/fi\/wp-json\/wp\/v2\/media?parent=102659"}],"wp:term":[{"taxonomy":"category","embeddable":true,"href":"https:\/\/www.europesays.com\/fi\/wp-json\/wp\/v2\/categories?post=102659"},{"taxonomy":"post_tag","embeddable":true,"href":"https:\/\/www.europesays.com\/fi\/wp-json\/wp\/v2\/tags?post=102659"}],"curies":[{"name":"wp","href":"https:\/\/api.w.org\/{rel}","templated":true}]}}