{"id":102667,"date":"2025-11-28T20:33:08","date_gmt":"2025-11-28T20:33:08","guid":{"rendered":"https:\/\/www.europesays.com\/fi\/102667\/"},"modified":"2025-11-28T20:33:08","modified_gmt":"2025-11-28T20:33:08","slug":"huumeparoni-paasi-vapaaksi-ja-katosi-kansanedustaja-varoittaa-vakavasta-ongelmasta-iltalehti","status":"publish","type":"post","link":"https:\/\/www.europesays.com\/fi\/102667\/","title":{"rendered":"Huumeparoni p\u00e4\u00e4si vapaaksi ja katosi \u2013 Kansanedustaja varoittaa vakavasta ongelmasta &#8211; Iltalehti"},"content":{"rendered":"<ol>\n<li><a href=\"https:\/\/news.google.com\/rss\/articles\/CBMif0FVX3lxTE9zQ0FmMTR3cjlNZ2VvZGc4S2tqS2pORGlTd2RCTkZsWTctenQ4QW5pbUMyVl9yTmJzR0lSSE03ZGZtTDQwbHg3QndENG5RNFA5N3RpenpTdzhrcS1zbGl4ZG9sRE00OTl3V05iMVlUNmlRbGpocG0wUmU3d0VzZVE?oc=5\" target=\"_blank\" rel=\"nofollow noopener\">Huumeparoni p\u00e4\u00e4si vapaaksi ja katosi \u2013 Kansanedustaja varoittaa vakavasta ongelmasta<\/a>&nbsp;&nbsp;Iltalehti<\/li>\n<li><a href=\"https:\/\/news.google.com\/rss\/articles\/CBMiYEFVX3lxTFA0X0Q3TkF1MXc3Sk40bDdyY2p6SkpEYXlZb2NhbW9GeFFNek9za2NERFcxb0Rzcm1NdXB2bkxjQm1PVlQ3ZFNqZklhb2FnX2dZSVdJOFdIWmVMcFMzSWMtUg?oc=5\" target=\"_blank\" rel=\"nofollow noopener\">Murhan yrityksest\u00e4 tuomittu huumepomo katosi \u2013 kansanedustaja jyr\u00e4ht\u00e4\u00e4<\/a>&nbsp;&nbsp;Ilta-Sanomat<\/li>\n<li><a href=\"https:\/\/news.google.com\/rss\/articles\/CBMiQkFVX3lxTE1POGJQOWJDN2hkMFVoZlk0WlBzMHdUUC1iRlMzRDZQWHViV3RBVTFyZHNHVzQ3amIxeDNYNmF6OWtKZw?oc=5\" target=\"_blank\" rel=\"nofollow noopener\">Kokenut poliisi porvoolaisen rikollispomon katoamisesta: \u201dTekisi mieli kiroilla\u201d<\/a>&nbsp;&nbsp;Yle<\/li>\n<li><a href=\"https:\/\/news.google.com\/rss\/articles\/CBMisgFBVV95cUxNWmhubjN0c0gySFA5RVpJYVVWNjlXc1Nzc2dGY2s1ZHlfZ1d0UFRWNVFQeDZqMm1IRWZmT3FOWXJxcEdhNHItekdjM1ZLcERoT1V0bmFBeTc1SWFuQ2RtMlpIZ19UbkNoMS1nMjNoRW9IX29kSVhYN3B1bVNxY0dLMUNFSG1SUkdoVXVnQzdPNWl4Z2VOVndBbFhwdW85dUhtZ1ItZWotdHBxY1hlZVJhQ0hB?oc=5\" target=\"_blank\" rel=\"nofollow noopener\">T\u00f6rkeist\u00e4 rikoksista ep\u00e4ilty voi p\u00e4\u00e4st\u00e4 vapaaksi \u2013 kansanedustaja vaatii ratkaisua<\/a>&nbsp;&nbsp;Verkkouutiset<\/li>\n<li><a href=\"https:\/\/news.google.com\/rss\/articles\/CBMiXEFVX3lxTFA5VDFpb3I2U0FiQUdtUy1VcFhkT05FQlI2WHo5MHlvQW5KU2RvVVEtcy0zQWl5NGhaZWRIdVhCU2ZzYU1hUWctaTMwSVNjM05xXzd2YzBtcENzZFFD?oc=5\" target=\"_blank\" rel=\"nofollow noopener\">15 vuoden vankeustuomion saanut huumepomo Carl Bj\u00f6rkendahl, 23, kateissa<\/a>&nbsp;&nbsp;Ilta-Sanomat<\/li>\n<\/ol>\n","protected":false},"excerpt":{"rendered":"Huumeparoni p\u00e4\u00e4si vapaaksi ja katosi \u2013 Kansanedustaja varoittaa vakavasta ongelmasta&nbsp;&nbsp;Iltalehti Murhan yrityksest\u00e4 tuomittu huumepomo katosi \u2013 kansanedustaja jyr\u00e4ht\u00e4\u00e4&nbsp;&nbsp;Ilta-Sanomat&hellip;\n","protected":false},"author":2,"featured_media":102668,"comment_status":"","ping_status":"","sticky":false,"template":"","format":"standard","meta":{"footnotes":""},"categories":[12],"tags":[35,22,23,26,27,33,31,30,17,53,24,25,28,29,15,977,976,18,21,38,32,19,20,1727,16],"class_list":{"0":"post-102667","1":"post","2":"type-post","3":"status-publish","4":"format-standard","5":"has-post-thumbnail","7":"category-suomi","8":"tag-24h","9":"tag-breaking-news","10":"tag-breakingnews","11":"tag-featured-news","12":"tag-featurednews","13":"tag-fi","14":"tag-finland","15":"tag-finnish","16":"tag-headlines","17":"tag-laki-oikeus-ja-rikos","18":"tag-latest-news","19":"tag-latestnews","20":"tag-main-news","21":"tag-mainnews","22":"tag-news","23":"tag-oikeusistuimet","24":"tag-oikeusprosessit","25":"tag-otsikot","26":"tag-paauutiset","27":"tag-rikos","28":"tag-suomi","29":"tag-top-stories","30":"tag-topstories","31":"tag-tuomiot","32":"tag-uutiset"},"share_on_mastodon":{"url":"https:\/\/pubeurope.com\/@fi\/115629234880213361","error":""},"_links":{"self":[{"href":"https:\/\/www.europesays.com\/fi\/wp-json\/wp\/v2\/posts\/102667","targetHints":{"allow":["GET"]}}],"collection":[{"href":"https:\/\/www.europesays.com\/fi\/wp-json\/wp\/v2\/posts"}],"about":[{"href":"https:\/\/www.europesays.com\/fi\/wp-json\/wp\/v2\/types\/post"}],"author":[{"embeddable":true,"href":"https:\/\/www.europesays.com\/fi\/wp-json\/wp\/v2\/users\/2"}],"replies":[{"embeddable":true,"href":"https:\/\/www.europesays.com\/fi\/wp-json\/wp\/v2\/comments?post=102667"}],"version-history":[{"count":0,"href":"https:\/\/www.europesays.com\/fi\/wp-json\/wp\/v2\/posts\/102667\/revisions"}],"wp:featuredmedia":[{"embeddable":true,"href":"https:\/\/www.europesays.com\/fi\/wp-json\/wp\/v2\/media\/102668"}],"wp:attachment":[{"href":"https:\/\/www.europesays.com\/fi\/wp-json\/wp\/v2\/media?parent=102667"}],"wp:term":[{"taxonomy":"category","embeddable":true,"href":"https:\/\/www.europesays.com\/fi\/wp-json\/wp\/v2\/categories?post=102667"},{"taxonomy":"post_tag","embeddable":true,"href":"https:\/\/www.europesays.com\/fi\/wp-json\/wp\/v2\/tags?post=102667"}],"curies":[{"name":"wp","href":"https:\/\/api.w.org\/{rel}","templated":true}]}}