{"id":102671,"date":"2025-11-28T20:46:07","date_gmt":"2025-11-28T20:46:07","guid":{"rendered":"https:\/\/www.europesays.com\/fi\/102671\/"},"modified":"2025-11-28T20:46:07","modified_gmt":"2025-11-28T20:46:07","slug":"robert-heleniuksen-isa-nousi-nyrkkeilykehaan-havisi","status":"publish","type":"post","link":"https:\/\/www.europesays.com\/fi\/102671\/","title":{"rendered":"Robert Heleniuksen is\u00e4 nousi nyrkkeilykeh\u00e4\u00e4n \u2013 h\u00e4visi"},"content":{"rendered":"<p>Karl Helenius otti mittaa kiuruvetel\u00e4ist\u00e4 Matti \u201dJyv\u00e4ukko\u201d Lappalaista vastaan.<\/p>\n<p class=\"article-body mb-nof-24 px-nof-16\">Nyrkkeilij\u00e4 <a class=\"article-personlink\" href=\"https:\/\/www.is.fi\/haku\/?query=Robert%20Heleniuksen\" rel=\"nofollow noopener\" target=\"_blank\">Robert Heleniuksen<\/a> is\u00e4 <a class=\"article-personlink\" href=\"https:\/\/www.is.fi\/haku\/?query=Karl%20Helenius\" rel=\"nofollow noopener\" target=\"_blank\">Karl Helenius<\/a>, 74, nousi nyrkkeilykeh\u00e4\u00e4n perjantai-iltana 28. marraskuuta Kiuruvedell\u00e4 Turpaanvetotalakoot-nimisess\u00e4 nyrkkeilytapahtumassa.<\/p>\n<p class=\"article-body mb-nof-24 px-nof-16\">H\u00e4n kohtasi paikallisen suuruuden <a class=\"article-personlink\" href=\"https:\/\/www.is.fi\/haku\/?query=Matti%20Lappalaisen\" rel=\"nofollow noopener\" target=\"_blank\">Matti Lappalaisen<\/a>, 62.<\/p>\n<p class=\"article-body mb-nof-24 px-nof-16\">Ottelu p\u00e4\u00e4ttyi Heleniuksen h\u00e4vi\u00f6\u00f6n. Kaksikko otteli kokonaiset kolme er\u00e4\u00e4 tasav\u00e4kisesti, mutta tuomaristo ratkaisi ottelun Lappalaisen hyv\u00e4ksi.<\/p>\n<p class=\"article-body mb-nof-24 px-nof-16\">Karpaasit kohtasivat n\u00e4yt\u00f6sottelussa. Helenius otteli keh\u00e4nimell\u00e4 \u201dNordic Shadow\u201d, Lappalainen nimell\u00e4 \u201dJyv\u00e4ukko\u201d.<\/p>\n<p class=\"article-body mb-nof-24 px-nof-16\">Helenius on ty\u00f6skennellyt vuosikymmenet nyrkkeilyvalmentajana, mutta h\u00e4n ei ollut koskaan aiemmin otellut. Jyv\u00e4ukko sen sijaan on Turpaanvetotalakoiden tuttu kasvo. Viime vuonna mies jyr\u00e4si laulaja-lauluntekij\u00e4 <a class=\"article-personlink\" href=\"https:\/\/www.is.fi\/haku\/?query=Marko%20%E2%80%9DBablo%E2%80%9D%20Junnilaisen\" rel=\"nofollow noopener\" target=\"_blank\">Marko \u201dBablo\u201d Junnilaisen<\/a>.<\/p>\n","protected":false},"excerpt":{"rendered":"Karl Helenius otti mittaa kiuruvetel\u00e4ist\u00e4 Matti \u201dJyv\u00e4ukko\u201d Lappalaista vastaan. Nyrkkeilij\u00e4 Robert Heleniuksen is\u00e4 Karl Helenius, 74, nousi nyrkkeilykeh\u00e4\u00e4n&hellip;\n","protected":false},"author":2,"featured_media":102672,"comment_status":"","ping_status":"","sticky":false,"template":"","format":"standard","meta":{"footnotes":""},"categories":[136],"tags":[407,137,33,31,30,34,408,32,109],"class_list":{"0":"post-102671","1":"post","2":"type-post","3":"status-publish","4":"format-standard","5":"has-post-thumbnail","7":"category-julkkikset","8":"tag-celebrities","9":"tag-entertainment","10":"tag-fi","11":"tag-finland","12":"tag-finnish","13":"tag-ilta-sanomat","14":"tag-julkkikset","15":"tag-suomi","16":"tag-viihde"},"share_on_mastodon":{"url":"https:\/\/pubeurope.com\/@fi\/115629285922332093","error":""},"_links":{"self":[{"href":"https:\/\/www.europesays.com\/fi\/wp-json\/wp\/v2\/posts\/102671","targetHints":{"allow":["GET"]}}],"collection":[{"href":"https:\/\/www.europesays.com\/fi\/wp-json\/wp\/v2\/posts"}],"about":[{"href":"https:\/\/www.europesays.com\/fi\/wp-json\/wp\/v2\/types\/post"}],"author":[{"embeddable":true,"href":"https:\/\/www.europesays.com\/fi\/wp-json\/wp\/v2\/users\/2"}],"replies":[{"embeddable":true,"href":"https:\/\/www.europesays.com\/fi\/wp-json\/wp\/v2\/comments?post=102671"}],"version-history":[{"count":0,"href":"https:\/\/www.europesays.com\/fi\/wp-json\/wp\/v2\/posts\/102671\/revisions"}],"wp:featuredmedia":[{"embeddable":true,"href":"https:\/\/www.europesays.com\/fi\/wp-json\/wp\/v2\/media\/102672"}],"wp:attachment":[{"href":"https:\/\/www.europesays.com\/fi\/wp-json\/wp\/v2\/media?parent=102671"}],"wp:term":[{"taxonomy":"category","embeddable":true,"href":"https:\/\/www.europesays.com\/fi\/wp-json\/wp\/v2\/categories?post=102671"},{"taxonomy":"post_tag","embeddable":true,"href":"https:\/\/www.europesays.com\/fi\/wp-json\/wp\/v2\/tags?post=102671"}],"curies":[{"name":"wp","href":"https:\/\/api.w.org\/{rel}","templated":true}]}}