{"id":102675,"date":"2025-11-28T20:53:11","date_gmt":"2025-11-28T20:53:11","guid":{"rendered":"https:\/\/www.europesays.com\/fi\/102675\/"},"modified":"2025-11-28T20:53:11","modified_gmt":"2025-11-28T20:53:11","slug":"palkintokorokkeelle-noussut-ilkka-herola-hyodynsi-huippuasemat-wille-karhumaa-45","status":"publish","type":"post","link":"https:\/\/www.europesays.com\/fi\/102675\/","title":{"rendered":"Palkintokorokkeelle noussut Ilkka Herola hy\u00f6dynsi huippuasemat, Wille Karhumaa 45."},"content":{"rendered":"<p>    <img decoding=\"async\" class=\"responsive-image article__image-image lozad\"   src=\"https:\/\/www.europesays.com\/fi\/wp-content\/uploads\/2025\/11\/eBwEQUbjk1rk0ZASNwZZemb9hfslOwr3sv3ijHVLj9Lr_tAaEEBrfKE2o82Q_Nb_bpJtYAE83NeSi80-4zTRY8G6arI8wD3MWcbN.jpeg\" alt=\"35. sijoittunut Herman Happonen onnitteli maalissa Ilkka Herolaa.\"\/><\/p>\n<p>\n                35. sijoittunut Herman Happonen onnitteli maalissa Ilkka Herolaa.\n              <\/p>\n<p>\n                Kuva: Roni Rekomaa \/ Lehtikuva\n              <\/p>\n<p class=\"article__paragraph\">\n      Olympiakausi ja samalla ehk\u00e4 pitk\u00e4n uran viimeinen kausi k\u00e4ynnistyi yhdistetyn urheilija Ilkka Herolalta l\u00e4hes parhaalla mahdollisella tavalla.\n    <\/p>\n<p class=\"article__paragraph\">\n      Herola ponkaisi perjantaina Kuusamon Rukan suurm\u00e4est\u00e4 131,5 metri\u00e4, l\u00e4hti ladulle viidenten\u00e4 ja kiri 7,5 kilometrin hiihto-osuudella kolmanneksi. Herola kilpaili Rukalla maailmancupissa ensimm\u00e4isen kerran 13 vuotta sitten. Kolmas sija on h\u00e4nelle paras Rukalla. Vuosi sitten h\u00e4n oli nelj\u00e4s.\n    <\/p>\n<p class=\"article__paragraph\">\n      \u2013\u2009Hyv\u00e4 hyppy on edellytys menestykselle. Mukana pit\u00e4\u00e4 olla sopivasti my\u00f6s onnea. Tuossa keliss\u00e4 moni hyv\u00e4 m\u00e4kimies j\u00e4i kumpuun, Herola summasi sateisen ja tuulisen kisap\u00e4iv\u00e4n p\u00e4\u00e4tteeksi.\n    <\/p>\n<p class=\"article__paragraph\">\n      Herolan m\u00e4kikunto on nyt niin hyv\u00e4, ett\u00e4 onnen merkitys on pienentynyt paljon. Taustalla on viisi vuotta sitten tehty ratkaisu panostaa aiempaa enemm\u00e4n m\u00e4kipuoleen. L\u00e4pi vuosien Herola on tunnettu yhten\u00e4 yhdistetyn parhaista hiiht\u00e4jist\u00e4, mutta 30-vuotiaan urheilijan m\u00e4kikuntokin on vihdoin varma.\n    <\/p>\n<p class=\"article__paragraph\">\n      \u2013\u2009T\u00e4m\u00e4 laji on aina kompromissien tekemist\u00e4. Hypp\u00e4\u00e4miseen panostaminen on pois hiihdosta. M\u00e4kipuolella on tehty t\u00f6it\u00e4 varmuuden saamiseksi.\n    <\/p>\n<p>    <img decoding=\"async\" class=\"responsive-image article__image-image lozad\"   src=\"https:\/\/www.europesays.com\/fi\/wp-content\/uploads\/2025\/11\/FuUYJivQjGLhdpQqFL244sry35XGIZ210HnYcJuPswgrrEYmbGkzTQQkX0CKY_X3OmLkMELr91UeTWoPNMvVWk8eGj6l5Z1BiAWv.jpeg\" alt=\"Ilkka Herola tuuletti maaliin tullessa maltillisesti.\"\/><\/p>\n<p>\n                Ilkka Herola tuuletti maaliin tullessa maltillisesti.\n              <\/p>\n<p>\n                Kuva: Jussi V\u00e4\u00e4t\u00e4inen\n              <\/p>\n<p>      &#8221;Vauhtia pidettiin l\u00e4pi kisan&#8221;<\/p>\n<p class=\"article__paragraph\">\n      Eik\u00e4 Herola ole heiver\u00f6itynyt ladullakaan. H\u00e4n p\u00e4\u00e4si perjantaina matkaan 22 sekuntia It\u00e4vallan k\u00e4rkimies Thomas Retteneggerin j\u00e4lkeen. Palkintokorokesijoitukseen oli eroa kymmenen sekuntia.\n    <\/p>\n<p class=\"article__paragraph\">\n      Toisena ladulle l\u00e4htenyt It\u00e4vallan Johannes Lamparter paineli voittoon, ja Saksan Julian Schmid nousi toiseksi. Herola niputti edelt\u00e4\u00e4n Retteneggerin ja Saksan David Machin. Suomalainen saapui maaliin 17 sekuntia Lamparterin ja 9,3 sekuntia Schmidin j\u00e4lkeen.\n    <\/p>\n<p class=\"article__paragraph\">\n      \u2013\u2009Vauhtia pidettiin l\u00e4pi kisan, eik\u00e4 ollut tasausl\u00e4ht\u00f6kilpailulle tyypillist\u00e4 loppukirin odottelua, Herola ruoti.\n    <\/p>\n<p class=\"article__paragraph\">\n      Herola on yksi Suomen mitalitoivo helmikuun Milano-Cortinan olympialaisiin.\n    <\/p>\n<p class=\"article__paragraph\">\n      \u2013\u2009Hieno alku kaudelle. Palikat ovat kohdallaan.\n    <\/p>\n<p class=\"article__paragraph\">\n      Eero Hirvonen oli m\u00e4kiosuuden 121 metrin siivulla 17:s ja kiri ladulla kahdeksanneksi.\n    <\/p>\n<p class=\"article__paragraph\">\n      \u2013\u2009On ihan helpottunut olo vaikean viime kauden j\u00e4lkeen ja muutenkin. Viel\u00e4 viime viikonloppuna en pystynyt hiiht\u00e4m\u00e4\u00e4n kilpaa, kun oli l\u00f6ys\u00e4 olo ja v\u00e4h\u00e4n vatsap\u00f6p\u00f6\u00e4.\n    <\/p>\n<p>    <img decoding=\"async\" class=\"responsive-image article__image-image lozad\"   src=\"https:\/\/www.europesays.com\/fi\/wp-content\/uploads\/2025\/11\/HtKnj66wLV5-PwPWZ2rINSIDw6aFlcuOpI873SsqtuQitu-QAKrVD8hVZZPsgnDjdjtWxb2nX00kid7wQsQqDNo0_N0U-58FqViI.jpeg\" alt=\"Wille Karhumaa avasi kautensa 45. sijalla.\"\/><\/p>\n<p>\n                Wille Karhumaa avasi kautensa 45. sijalla.\n              <\/p>\n<p>\n                Kuva: Jussi V\u00e4\u00e4t\u00e4inen\n              <\/p>\n<p class=\"article__paragraph\">\n      Muista suomalaisista Herman Happonen (114,5 metri\u00e4) oli m\u00e4kiosuuden j\u00e4lkeen 26:s, mutta liiallinen ahneus kostautui hiihto-osuudella ja vesitti mahdollisuudet uran toistaiseksi parhaaseen maailmancupin sijoitukseen. H\u00e4n j\u00e4i 35:nneksi.\n    <\/p>\n<p class=\"article__paragraph\">\n      Wille Karhumaa oli 45:s, Aapeli Karislahti 54:s, Valtteri Holopainen 56:s ja Eemeli Kurttila 57:s.\n    <\/p>\n","protected":false},"excerpt":{"rendered":"35. sijoittunut Herman Happonen onnitteli maalissa Ilkka Herolaa. Kuva: Roni Rekomaa \/ Lehtikuva Olympiakausi ja samalla ehk\u00e4 pitk\u00e4n&hellip;\n","protected":false},"author":2,"featured_media":102676,"comment_status":"","ping_status":"","sticky":false,"template":"","format":"standard","meta":{"footnotes":""},"categories":[158],"tags":[33,31,30,159,32,160],"class_list":{"0":"post-102675","1":"post","2":"type-post","3":"status-publish","4":"format-standard","5":"has-post-thumbnail","7":"category-urheilu","8":"tag-fi","9":"tag-finland","10":"tag-finnish","11":"tag-sports","12":"tag-suomi","13":"tag-urheilu"},"share_on_mastodon":{"url":"https:\/\/pubeurope.com\/@fi\/115629313768202013","error":""},"_links":{"self":[{"href":"https:\/\/www.europesays.com\/fi\/wp-json\/wp\/v2\/posts\/102675","targetHints":{"allow":["GET"]}}],"collection":[{"href":"https:\/\/www.europesays.com\/fi\/wp-json\/wp\/v2\/posts"}],"about":[{"href":"https:\/\/www.europesays.com\/fi\/wp-json\/wp\/v2\/types\/post"}],"author":[{"embeddable":true,"href":"https:\/\/www.europesays.com\/fi\/wp-json\/wp\/v2\/users\/2"}],"replies":[{"embeddable":true,"href":"https:\/\/www.europesays.com\/fi\/wp-json\/wp\/v2\/comments?post=102675"}],"version-history":[{"count":0,"href":"https:\/\/www.europesays.com\/fi\/wp-json\/wp\/v2\/posts\/102675\/revisions"}],"wp:featuredmedia":[{"embeddable":true,"href":"https:\/\/www.europesays.com\/fi\/wp-json\/wp\/v2\/media\/102676"}],"wp:attachment":[{"href":"https:\/\/www.europesays.com\/fi\/wp-json\/wp\/v2\/media?parent=102675"}],"wp:term":[{"taxonomy":"category","embeddable":true,"href":"https:\/\/www.europesays.com\/fi\/wp-json\/wp\/v2\/categories?post=102675"},{"taxonomy":"post_tag","embeddable":true,"href":"https:\/\/www.europesays.com\/fi\/wp-json\/wp\/v2\/tags?post=102675"}],"curies":[{"name":"wp","href":"https:\/\/api.w.org\/{rel}","templated":true}]}}