{"id":102677,"date":"2025-11-28T20:54:13","date_gmt":"2025-11-28T20:54:13","guid":{"rendered":"https:\/\/www.europesays.com\/fi\/102677\/"},"modified":"2025-11-28T20:54:13","modified_gmt":"2025-11-28T20:54:13","slug":"dropkick-murphys-saapuu-kirjurinluotoon-porispere-julkisti-juhlavuoden-ensimmaiset-10-esiintyjaa","status":"publish","type":"post","link":"https:\/\/www.europesays.com\/fi\/102677\/","title":{"rendered":"Dropkick Murphys saapuu Kirjurinluotoon &#8211; Porispere julkisti juhlavuoden ensimm\u00e4iset 10 esiintyj\u00e4\u00e4"},"content":{"rendered":"<p>Ensi kes\u00e4n\u00e4 15 vuotta t\u00e4ytt\u00e4v\u00e4 Porispere on julkistanut ensimm\u00e4iset artistikiinnityksens\u00e4. Juhlavuoden kattaukseen kuuluvat legendaarinen kelttipunk-yhtye Dropkick Murphys Yhdysvalloista sek\u00e4 kotimaisista paluun tekev\u00e4 Nylon Beat, Haloo Helsinki!, Kuumaa, Stam1na, Warmen, Happoradio, Vesta, Jaakko Kulta sek\u00e4 Nyrkkitappelu.<\/p>\n<p>Porispere j\u00e4rjestet\u00e4\u00e4n 31.7.\u20131.8.2026 Porin Kirjurinluodossa. Kahden p\u00e4iv\u00e4n liput sek\u00e4 avoimet p\u00e4iv\u00e4liput ovat nyt joulutarjouksessa <a href=\"https:\/\/www.ticketmaster.fi\/artist\/porispere-lippuja\/1228394\" target=\"_blank\" rel=\"noreferrer noopener nofollow\">Ticketmasterissa<\/a>.<\/p>\n","protected":false},"excerpt":{"rendered":"Ensi kes\u00e4n\u00e4 15 vuotta t\u00e4ytt\u00e4v\u00e4 Porispere on julkistanut ensimm\u00e4iset artistikiinnityksens\u00e4. Juhlavuoden kattaukseen kuuluvat legendaarinen kelttipunk-yhtye Dropkick Murphys Yhdysvalloista&hellip;\n","protected":false},"author":2,"featured_media":102678,"comment_status":"","ping_status":"","sticky":false,"template":"","format":"standard","meta":{"footnotes":""},"categories":[130],"tags":[137,970,33,31,30,19571,32,109],"class_list":{"0":"post-102677","1":"post","2":"type-post","3":"status-publish","4":"format-standard","5":"has-post-thumbnail","7":"category-viihde","8":"tag-entertainment","9":"tag-festivaalit","10":"tag-fi","11":"tag-finland","12":"tag-finnish","13":"tag-porispere","14":"tag-suomi","15":"tag-viihde"},"share_on_mastodon":{"url":"https:\/\/pubeurope.com\/@fi\/115629317352367113","error":""},"_links":{"self":[{"href":"https:\/\/www.europesays.com\/fi\/wp-json\/wp\/v2\/posts\/102677","targetHints":{"allow":["GET"]}}],"collection":[{"href":"https:\/\/www.europesays.com\/fi\/wp-json\/wp\/v2\/posts"}],"about":[{"href":"https:\/\/www.europesays.com\/fi\/wp-json\/wp\/v2\/types\/post"}],"author":[{"embeddable":true,"href":"https:\/\/www.europesays.com\/fi\/wp-json\/wp\/v2\/users\/2"}],"replies":[{"embeddable":true,"href":"https:\/\/www.europesays.com\/fi\/wp-json\/wp\/v2\/comments?post=102677"}],"version-history":[{"count":0,"href":"https:\/\/www.europesays.com\/fi\/wp-json\/wp\/v2\/posts\/102677\/revisions"}],"wp:featuredmedia":[{"embeddable":true,"href":"https:\/\/www.europesays.com\/fi\/wp-json\/wp\/v2\/media\/102678"}],"wp:attachment":[{"href":"https:\/\/www.europesays.com\/fi\/wp-json\/wp\/v2\/media?parent=102677"}],"wp:term":[{"taxonomy":"category","embeddable":true,"href":"https:\/\/www.europesays.com\/fi\/wp-json\/wp\/v2\/categories?post=102677"},{"taxonomy":"post_tag","embeddable":true,"href":"https:\/\/www.europesays.com\/fi\/wp-json\/wp\/v2\/tags?post=102677"}],"curies":[{"name":"wp","href":"https:\/\/api.w.org\/{rel}","templated":true}]}}