{"id":102681,"date":"2025-11-28T20:58:09","date_gmt":"2025-11-28T20:58:09","guid":{"rendered":"https:\/\/www.europesays.com\/fi\/102681\/"},"modified":"2025-11-28T20:58:09","modified_gmt":"2025-11-28T20:58:09","slug":"turkissa-kaksi-venajan-varjolaivaston-tankkeria-ongelmissa-bosporinsalmen-lahettyvilla-uutisia-lyhyesti","status":"publish","type":"post","link":"https:\/\/www.europesays.com\/fi\/102681\/","title":{"rendered":"Turkissa kaksi Ven\u00e4j\u00e4n varjolaivaston tankkeria ongelmissa Bosporinsalmen l\u00e4hettyvill\u00e4 | Uutisia lyhyesti"},"content":{"rendered":"<p class=\"aw-1gybjub aw-5vja16 kEtdKx kmuxyA yle__article__paragraph\">Viime vuosina osa Mustallamerell\u00e4 matkanneista aluksista on osunut ajelehtiviin merimiinoihin.<\/p>\n<p><img decoding=\"async\" alt=\"Horisontissa savua nousee merest\u00e4.\" src=\"https:\/\/www.europesays.com\/fi\/wp-content\/uploads\/2025\/11\/39-1561575692a02c5c3fe9.jpeg\" class=\"aw-1l9m598 hKVVvP\"\/><\/p>\n<p>Avaa kuvien katselu<\/p>\n<p>Merest\u00e4 nousee savua Turkin merenkulkuviranomaisen perjantaina julkaisemassa kuvassa. Kuva: Turkish Directorate General for Maritime Affairs \/ AOP<\/p>\n<p class=\"aw-1gybjub aw-1p7kakr kEtdKx cEmitX yle__article__paragraph\">Kahdella Ven\u00e4j\u00e4n varjolaivastoon kuuluvalla tankkerilla on syttynyt tulipalo Bosporinsalmen l\u00e4hettyvill\u00e4, kertovat Turkin viranomaiset.<\/p>\n<p class=\"aw-1gybjub aw-1p7kakr kEtdKx cEmitX yle__article__paragraph\">Turkin liikenneministeri\u00f6n mukaan Egyptist\u00e4 Ven\u00e4j\u00e4lle matkanneella Kairos-aluksella r\u00e4j\u00e4hti, jonka j\u00e4lkeen se syttyi tuleen. Ministeri\u00f6n mukaan parikymment\u00e4 aluksen miehist\u00f6n j\u00e4sent\u00e4 oli pelastettu.<\/p>\n<p class=\"aw-1gybjub aw-1p7kakr kEtdKx cEmitX yle__article__paragraph\">Lis\u00e4ksi Turkin merenkulkuviranomaisen mukaan Virat-alus joutui \u201diskun kohteeksi\u201d purjehtiessaan noin 35 meripeninkulman p\u00e4\u00e4ss\u00e4 Turkin rannikosta. Viranomaiset eiv\u00e4t kertoneet tarkempia tietoja ep\u00e4illyst\u00e4 iskusta.<\/p>\n<p class=\"aw-1gybjub aw-1p7kakr kEtdKx cEmitX yle__article__paragraph\">Aluksen konehuoneessa havaittiin paksua savua, mutta sen miehist\u00f6 on kunnossa.<\/p>\n<p class=\"aw-1gybjub aw-1p7kakr kEtdKx cEmitX yle__article__paragraph\">Sek\u00e4 Kairos ett\u00e4 Virat on asetettu pakotteiden alaisiksi Ven\u00e4j\u00e4n vuonna 2022 Ukrainaan aloittaman hy\u00f6kk\u00e4yssodan vuoksi.<\/p>\n<p class=\"aw-1gybjub aw-1p7kakr kEtdKx cEmitX yle__article__paragraph\">Viime vuosina osa Mustallamerell\u00e4 matkanneista aluksista on osunut ajelehtiviin merimiinoihin. Miinoja ovat asentaneet sek\u00e4 Ven\u00e4j\u00e4 ett\u00e4 Ukraina.<\/p>\n<p class=\"aw-1gybjub aw-1p7kakr kEtdKx cEmitX yle__article__paragraph\">L\u00e4hteet: AFP, AP, Reuters<\/p>\n","protected":false},"excerpt":{"rendered":"Viime vuosina osa Mustallamerell\u00e4 matkanneista aluksista on osunut ajelehtiviin merimiinoihin. Avaa kuvien katselu Merest\u00e4 nousee savua Turkin merenkulkuviranomaisen&hellip;\n","protected":false},"author":2,"featured_media":102682,"comment_status":"","ping_status":"","sticky":false,"template":"","format":"standard","meta":{"footnotes":""},"categories":[14],"tags":[22,23,26,27,33,31,30,17,24,25,28,29,19573,15,18,21,32,19,20,56,16,6925,547,2568,59,60,61],"class_list":{"0":"post-102681","1":"post","2":"type-post","3":"status-publish","4":"format-standard","5":"has-post-thumbnail","7":"category-ulkomaat","8":"tag-breaking-news","9":"tag-breakingnews","10":"tag-featured-news","11":"tag-featurednews","12":"tag-fi","13":"tag-finland","14":"tag-finnish","15":"tag-headlines","16":"tag-latest-news","17":"tag-latestnews","18":"tag-main-news","19":"tag-mainnews","20":"tag-mustameri","21":"tag-news","22":"tag-otsikot","23":"tag-paauutiset","24":"tag-suomi","25":"tag-top-stories","26":"tag-topstories","27":"tag-ulkomaat","28":"tag-uutiset","29":"tag-varjolaivasto","30":"tag-venaja","31":"tag-vesiliikenne","32":"tag-world","33":"tag-world-news","34":"tag-worldnews"},"share_on_mastodon":{"url":"https:\/\/pubeurope.com\/@fi\/115629333262264741","error":""},"_links":{"self":[{"href":"https:\/\/www.europesays.com\/fi\/wp-json\/wp\/v2\/posts\/102681","targetHints":{"allow":["GET"]}}],"collection":[{"href":"https:\/\/www.europesays.com\/fi\/wp-json\/wp\/v2\/posts"}],"about":[{"href":"https:\/\/www.europesays.com\/fi\/wp-json\/wp\/v2\/types\/post"}],"author":[{"embeddable":true,"href":"https:\/\/www.europesays.com\/fi\/wp-json\/wp\/v2\/users\/2"}],"replies":[{"embeddable":true,"href":"https:\/\/www.europesays.com\/fi\/wp-json\/wp\/v2\/comments?post=102681"}],"version-history":[{"count":0,"href":"https:\/\/www.europesays.com\/fi\/wp-json\/wp\/v2\/posts\/102681\/revisions"}],"wp:featuredmedia":[{"embeddable":true,"href":"https:\/\/www.europesays.com\/fi\/wp-json\/wp\/v2\/media\/102682"}],"wp:attachment":[{"href":"https:\/\/www.europesays.com\/fi\/wp-json\/wp\/v2\/media?parent=102681"}],"wp:term":[{"taxonomy":"category","embeddable":true,"href":"https:\/\/www.europesays.com\/fi\/wp-json\/wp\/v2\/categories?post=102681"},{"taxonomy":"post_tag","embeddable":true,"href":"https:\/\/www.europesays.com\/fi\/wp-json\/wp\/v2\/tags?post=102681"}],"curies":[{"name":"wp","href":"https:\/\/api.w.org\/{rel}","templated":true}]}}