{"id":102683,"date":"2025-11-28T20:59:08","date_gmt":"2025-11-28T20:59:08","guid":{"rendered":"https:\/\/www.europesays.com\/fi\/102683\/"},"modified":"2025-11-28T20:59:08","modified_gmt":"2025-11-28T20:59:08","slug":"trump-aikoo-perua-ison-osan-bidenin-maarayksista","status":"publish","type":"post","link":"https:\/\/www.europesays.com\/fi\/102683\/","title":{"rendered":"Trump aikoo perua ison osan Bidenin m\u00e4\u00e4r\u00e4yksist\u00e4"},"content":{"rendered":"<p>Yhdysvallat|Presidentti Donald Trump v\u00e4itt\u00e4\u00e4, ett\u00e4 m\u00e4\u00e4r\u00e4ysten allekirjoittamiseen olisi k\u00e4ytetty automaattikyn\u00e4\u00e4.<\/p>\n<p class=\"article-body mb-nof-24 px-nof-16\">Yhdysvaltain presidentti <a class=\"article-personlink\" href=\"https:\/\/www.hs.fi\/haku\/?query=Donald%20Trump\" rel=\"nofollow noopener\" target=\"_blank\">Donald Trump<\/a> aikoo kumota edelt\u00e4j\u00e4ns\u00e4<a class=\"article-personlink\" href=\"https:\/\/www.hs.fi\/haku\/?query=%20Joe%20Bidenin\" rel=\"nofollow noopener\" target=\"_blank\"> Joe Bidenin <\/a>m\u00e4\u00e4r\u00e4ykset, joita Biden ei Trumpin mukaan ole henkil\u00f6kohtaisesti allekirjoittanut.<\/p>\n<p class=\"article-body mb-nof-24 px-nof-16\">Asiasta kirjoittaa uutistoimisto Reuters.<\/p>\n<p class=\"article-body mb-nof-24 px-nof-16\">Trump v\u00e4itt\u00e4\u00e4, ett\u00e4 Bidenin presidenttin\u00e4 antamista asetuksista noin 92 prosenttia tulee kumota, sill\u00e4 ne on allekirjoitettu automaattikyn\u00e4ll\u00e4.<\/p>\n<p class=\"article-body mb-nof-24 px-nof-16\">Automaattikyn\u00e4 tarkoittaa laitetta, jota voidaan k\u00e4ytt\u00e4\u00e4 allekirjoituksen tekemiseen.<\/p>\n<p class=\"article-body mb-nof-24 px-nof-16\">P\u00e4\u00e4t\u00f6st\u00e4\u00e4n kumota kyseiset p\u00e4\u00e4t\u00f6kset Trump perustelee sill\u00e4, ett\u00e4 Biden ei olisi ollut osallinen automaattikyn\u00e4prosessissa. Toisin sanoen Trump v\u00e4itt\u00e4\u00e4, ett\u00e4 muut tahot ovat allekirjoittaneet m\u00e4\u00e4r\u00e4yksi\u00e4 Bidenin nimiss\u00e4.<\/p>\n<p class=\"article-body mb-nof-24 px-nof-16\">\u201dJos h\u00e4n [Biden] v\u00e4itt\u00e4\u00e4 olleensa [mukana automaattikyn\u00e4prosessissa], h\u00e4net tullaan saattamaan syytteeseen v\u00e4\u00e4r\u00e4st\u00e4 valasta\u201d, Trumpin tiedotteessa sanotaan.<\/p>\n<p class=\"article-body mb-nof-24 px-nof-16\">Yhdysvaltain presidentin asetukset ovat presidentin p\u00e4\u00e4t\u00f6ksi\u00e4, jotka eiv\u00e4t vaadi Yhdysvaltain lains\u00e4\u00e4t\u00e4jien, eli kongressin, hyv\u00e4ksynt\u00e4\u00e4.<\/p>\n<p class=\"article-body mb-nof-24 px-nof-16\">Trump on aiemmin <a class=\"article-genericlink\" href=\"https:\/\/www.hs.fi\/maailma\/art-2000011522571.html\" rel=\"nofollow noopener\" target=\"_blank\">v\u00e4itt\u00e4nyt<\/a>, ett\u00e4 automaattikyn\u00e4n k\u00e4ytt\u00f6 kertoi siit\u00e4, ett\u00e4 Biden olisi ollut presidenttikautensa aikana kognitiivisesti heikentynyt.<\/p>\n<p class=\"article-body mb-nof-24 px-nof-16\">Biden itse on julkisuudessa <a class=\"article-genericlink\" href=\"https:\/\/www.hs.fi\/maailma\/art-2000011363330.html\" rel=\"nofollow noopener\" target=\"_blank\">kertonut<\/a> tehneens\u00e4 esimerkiksi jokaisen automaattikyn\u00e4ll\u00e4 allekirjoitetun armahdusp\u00e4\u00e4t\u00f6ksen itse.<\/p>\n","protected":false},"excerpt":{"rendered":"Yhdysvallat|Presidentti Donald Trump v\u00e4itt\u00e4\u00e4, ett\u00e4 m\u00e4\u00e4r\u00e4ysten allekirjoittamiseen olisi k\u00e4ytetty automaattikyn\u00e4\u00e4. Yhdysvaltain presidentti Donald Trump aikoo kumota edelt\u00e4j\u00e4ns\u00e4 Joe&hellip;\n","protected":false},"author":2,"featured_media":102684,"comment_status":"","ping_status":"","sticky":false,"template":"","format":"standard","meta":{"footnotes":""},"categories":[12],"tags":[22,23,26,27,33,31,30,17,46,24,25,28,29,15,18,21,32,19,20,16],"class_list":{"0":"post-102683","1":"post","2":"type-post","3":"status-publish","4":"format-standard","5":"has-post-thumbnail","7":"category-suomi","8":"tag-breaking-news","9":"tag-breakingnews","10":"tag-featured-news","11":"tag-featurednews","12":"tag-fi","13":"tag-finland","14":"tag-finnish","15":"tag-headlines","16":"tag-helsingin-sanomat","17":"tag-latest-news","18":"tag-latestnews","19":"tag-main-news","20":"tag-mainnews","21":"tag-news","22":"tag-otsikot","23":"tag-paauutiset","24":"tag-suomi","25":"tag-top-stories","26":"tag-topstories","27":"tag-uutiset"},"share_on_mastodon":{"url":"https:\/\/pubeurope.com\/@fi\/115629337144530973","error":""},"_links":{"self":[{"href":"https:\/\/www.europesays.com\/fi\/wp-json\/wp\/v2\/posts\/102683","targetHints":{"allow":["GET"]}}],"collection":[{"href":"https:\/\/www.europesays.com\/fi\/wp-json\/wp\/v2\/posts"}],"about":[{"href":"https:\/\/www.europesays.com\/fi\/wp-json\/wp\/v2\/types\/post"}],"author":[{"embeddable":true,"href":"https:\/\/www.europesays.com\/fi\/wp-json\/wp\/v2\/users\/2"}],"replies":[{"embeddable":true,"href":"https:\/\/www.europesays.com\/fi\/wp-json\/wp\/v2\/comments?post=102683"}],"version-history":[{"count":0,"href":"https:\/\/www.europesays.com\/fi\/wp-json\/wp\/v2\/posts\/102683\/revisions"}],"wp:featuredmedia":[{"embeddable":true,"href":"https:\/\/www.europesays.com\/fi\/wp-json\/wp\/v2\/media\/102684"}],"wp:attachment":[{"href":"https:\/\/www.europesays.com\/fi\/wp-json\/wp\/v2\/media?parent=102683"}],"wp:term":[{"taxonomy":"category","embeddable":true,"href":"https:\/\/www.europesays.com\/fi\/wp-json\/wp\/v2\/categories?post=102683"},{"taxonomy":"post_tag","embeddable":true,"href":"https:\/\/www.europesays.com\/fi\/wp-json\/wp\/v2\/tags?post=102683"}],"curies":[{"name":"wp","href":"https:\/\/api.w.org\/{rel}","templated":true}]}}