{"id":102693,"date":"2025-11-28T21:20:18","date_gmt":"2025-11-28T21:20:18","guid":{"rendered":"https:\/\/www.europesays.com\/fi\/102693\/"},"modified":"2025-11-28T21:20:18","modified_gmt":"2025-11-28T21:20:18","slug":"tallainen-on-suomalaisten-suosikkiyoasu-osa-kayttaa-myos-paivisin","status":"publish","type":"post","link":"https:\/\/www.europesays.com\/fi\/102693\/","title":{"rendered":"T\u00e4llainen on suomalaisten suosikkiy\u00f6asu \u2013 osa k\u00e4ytt\u00e4\u00e4 my\u00f6s p\u00e4ivisin"},"content":{"rendered":"<p>Joulun yksi suosikkilahja on y\u00f6asu. K-ryhm\u00e4n kyselytutkimus selvitti, millainen niist\u00e4 on kaikista suosituin. Samalla saatiin tiet\u00e4\u00e4, mik\u00e4 on y\u00f6asun suosikkimateriaali.<\/p>\n<p>Vastaajista 29 prosenttia toivoi lahjaksi pitk\u00e4t housut ja paita -setti\u00e4. Toiseksi suosituimmaksi malliksi nousi kaksiosainen malli eli shortsit ja t-paita. Sellaisen toivoi lahjaksi 23 %. Kolmanneksi suosituin malli on flanellipyjama, jollaisen valitsi suosikikseen 17 % vastaajista. 15 % valitsi suosikikseen pitk\u00e4n tai polvimittaisen paitulin. Y\u00f6mekon valitsi vain 7 % vastaajista.<\/p>\n<p>Lue my\u00f6s: <a href=\"https:\/\/www.voice.fi\/muoti-ja-kauneus\/kim-kardashian-yhdisti-asuunsa-parjatun-kombon-onko-lopputulos-hitti-vai-huti\" title=\"Kim Kardashian yhdisti asuunsa parjatun kombon \u2013 onko lopputulos hitti vai huti?\" class=\"underline-custom !font-montserrat !font-bold !underline-offset-4 !decoration-4 !decoration-tilt-light !text-md\" rel=\"nofollow noopener\" target=\"_blank\">Kim Kardashian yhdisti asuunsa parjatun kombon \u2013 onko lopputulos hitti vai huti?<\/a><\/p>\n<p>\u2013 Kyselyn tulokset vahvistavat n\u00e4kemyst\u00e4mme siit\u00e4, ett\u00e4 suomalaiset valitsevat ennen kaikkea mukavuuden: flanellihousut jatkavat t\u00e4m\u00e4n joulun ehdottomana hittituotteena, ja niit\u00e4 yhdistet\u00e4\u00e4n my\u00f6s samaa kuosia oleviin kotitossuihin, kertoo Keskon sukkien, sukkahousujen, y\u00f6- ja oloasujen sek\u00e4 kylpytakkien ostaja <strong>Annika K\u00f6lbl<\/strong>.<\/p>\n<p>K\u00f6lblin mukaan flanellihousuja on n\u00e4kynyt jo muutaman sesongin ajan my\u00f6s katukuvassa.<\/p>\n<p>\u2013 Etenkin nuorilla flanelliset y\u00f6housut ovat levinneet ihan arkivaatteeksi, joita k\u00e4ytet\u00e4\u00e4n my\u00f6s p\u00e4ivisin, ei vain y\u00f6asuna.<\/p>\n<p>K\u00f6lbl mainitsee yhten\u00e4 nousevana trendin\u00e4 my\u00f6s lasten ja aikuisten yhteensopivat joulupyjamat.<\/p>\n<p>Y\u00f6asun suosikkimateriaali oli selke\u00e4<\/p>\n<p>Y\u00f6pukujen, alusasujen ja sukkien suosikkimateriaali oli selke\u00e4sti puuvilla, jonka valitsi suosikikseen 58 % vastaajista. Merinovillan valitsi 33 %, 20 % bambun ja vain 5 % jonkin keinokuidun.<\/p>\n<p>Myynneiss\u00e4 on huomattu, kuinka suomalaiset luottavat selke\u00e4sti puuvillaan ja erilaisiin puuvillasekotteisiin. Varsinkin kerrastojen ja sukkien kohdalla kiinnostavat paljon my\u00f6s merinovaihtoehdot.<\/p>\n<p>*Kyselytutkimus tehtiin K-Kyl\u00e4-asiakasyhteis\u00f6ss\u00e4 lokakuussa 2025. Vastaajia oli 1113. Tulokset painotettiin vastaamaan v\u00e4est\u00f6\u00e4 i\u00e4n ja sukupuolen mukaan.<\/p>\n","protected":false},"excerpt":{"rendered":"Joulun yksi suosikkilahja on y\u00f6asu. K-ryhm\u00e4n kyselytutkimus selvitti, millainen niist\u00e4 on kaikista suosituin. Samalla saatiin tiet\u00e4\u00e4, mik\u00e4 on&hellip;\n","protected":false},"author":2,"featured_media":102694,"comment_status":"","ping_status":"","sticky":false,"template":"","format":"standard","meta":{"footnotes":""},"categories":[130],"tags":[137,33,31,30,19574,32,19575,109,19576],"class_list":{"0":"post-102693","1":"post","2":"type-post","3":"status-publish","4":"format-standard","5":"has-post-thumbnail","7":"category-viihde","8":"tag-entertainment","9":"tag-fi","10":"tag-finland","11":"tag-finnish","12":"tag-joululahja","13":"tag-suomi","14":"tag-suosikki","15":"tag-viihde","16":"tag-yu00f6asu"},"share_on_mastodon":{"url":"https:\/\/pubeurope.com\/@fi\/115629419627284189","error":""},"_links":{"self":[{"href":"https:\/\/www.europesays.com\/fi\/wp-json\/wp\/v2\/posts\/102693","targetHints":{"allow":["GET"]}}],"collection":[{"href":"https:\/\/www.europesays.com\/fi\/wp-json\/wp\/v2\/posts"}],"about":[{"href":"https:\/\/www.europesays.com\/fi\/wp-json\/wp\/v2\/types\/post"}],"author":[{"embeddable":true,"href":"https:\/\/www.europesays.com\/fi\/wp-json\/wp\/v2\/users\/2"}],"replies":[{"embeddable":true,"href":"https:\/\/www.europesays.com\/fi\/wp-json\/wp\/v2\/comments?post=102693"}],"version-history":[{"count":0,"href":"https:\/\/www.europesays.com\/fi\/wp-json\/wp\/v2\/posts\/102693\/revisions"}],"wp:featuredmedia":[{"embeddable":true,"href":"https:\/\/www.europesays.com\/fi\/wp-json\/wp\/v2\/media\/102694"}],"wp:attachment":[{"href":"https:\/\/www.europesays.com\/fi\/wp-json\/wp\/v2\/media?parent=102693"}],"wp:term":[{"taxonomy":"category","embeddable":true,"href":"https:\/\/www.europesays.com\/fi\/wp-json\/wp\/v2\/categories?post=102693"},{"taxonomy":"post_tag","embeddable":true,"href":"https:\/\/www.europesays.com\/fi\/wp-json\/wp\/v2\/tags?post=102693"}],"curies":[{"name":"wp","href":"https:\/\/api.w.org\/{rel}","templated":true}]}}