{"id":102698,"date":"2025-11-28T21:25:10","date_gmt":"2025-11-28T21:25:10","guid":{"rendered":"https:\/\/www.europesays.com\/fi\/102698\/"},"modified":"2025-11-28T21:25:10","modified_gmt":"2025-11-28T21:25:10","slug":"saa-lampenee-koko-maassa-talvesta-ei-tietoakaan","status":"publish","type":"post","link":"https:\/\/www.europesays.com\/fi\/102698\/","title":{"rendered":"S\u00e4\u00e4 l\u00e4mpenee koko maassa \u2013 talvesta ei tietoakaan"},"content":{"rendered":"<p>Pakkasraja hivuttautuu kohti pohjoista.<\/p>\n<p>Sade- ja lumipisarat t\u00e4ytt\u00e4v\u00e4t Suomen s\u00e4\u00e4kartan.<\/p>\n<p class=\"article-body mb-nof-24 px-nof-16\">L\u00e4mmin etel\u00e4n ja lounaan puoleinen tuuli tuo Suomeen syksyiset olosuhteet. Talvesta ei ole tietoakaan.<\/p>\n<p class=\"article-body mb-nof-24 px-nof-16\">L\u00e4mp\u00f6tila voi l\u00e4hip\u00e4ivin\u00e4 nousta l\u00e4nsirannikolla jopa l\u00e4helle kymment\u00e4 astetta. Ilmatieteen laitos on antanut perjantaille ja lauantaille varoituksen huonosta ajo- ja jalankulkus\u00e4\u00e4st\u00e4 Keski-Pohjanmaalta pohjoiseen.<\/p>\n<p class=\"article-body mb-nof-24 px-nof-16\">L\u00e4mm\u00f6n lis\u00e4ksi Pohjois-Atlantilla muodostuvat matalapaineet tuovat Suomeen useita sadealueita ja tuulta.<\/p>\n<p class=\"article-body mb-nof-24 px-nof-16\">Ensimm\u00e4inen sadealue saapui Suomeen perjantaina lounaasta.<\/p>\n<p class=\"article-body mb-nof-24 px-nof-16\">\u2013 Etel\u00e4- ja Keski-Suomessa sataa vett\u00e4, Pohjois-Pohjanmaalla r\u00e4nt\u00e4\u00e4 ja vett\u00e4. Lapissa sateet ovat p\u00e4\u00e4osin lunta, Forecan meteorologi <a class=\"article-personlink\" href=\"https:\/\/www.is.fi\/haku\/?query=Ilkka%20Alanko\" rel=\"nofollow noopener\" target=\"_blank\">Ilkka Alanko<\/a> kertoo.<\/p>\n<p><img decoding=\"async\" src=\"https:\/\/www.europesays.com\/fi\/wp-content\/uploads\/2025\/11\/1764365109_315_468.jpg\" alt=\"Tulevina p\u00e4ivin\u00e4 Suomeen saapuu lukuisia sadealueita. Suurin osa sateista on vett\u00e4.\" class=\"_Img_1rerz_1\" style=\"aspect-ratio:1.5\" loading=\"eager\"\/><\/p>\n<p class=\"article-picture-caption\">Tulevina p\u00e4ivin\u00e4 Suomeen saapuu lukuisia sadealueita. Suurin osa sateista on vett\u00e4. Kuva:\u00a0Antti Aimo-Koivisto \/ Lehtikuva<\/p>\n<p class=\"article-body mb-nof-24 px-nof-16\">Alanko sanoo, ett\u00e4 sadem\u00e4\u00e4r\u00e4t eiv\u00e4t ole suuria, sill\u00e4 sade liikkuu nopeasti it\u00e4\u00e4n. Sadealue siirtyi Suomen it\u00e4puolelle illalla\u00e4, mutta lumisade jatkuu edelleen Pohjois-Lapissa. Koska s\u00e4\u00e4 l\u00e4mpenee, sateet ovat Etel\u00e4-Lappia my\u00f6ten vett\u00e4.<\/p>\n<p class=\"article-body mb-nof-24 px-nof-16\">Perjantaina l\u00e4mp\u00f6tila vaihteli maan etel\u00e4- ja keskiosissa p\u00e4\u00e4osin 2\u20136 asteessa, mutta l\u00e4nsirannikolla l\u00e4mp\u00f6tila nousi jopa 8 asteeseen. Etel\u00e4-Lapissa oli 0\u20132 astetta l\u00e4mmint\u00e4, Keski- ja Pohjois-Lapissa 0\u20137 astetta miinuksen puolella.<\/p>\n<p class=\"article-body mb-nof-24 px-nof-16\">Lauantaina tai sunnuntaina l\u00e4mp\u00f6tiloissa ei tapahdu suuria muutoksia, mutta pakkasraja siirtyy pohjoisemmaksi. Pakkasraja kulkee suunnilleen Muoniosta Inarij\u00e4rvelle.<\/p>\n<p class=\"article-body mb-nof-24 px-nof-16\">\u2013 Pakkasalue on en\u00e4\u00e4 hyvin kapea.<\/p>\n<p class=\"article-body mb-nof-24 px-nof-16\">Lauantaina suuressa maata on l\u00e4mp\u00f6tila vaihtelee 2\u20137 asteessa.<\/p>\n<p class=\"article-body mb-nof-24 px-nof-16\">Lauantaina Suomeen levi\u00e4\u00e4 lounaasta hajanaisia kuurosateita suureen osaan maata.<\/p>\n<p class=\"article-body mb-nof-24 px-nof-16\">\u2013 Lapissa tulee paikoin my\u00f6s v\u00e4h\u00e4n r\u00e4nt\u00e4\u00e4 tai lunta.<\/p>\n<p><img decoding=\"async\" src=\"https:\/\/www.europesays.com\/fi\/wp-content\/uploads\/2025\/11\/1764365110_689_468.jpg\" alt=\"Sateen lis\u00e4ksi Suomeen saapuu voimakkaita tuulia.\" class=\"_Img_1rerz_1\" style=\"aspect-ratio:0.6666666666666666\" loading=\"eager\"\/><\/p>\n<p class=\"article-picture-caption\">Sateen lis\u00e4ksi Suomeen saapuu voimakkaita tuulia. Kuva:\u00a0Aleksi Jalava \/ IS<\/p>\n<p class=\"article-body mb-nof-24 px-nof-16\">Sunnuntaina s\u00e4\u00e4 muuttuu selke\u00e4ksi ja poutaantuu ainakin maan keskiosissa. Illalla maan l\u00e4nsiosiin levi\u00e4\u00e4 j\u00e4lleen uusia vesisateita.<\/p>\n<p class=\"article-body mb-nof-24 px-nof-16\">\u2013 Pohjois-Lapissa tulee lumikuuroja.<\/p>\n<p class=\"article-body mb-nof-24 px-nof-16\">Alanko sanoo, ett\u00e4 joka vuosi marras- ja joulukuun vaihde ei ole yht\u00e4 l\u00e4mmin.<\/p>\n<p class=\"article-body mb-nof-24 px-nof-16\">\u2013 V\u00e4li\u00e4 on keskim\u00e4\u00e4rin viisi vuotta tai enemm\u00e4n.<\/p>\n<p class=\"article-body mb-nof-24 px-nof-16\">T\u00e4m\u00e4nhetkisten ennusteiden mukaan lauha s\u00e4\u00e4 vaikuttaisi jatkuvan viel\u00e4 joulukuun ensimm\u00e4isell\u00e4 viikolla.<\/p>\n<p><img decoding=\"async\" src=\"https:\/\/www.europesays.com\/fi\/wp-content\/uploads\/2025\/11\/1764365110_22_468.jpg\" alt=\"S\u00e4\u00e4 on tulevina p\u00e4ivin\u00e4 sateinen.\" class=\"_Img_1rerz_1\" style=\"aspect-ratio:1.5699100572363043\" loading=\"eager\"\/><\/p>\n<p class=\"article-picture-caption\">S\u00e4\u00e4 on tulevina p\u00e4ivin\u00e4 sateinen. Kuva:\u00a0Heikki Saukkomaa \/ Lehtikuva<\/p>\n<p class=\"article-body mb-nof-24 px-nof-16\">Koko viikonloppu on tuulinen maan etel\u00e4- ja keskiosissa, joissa tuulen nopeus voi nousta puuskissa yli 15 metriin sekunnissa.<\/p>\n<p class=\"article-body mb-nof-24 px-nof-16\">\u2013 Voimakkaimmat tuulet ovat rannikkoseuduilla.<\/p>\n<p class=\"article-body mb-nof-24 px-nof-16\">Turusta Vaasaan ulottuvilla merialueilla voi olla paikoin jopa myrskypuuskia, joissa tuulennopeus voi olla yli 21 metri\u00e4 sekunnissa.<\/p>\n","protected":false},"excerpt":{"rendered":"Pakkasraja hivuttautuu kohti pohjoista. Sade- ja lumipisarat t\u00e4ytt\u00e4v\u00e4t Suomen s\u00e4\u00e4kartan. L\u00e4mmin etel\u00e4n ja lounaan puoleinen tuuli tuo Suomeen&hellip;\n","protected":false},"author":2,"featured_media":102699,"comment_status":"","ping_status":"","sticky":false,"template":"","format":"standard","meta":{"footnotes":""},"categories":[12],"tags":[22,23,26,27,33,31,30,17,34,24,25,28,29,15,18,21,32,19,20,16],"class_list":{"0":"post-102698","1":"post","2":"type-post","3":"status-publish","4":"format-standard","5":"has-post-thumbnail","7":"category-suomi","8":"tag-breaking-news","9":"tag-breakingnews","10":"tag-featured-news","11":"tag-featurednews","12":"tag-fi","13":"tag-finland","14":"tag-finnish","15":"tag-headlines","16":"tag-ilta-sanomat","17":"tag-latest-news","18":"tag-latestnews","19":"tag-main-news","20":"tag-mainnews","21":"tag-news","22":"tag-otsikot","23":"tag-paauutiset","24":"tag-suomi","25":"tag-top-stories","26":"tag-topstories","27":"tag-uutiset"},"share_on_mastodon":{"url":"https:\/\/pubeurope.com\/@fi\/115629439671208486","error":""},"_links":{"self":[{"href":"https:\/\/www.europesays.com\/fi\/wp-json\/wp\/v2\/posts\/102698","targetHints":{"allow":["GET"]}}],"collection":[{"href":"https:\/\/www.europesays.com\/fi\/wp-json\/wp\/v2\/posts"}],"about":[{"href":"https:\/\/www.europesays.com\/fi\/wp-json\/wp\/v2\/types\/post"}],"author":[{"embeddable":true,"href":"https:\/\/www.europesays.com\/fi\/wp-json\/wp\/v2\/users\/2"}],"replies":[{"embeddable":true,"href":"https:\/\/www.europesays.com\/fi\/wp-json\/wp\/v2\/comments?post=102698"}],"version-history":[{"count":0,"href":"https:\/\/www.europesays.com\/fi\/wp-json\/wp\/v2\/posts\/102698\/revisions"}],"wp:featuredmedia":[{"embeddable":true,"href":"https:\/\/www.europesays.com\/fi\/wp-json\/wp\/v2\/media\/102699"}],"wp:attachment":[{"href":"https:\/\/www.europesays.com\/fi\/wp-json\/wp\/v2\/media?parent=102698"}],"wp:term":[{"taxonomy":"category","embeddable":true,"href":"https:\/\/www.europesays.com\/fi\/wp-json\/wp\/v2\/categories?post=102698"},{"taxonomy":"post_tag","embeddable":true,"href":"https:\/\/www.europesays.com\/fi\/wp-json\/wp\/v2\/tags?post=102698"}],"curies":[{"name":"wp","href":"https:\/\/api.w.org\/{rel}","templated":true}]}}