{"id":102742,"date":"2025-11-28T22:55:12","date_gmt":"2025-11-28T22:55:12","guid":{"rendered":"https:\/\/www.europesays.com\/fi\/102742\/"},"modified":"2025-11-28T22:55:12","modified_gmt":"2025-11-28T22:55:12","slug":"mitka-laitteet-saavat-beta-version-one-ui-8-5-samsung-magazine","status":"publish","type":"post","link":"https:\/\/www.europesays.com\/fi\/102742\/","title":{"rendered":"Mitk\u00e4 laitteet saavat beta-version? One UI 8.5? \u2013 Samsung Magazine"},"content":{"rendered":"<p>Samsung on k\u00e4yt\u00e4nn\u00f6ss\u00e4 saanut p\u00e4ivityksen jakelun valmiiksi. One UI 8 kelvollisissa laitteissa Galaxy, jotta h\u00e4n voi keskitty\u00e4 t\u00e4ysin yl\u00e4rakenteen kehitt\u00e4miseen One UI 8.5, joka perustuu my\u00f6s Android 16:een. Ep\u00e4virallisten raporttien mukaan se julkaistaan \u200b\u200bpian beta programMitk\u00e4 laitteet tulevat vaikuttamaan?<\/p>\n<p>Samsungin pit\u00e4isi julkaista beta program One UI 8.5 ensi viikolla, tarkemmin sanottuna 8. joulukuuta. Vaikka h\u00e4n ei ole viel\u00e4 vahvistanut, mitk\u00e4 laitteet saavat siihen p\u00e4\u00e4syn, voidaan olettaa, mitk\u00e4 lopulta v\u00e4hitellen.<\/p>\n<p>Mitk\u00e4 laitteet saavat beta-version? One UI 8.5<\/p>\n<ul>\n<li>Galaxy S25<\/li>\n<li>Galaxy S25 +<\/li>\n<li>Galaxy S25 Ultra<\/li>\n<li>Galaxy S25 Edge<\/li>\n<li>Galaxy Z Fold7<\/li>\n<li>Galaxy Z Flip7<\/li>\n<li>Galaxy S24<\/li>\n<li>Galaxy S24 +<\/li>\n<li>Galaxy S24 Ultra<\/li>\n<\/ul>\n<p>Voimme odottaa, ett\u00e4 ensimm\u00e4inen betaversiot One UI 8.5 tulee olemaan vuoro Galaxy S25:n ja uudempien mallien seuraan liittyv\u00e4t t\u00e4m\u00e4n vuoden taitettavat puhelimet ja viime vuoden &#8221;lippulaivapuhelimet&#8221;. Voidaan my\u00f6s odottaa, ett\u00e4 beta program Se on saatavilla vain muutamissa maissa, kuten Yhdysvalloissa, Etel\u00e4-Koreassa, Isossa-Britanniassa, Saksassa, Puolassa ja Intiassa.<\/p>\n<p>                                <a href=\"https:\/\/samsungmagazine.eu\/fi\/2025\/11\/28\/samsung-by-ve-one-ui-8-5-konecne-mohl-opravit-nejvetsi-problem-tmaveho-rezimu\/\" class=\"thumbnail\" title=\"Samsung tekisi niin One UI 8.5 saattaa vihdoin korjata pime\u00e4n tilan suurimman ongelman\" rel=\"nofollow noopener\" target=\"_blank\"><\/p>\n<p>    <img decoding=\"async\" class=\"lazyload landscape \"  data- src=\"https:\/\/www.europesays.com\/fi\/wp-content\/uploads\/2025\/10\/One-UI-cover-2.jpg\" title=\"One UI kansi 2\" alt=\"One UI kansi 2\" data-caption=\"\" data-orig-width=\"1900\" data-orig-height=\"1425\"\/><br \/>\n                    <\/a><\/p>\n<p>Suoraan laatikosta otettu p\u00e4\u00e4llirakenne One UI 8.5 toimii ilmeisesti sarjan puhelimissa Galaxy S26, jonka Samsungin pit\u00e4isi esitell\u00e4 tammikuun lopussa ja lanseerata helmikuun puoliv\u00e4liss\u00e4.<\/p>\n","protected":false},"excerpt":{"rendered":"Samsung on k\u00e4yt\u00e4nn\u00f6ss\u00e4 saanut p\u00e4ivityksen jakelun valmiiksi. One UI 8 kelvollisissa laitteissa Galaxy, jotta h\u00e4n voi keskitty\u00e4 t\u00e4ysin&hellip;\n","protected":false},"author":2,"featured_media":102743,"comment_status":"","ping_status":"","sticky":false,"template":"","format":"standard","meta":{"footnotes":""},"categories":[86],"tags":[420,33,31,30,421,32,91,92],"class_list":{"0":"post-102742","1":"post","2":"type-post","3":"status-publish","4":"format-standard","5":"has-post-thumbnail","7":"category-laitteet","8":"tag-equipment","9":"tag-fi","10":"tag-finland","11":"tag-finnish","12":"tag-laitteet","13":"tag-suomi","14":"tag-technology","15":"tag-teknologia"},"share_on_mastodon":{"url":"https:\/\/pubeurope.com\/@fi\/115629793287021911","error":""},"_links":{"self":[{"href":"https:\/\/www.europesays.com\/fi\/wp-json\/wp\/v2\/posts\/102742","targetHints":{"allow":["GET"]}}],"collection":[{"href":"https:\/\/www.europesays.com\/fi\/wp-json\/wp\/v2\/posts"}],"about":[{"href":"https:\/\/www.europesays.com\/fi\/wp-json\/wp\/v2\/types\/post"}],"author":[{"embeddable":true,"href":"https:\/\/www.europesays.com\/fi\/wp-json\/wp\/v2\/users\/2"}],"replies":[{"embeddable":true,"href":"https:\/\/www.europesays.com\/fi\/wp-json\/wp\/v2\/comments?post=102742"}],"version-history":[{"count":0,"href":"https:\/\/www.europesays.com\/fi\/wp-json\/wp\/v2\/posts\/102742\/revisions"}],"wp:featuredmedia":[{"embeddable":true,"href":"https:\/\/www.europesays.com\/fi\/wp-json\/wp\/v2\/media\/102743"}],"wp:attachment":[{"href":"https:\/\/www.europesays.com\/fi\/wp-json\/wp\/v2\/media?parent=102742"}],"wp:term":[{"taxonomy":"category","embeddable":true,"href":"https:\/\/www.europesays.com\/fi\/wp-json\/wp\/v2\/categories?post=102742"},{"taxonomy":"post_tag","embeddable":true,"href":"https:\/\/www.europesays.com\/fi\/wp-json\/wp\/v2\/tags?post=102742"}],"curies":[{"name":"wp","href":"https:\/\/api.w.org\/{rel}","templated":true}]}}