{"id":10275,"date":"2025-08-19T14:31:33","date_gmt":"2025-08-19T14:31:33","guid":{"rendered":"https:\/\/www.europesays.com\/fi\/10275\/"},"modified":"2025-08-19T14:31:33","modified_gmt":"2025-08-19T14:31:33","slug":"internet-sisallot-taydentavat-tv-tarjontaa-digitan-hybridi-tv-kasvattaa-suosiotaan","status":"publish","type":"post","link":"https:\/\/www.europesays.com\/fi\/10275\/","title":{"rendered":"Internet-sis\u00e4ll\u00f6t t\u00e4ydent\u00e4v\u00e4t tv-tarjontaa &#8211; Digitan hybridi-tv kasvattaa suosiotaan"},"content":{"rendered":"<p class=\"page-content-date\">\n\t\t\t\t\t\t\tJulkaistu:\u00a0<br \/>\n\t\t\t\t\t\t\t18.2.2016\t\t\t\t\t\t<\/p>\n<p>Tiedote 18.2.2016<\/p>\n<p>Kuluttajat voivat nyky\u00e4\u00e4n katsoa antenni-tv-l\u00e4hetysten<br \/>lis\u00e4ksi internetist\u00e4 tuttuja sis\u00e4lt\u00f6j\u00e4 helposti omalta tv-ruudulta. Digita<br \/>lanseerasi vuoden 2015 aikana Ylen ja Sanoman kanssa yhteisty\u00f6ss\u00e4 hybridi-tv<br \/>\u2013palvelun, jonka ansiosta suuri osa Yle Areenan ja Nelonen Media Ruutu-palvelun<br \/>maksuttomasta sis\u00e4ll\u00f6st\u00e4 on katsottavissa nettisis\u00e4lt\u00f6n\u00e4<br \/>antenni-tv-vastaanottimista kaikkialla Suomessa.<\/p>\n<p>\u201dInternet-sis\u00e4lt\u00f6jen tuominen televisiol\u00e4hetyksiin on<br \/>luonteva osa tv:n katselukulttuurin muutosta. Katsomiskulttuuri on muuttunut<br \/>yh\u00e4 monipuolisemmaksi ja netiss\u00e4 oleva sis\u00e4lt\u00f6 mahdollistaa aiempaa<br \/>henkil\u00f6kohtaisemman katselukokemuksen. Internet-jakelulla<br \/>on kasvava kysynt\u00e4, sill\u00e4 ihmiset haluavat katsoa tv:t\u00e4 erilaisissa tilanteissa<br \/>ja erilaisista p\u00e4\u00e4telaitteista. Median k\u00e4ytt\u00f6tavat ja sis\u00e4ll\u00f6t pirstaloituvat,<br \/>mutta eiv\u00e4t toistensa kustannuksella, sanoo <b>Teppo Ahonen<\/b>, Videoel\u00e4myspalvelujen johtaja Digitasta. <\/p>\n<p>Hybridi-tv-palvelu onkin nopeasti saavuttanut k\u00e4ytt\u00e4jien<br \/>suosion. Digita toteutti tammikuussa yhteisty\u00f6ss\u00e4 Nelonen Median kanssa<br \/>hybridi-tv-kampanjan Sanoman online-kanavissa.\u00a0Kampanjan tavoite oli<br \/>aktivoida tv-katsojia kytkem\u00e4\u00e4n oma \u00e4ly-tv laajakaistaan ja aktivoimaan<br \/>hybridi-tv-palvelujen k\u00e4ytt\u00f6. <\/p>\n<p><b>Kampanja toi uusia aktiivisia<br \/>hybridipalvelujen k\u00e4ytt\u00e4ji\u00e4<\/b> <\/p>\n<p>Hybridi-tv-videomainos<br \/>py\u00f6ri\u00a0Sanoman online-kanavilla runsaan kahden viikon ajan 14. \u2013 31.<br \/>tammikuuta. <\/p>\n<p>\u201dOnnistunut<br \/>kampanja n\u00e4kyy my\u00f6s hybridi-tv:n k\u00e4ytt\u00f6luvuissa- \u00a0k\u00e4ynnistyksi\u00e4 kertyi<br \/>kampanjan aikana yli tuplam\u00e4\u00e4r\u00e4 kampanjaa edelt\u00e4v\u00e4\u00e4n ajanjaksoon verrattuna,<br \/>mik\u00e4 ylitti odotukset\u201d, sanoo Ruudun mainonnasta vastaava <b>Teemu Suominen<\/b>.<\/p>\n<p>\u201dKampanjan voidaan sanoa onnistuneen erinomaisesti,<br \/>sill\u00e4 sen johdosta moni \u00e4ly-tv:n omistaja aktivoi oman tv-vastaanottimensa HbbTV-ominaisuuden<br \/>ja otti hybridi-tv-sis\u00e4ll\u00f6t k\u00e4ytt\u00f6\u00f6n HbbTV-ominaisuus on olemassa valmiiksi jo<br \/>useassa kotitaloudessa, ja aktivoimalla jo nykyisi\u00e4 televisioita p\u00e4\u00e4semme<br \/>helposti melko korkeisiin k\u00e4ytt\u00e4j\u00e4m\u00e4\u00e4riin\u201d, sanoo Ahonen. <\/p>\n<p>Katso Ruutu hybridi-tv:ss\u00e4 videomainos: <a href=\"https:\/\/youtu.be\/x3wlVAJxZsA\" rel=\"nofollow noopener\" target=\"_blank\">https:\/\/youtu.be\/x3wlVAJxZsA<\/a><br \/>Lue lis\u00e4\u00e4hybridi-tv:st\u00e4 <a href=\"http:\/\/www.hybriditv.fi\" rel=\"nofollow noopener\" target=\"_blank\">www.hybriditv.fi<\/a> <\/p>\n<p><b>Hybridi-tv lyhyesti<br \/><\/b><br \/>Digita on ottanut k\u00e4ytt\u00f6\u00f6n tv-j\u00e4rjestelmiss\u00e4\u00e4n<br \/>sovelluksen, joka mahdollistaa internet-sis\u00e4lt\u00f6jen tuomisen helposti<br \/>televisiokanavien yhteyteen. T\u00e4m\u00e4 rikastaa olennaisesti tv:n katseluel\u00e4myst\u00e4 ja<br \/>tuo netist\u00e4 tutut vuorovaikutteiset toiminnallisuudet my\u00f6s televisioon.<\/p>\n<p>Digitan antenni-tv-verkossa on kes\u00e4st\u00e4 2015 alkaen ollut <b>Nelonen<br \/>Median Ruutu<\/b>-palvelun maksuton sis\u00e4lt\u00f6 sek\u00e4 syksyst\u00e4 2015 alkaen suuri osa <b>Yle<br \/>Areenan<\/b> palveluista.\u00a0 <b>MTV:n<\/b> kanavilla on\u00a0k\u00e4yt\u00f6ss\u00e4<br \/>uutispalvelu nimelt\u00e4 MTV Uutiset. Laajennettu ohjelmaopas on<br \/>my\u00f6s\u00a0kuluttajien k\u00e4ytett\u00e4viss\u00e4\u00a0Ylen, MTV:n, Nelonen Median, <b>Discovery<br \/>Network Finlandin<\/b> ja <b>FOX:in<\/b> kanavilla.<\/p>\n<p>Palvelut ovat pilottik\u00e4yt\u00f6ss\u00e4 ja saatavilla<br \/>antenni-tv-verkkoon sek\u00e4 laajakaistaan kytketyn television kautta. <\/p>\n<p><b>Lis\u00e4tietoja:<\/b> <\/p>\n<p>Teemu Suominen, Head of Online Operations, Sales, Nelonen Media, 050 313 0577<\/p>\n<p>Teppo Ahonen, johtaja, Videoel\u00e4myspalvelut, Digita,<br \/>040\u00a0563 0299<\/p>\n","protected":false},"excerpt":{"rendered":"Julkaistu:\u00a0 18.2.2016 Tiedote 18.2.2016 Kuluttajat voivat nyky\u00e4\u00e4n katsoa antenni-tv-l\u00e4hetystenlis\u00e4ksi internetist\u00e4 tuttuja sis\u00e4lt\u00f6j\u00e4 helposti omalta tv-ruudulta. Digitalanseerasi vuoden 2015&hellip;\n","protected":false},"author":2,"featured_media":10276,"comment_status":"","ping_status":"","sticky":false,"template":"","format":"standard","meta":{"footnotes":""},"categories":[87],"tags":[33,31,30,148,32,91,92],"class_list":{"0":"post-10275","1":"post","2":"type-post","3":"status-publish","4":"format-standard","5":"has-post-thumbnail","7":"category-internet","8":"tag-fi","9":"tag-finland","10":"tag-finnish","11":"tag-internet","12":"tag-suomi","13":"tag-technology","14":"tag-teknologia"},"share_on_mastodon":{"url":"","error":""},"_links":{"self":[{"href":"https:\/\/www.europesays.com\/fi\/wp-json\/wp\/v2\/posts\/10275","targetHints":{"allow":["GET"]}}],"collection":[{"href":"https:\/\/www.europesays.com\/fi\/wp-json\/wp\/v2\/posts"}],"about":[{"href":"https:\/\/www.europesays.com\/fi\/wp-json\/wp\/v2\/types\/post"}],"author":[{"embeddable":true,"href":"https:\/\/www.europesays.com\/fi\/wp-json\/wp\/v2\/users\/2"}],"replies":[{"embeddable":true,"href":"https:\/\/www.europesays.com\/fi\/wp-json\/wp\/v2\/comments?post=10275"}],"version-history":[{"count":0,"href":"https:\/\/www.europesays.com\/fi\/wp-json\/wp\/v2\/posts\/10275\/revisions"}],"wp:featuredmedia":[{"embeddable":true,"href":"https:\/\/www.europesays.com\/fi\/wp-json\/wp\/v2\/media\/10276"}],"wp:attachment":[{"href":"https:\/\/www.europesays.com\/fi\/wp-json\/wp\/v2\/media?parent=10275"}],"wp:term":[{"taxonomy":"category","embeddable":true,"href":"https:\/\/www.europesays.com\/fi\/wp-json\/wp\/v2\/categories?post=10275"},{"taxonomy":"post_tag","embeddable":true,"href":"https:\/\/www.europesays.com\/fi\/wp-json\/wp\/v2\/tags?post=10275"}],"curies":[{"name":"wp","href":"https:\/\/api.w.org\/{rel}","templated":true}]}}