{"id":10277,"date":"2025-08-19T14:34:08","date_gmt":"2025-08-19T14:34:08","guid":{"rendered":"https:\/\/www.europesays.com\/fi\/10277\/"},"modified":"2025-08-19T14:34:08","modified_gmt":"2025-08-19T14:34:08","slug":"kaarija-vei-vain-elamaa-tahdet-juhlimaan-kuvausten-valissa-en-kertonut-etukateen","status":"publish","type":"post","link":"https:\/\/www.europesays.com\/fi\/10277\/","title":{"rendered":"K\u00e4\u00e4rij\u00e4 vei Vain el\u00e4m\u00e4\u00e4 -t\u00e4hdet juhlimaan kuvausten v\u00e4liss\u00e4: \u201dEn kertonut etuk\u00e4teen\u201d"},"content":{"rendered":"<p>K\u00e4\u00e4rij\u00e4 tekee paljastuksia Iltalehdelle muun muassa Vain el\u00e4m\u00e4\u00e4 -ohjelman kulisseista sek\u00e4 kahden bisneksens\u00e4 lopettamisesta.<\/p>\n<p class=\"paragraph\"><strong>K\u00e4\u00e4rij\u00e4<\/strong> eli <strong>Jere P\u00f6yh\u00f6nen<\/strong> petti muusikkoyst\u00e4v\u00e4lleen <strong>Behmille<\/strong> tekem\u00e4ns\u00e4 lupauksen, kun h\u00e4n osallistui Vain el\u00e4m\u00e4\u00e4 -ohjelmaan. K\u00e4\u00e4rij\u00e4 oli aiemmin luvannut menn\u00e4 ohjelmaan yhdess\u00e4 Behmin kanssa, mutta <strong>Pelle Miljoonan<\/strong> mukanaolo tulevalla kaudella sai h\u00e4net muuttamaan mielens\u00e4.<\/p>\n<p class=\"paragraph\">\u2013 Mutta olemme tehneet sovinnon Behmin kanssa, K\u00e4\u00e4rij\u00e4 vakuuttaa Iltalehdelle ohjelman lehdist\u00f6tilaisuudessa.<\/p>\n<p><img decoding=\"async\" class=\"image image-show image-preview\" src=\"https:\/\/www.europesays.com\/fi\/wp-content\/uploads\/2025\/08\/13556c90067641af80a5583682838f1e91233e7114c5a1145bc3b3e4dda54da9.jpg\" alt=\"\"\/><img decoding=\"async\" class=\"image image-show\" src=\"https:\/\/www.europesays.com\/fi\/wp-content\/uploads\/2025\/08\/1755614048_450_13556c90067641af80a5583682838f1e91233e7114c5a1145bc3b3e4dda54da9.jpg\" alt=\"\"\/><\/p>\n<p>K\u00e4\u00e4rij\u00e4 joutui tekem\u00e4ns\u00e4 lupauksen osallistuakseen Vain el\u00e4m\u00e4\u00e4 -ohjelmaan. Roosa Br\u00f6ijer<\/p>\n<p class=\"paragraph\">K\u00e4\u00e4rij\u00e4lle ohjelma oli hyv\u00e4 kokemus. Ohjelman kulisseissa tapahtui ikimuistoisia hetki\u00e4, kuten K\u00e4\u00e4rij\u00e4n, <strong>Viivin<\/strong> ja <strong>Vestan<\/strong> yhteinen viikonloppu kuvausten v\u00e4liss\u00e4.<\/p>\n<p class=\"paragraph\">\u2013 Olimme menossa k\u00e4ym\u00e4\u00e4n Viivin m\u00f6kill\u00e4. Siin\u00e4 poiketessa k\u00e4vimme yhdess\u00e4 ylioppilasjuhlassa. Kaverini oli siell\u00e4. En kertonut t\u00e4st\u00e4 etuk\u00e4teen Viiville ja Vestalle, se v\u00e4h\u00e4n unohtui. Kerroin vain, ett\u00e4 menn\u00e4\u00e4n moikkaamaan kaveriani, artisti pohjustaa.<\/p>\n<p class=\"paragraph\">\u2013 Kun matkaa oli en\u00e4\u00e4 sata metri\u00e4, niin kerroin: \u201dSellainen unohtui sanoa, ett\u00e4 n\u00e4m\u00e4 ovat ylioppilasjuhlat\u201d, h\u00e4n muistelee naurahtaen.<\/p>\n<p class=\"paragraph\">K\u00e4\u00e4rij\u00e4n mukaan he olivat juhlissa noin puolitoista tuntia. He ehtiv\u00e4t muun muassa kuunnella juhlapuheita ja juoda onnittelumaljat.<\/p>\n<p class=\"paragraph\">\u2013 Osalla oli siin\u00e4 v\u00e4h\u00e4n krapulanpoikasta, kun meill\u00e4 v\u00e4h\u00e4n vier\u00e4hti perjantai \u2013 viikonloppuhan oli alkamassa, artisti paljastaa.<\/p>\n<p class=\"paragraph\">K\u00e4\u00e4rij\u00e4n mukaan Viivi ja Vesta olivat hyvill\u00e4 mielin mukana juhlissa, vaikka tilanne tuli heille yll\u00e4tyksen\u00e4. K\u00e4\u00e4rij\u00e4n mukaan osan kauden t\u00e4htien kesken on ollut puhetta my\u00f6s yhteisest\u00e4 m\u00f6kkeilyst\u00e4 jatkossa.<\/p>\n<p>Vain el\u00e4m\u00e4\u00e4 -kaudella ovat mukana K\u00e4\u00e4rij\u00e4n lis\u00e4ksi Pelle Miljoona, Mikki Kauste, Jonna Tervomaa, Johannes Brotherus, Lauri Haav, Vesta ja Viivi. Roosa Br\u00f6ijer<\/p>\n<p>Jaksamista ja bisneksi\u00e4<\/p>\n<p class=\"paragraph\">Musiikkiuransa lis\u00e4ksi K\u00e4\u00e4rij\u00e4ll\u00e4 on ollut bisneksi\u00e4 esimerkiksi Onlyfans-alustalla. H\u00e4n liittyi Onlyfansiin vuoden 2023 lopulla. Nyt K\u00e4\u00e4rij\u00e4 kertoo, ettei en\u00e4\u00e4 luo sis\u00e4lt\u00f6\u00e4 sinne.<\/p>\n<p class=\"paragraph\">\u2013 Keskittyminen t\u00e4ytyy nyt laittaa musiikkiin. Nuo olivat hauskoja tempauksia ja olen aina tyk\u00e4nnyt tehd\u00e4 kaikkea outoa sek\u00e4 h\u00e4mment\u00e4\u00e4 ihmisi\u00e4, mutta nyt olen j\u00e4tt\u00e4nyt niin sanotusti turhia asioita pois ja keskittynyt itse asiaan, artisti perustelee.<\/p>\n<p class=\"paragraph\">\u2013 Toivottavasti joskus on taas tilaa h\u00f6lm\u00f6ill\u00e4, mutta nyt on t\u00e4ht\u00e4imess\u00e4 tehd\u00e4 uutta levy\u00e4 ja saada aikaa itselleni. Jotta minullakin olisi vapaata, koska sit\u00e4 ei ole ihan hirve\u00e4sti ollut Uuden musiikin kilpailun j\u00e4lkeen tai ennen sit\u00e4. Nyt on hyv\u00e4 sauma jaksottaa el\u00e4m\u00e4\u00e4ni eri tavalla, h\u00e4n jatkaa.<\/p>\n<p>K\u00e4\u00e4rij\u00e4 kertoo karsivansa el\u00e4m\u00e4st\u00e4\u00e4n turhia asioita. Roosa Br\u00f6ijer<\/p>\n<p class=\"paragraph\">K\u00e4\u00e4rij\u00e4n mukaan he tekiv\u00e4t viimeksi materiaalia Onlyfansiin kaksoisolentonsa <strong>H\u00e4\u00e4rij\u00e4n<\/strong> kanssa alkuvuonna. Artisti ei kuitenkaan v\u00e4it\u00e4, etteiv\u00e4tk\u00f6 he koskaan tekisi paluuta Onlyfansiin.<\/p>\n<p class=\"paragraph\">\u2013 Kyll\u00e4 me ehk\u00e4 joskus palaamme jollain h\u00e4rskimm\u00e4ll\u00e4 kaavalla. En tied\u00e4, K\u00e4\u00e4rij\u00e4 naurahtaa.<\/p>\n<p class=\"paragraph\">\u2013 Se oli vain kokeilu. Tykk\u00e4\u00e4n tarjoilla faneille erilaisia juttuja. En tied\u00e4 ket\u00e4\u00e4n suomalaista artistia, jolla olisi Onlyfans. Mielest\u00e4ni t\u00e4m\u00e4 oli oiva paikka kokeilla, miten siell\u00e4 toimii oma p\u00e4rst\u00e4. Ja hauskaa oli, h\u00e4n toteaa.<\/p>\n<p class=\"paragraph\">K\u00e4\u00e4rij\u00e4 ilmoitti toukokuussa lopettavansa my\u00f6s Malmilla sijaitsevan yksi\u00f6ns\u00e4 <a href=\"https:\/\/www.iltalehti.fi\/viihdeuutiset\/ab268535-ed43-49ac-a512-5489cd47e373\" rel=\"nofollow noopener\" target=\"_blank\">vuokraamisen Airbnb-majoitukseksi<\/a> syksyll\u00e4. Nyt K\u00e4\u00e4rij\u00e4 paljastaa, ett\u00e4 ei ole viel\u00e4 t\u00e4ysin varma, mit\u00e4 asunnolle tapahtuu Airbnb-vuokrauksen p\u00e4\u00e4ttymisen j\u00e4lkeen.<\/p>\n<p class=\"paragraph\">\u2013 Seh\u00e4n on veljeni asunto. T\u00e4m\u00e4kin oli vain kokeilujuttu. Mielest\u00e4ni K\u00e4\u00e4rij\u00e4-Airbnb-juttu ei voi loputtomiin toimia. Asunnot maksavat ja on helpompi saada siihen vuokralainen tai myyd\u00e4 se pois. En tied\u00e4, tuleeko se joskus takaisin, mutta ainakin hetkeksi se poistuu.<\/p>\n<p>K\u00e4\u00e4rij\u00e4 toteaa, ett\u00e4 ehk\u00e4 he tekev\u00e4t H\u00e4\u00e4rij\u00e4n kanssa paluun Onlyfansiin. Roosa Br\u00f6ijer<\/p>\n","protected":false},"excerpt":{"rendered":"K\u00e4\u00e4rij\u00e4 tekee paljastuksia Iltalehdelle muun muassa Vain el\u00e4m\u00e4\u00e4 -ohjelman kulisseista sek\u00e4 kahden bisneksens\u00e4 lopettamisesta. K\u00e4\u00e4rij\u00e4 eli Jere P\u00f6yh\u00f6nen&hellip;\n","protected":false},"author":2,"featured_media":10278,"comment_status":"","ping_status":"","sticky":false,"template":"","format":"standard","meta":{"footnotes":""},"categories":[136],"tags":[35,138,407,137,33,31,30,408,47,141,32,484,139,109],"class_list":{"0":"post-10277","1":"post","2":"type-post","3":"status-publish","4":"format-standard","5":"has-post-thumbnail","7":"category-julkkikset","8":"tag-24h","9":"tag-audio","10":"tag-celebrities","11":"tag-entertainment","12":"tag-fi","13":"tag-finland","14":"tag-finnish","15":"tag-julkkikset","16":"tag-musiikki","17":"tag-muusikot-bandit","18":"tag-suomi","19":"tag-taiteellinen-ilmaisu-ja-mediat","20":"tag-tv-ohjelmat","21":"tag-viihde"},"share_on_mastodon":{"url":"","error":""},"_links":{"self":[{"href":"https:\/\/www.europesays.com\/fi\/wp-json\/wp\/v2\/posts\/10277","targetHints":{"allow":["GET"]}}],"collection":[{"href":"https:\/\/www.europesays.com\/fi\/wp-json\/wp\/v2\/posts"}],"about":[{"href":"https:\/\/www.europesays.com\/fi\/wp-json\/wp\/v2\/types\/post"}],"author":[{"embeddable":true,"href":"https:\/\/www.europesays.com\/fi\/wp-json\/wp\/v2\/users\/2"}],"replies":[{"embeddable":true,"href":"https:\/\/www.europesays.com\/fi\/wp-json\/wp\/v2\/comments?post=10277"}],"version-history":[{"count":0,"href":"https:\/\/www.europesays.com\/fi\/wp-json\/wp\/v2\/posts\/10277\/revisions"}],"wp:featuredmedia":[{"embeddable":true,"href":"https:\/\/www.europesays.com\/fi\/wp-json\/wp\/v2\/media\/10278"}],"wp:attachment":[{"href":"https:\/\/www.europesays.com\/fi\/wp-json\/wp\/v2\/media?parent=10277"}],"wp:term":[{"taxonomy":"category","embeddable":true,"href":"https:\/\/www.europesays.com\/fi\/wp-json\/wp\/v2\/categories?post=10277"},{"taxonomy":"post_tag","embeddable":true,"href":"https:\/\/www.europesays.com\/fi\/wp-json\/wp\/v2\/tags?post=10277"}],"curies":[{"name":"wp","href":"https:\/\/api.w.org\/{rel}","templated":true}]}}