{"id":102814,"date":"2025-11-29T01:46:18","date_gmt":"2025-11-29T01:46:18","guid":{"rendered":"https:\/\/www.europesays.com\/fi\/102814\/"},"modified":"2025-11-29T01:46:18","modified_gmt":"2025-11-29T01:46:18","slug":"pikkujouluja-ei-vieteta-entiseen-tapaan","status":"publish","type":"post","link":"https:\/\/www.europesays.com\/fi\/102814\/","title":{"rendered":"Pikkujouluja ei vietet\u00e4 entiseen tapaan"},"content":{"rendered":"<p class=\"ai-optimize-8 ai-optimize-introduction\">Matkailu- ja ravintola-alan yrityksi\u00e4 edustavan Maran j\u00e4senkyselyn mukaan pikkujoulukausi j\u00e4\u00e4 t\u00e4n\u00e4 vuonna vaisuksi.<\/p>\n<p class=\"ai-optimize-9\">\u2013 Toimialamme yritykset odottivat pikkujoulukaudelta enemm\u00e4n. Yritysten ja kuluttajien varovaisuus on jatkunut pitk\u00e4\u00e4n. Toivoimme, ett\u00e4 kes\u00e4n molemmin puolin voimaan tulleet palkankorotukset, alhainen korkotaso ja ansiotuloverotuksen aleneminen olisivat saaneet kuluttajat ja kaveriporukat liikkeelle. Yrityksetk\u00e4\u00e4n eiv\u00e4t ole viett\u00e4m\u00e4ss\u00e4 pikkujouluja entiseen tapaan. Niin yritysten kuin kuluttajienkin keskiostokset ovat pienentyneet, Maran toimitusjohtaja <strong>Timo Lappi<\/strong> kertoo tiedotteessa.<\/p>\n<p class=\"ai-optimize-10\">Maran j\u00e4senkyselyn mukaan myynti kasvaa viime vuoteen verrattuna vain nelj\u00e4sosalla yrityksist\u00e4. Yli 10 miljoonan euron liikevaihdon yrityksill\u00e4 myynti kasvaa noin 30 prosentilla yrityksist\u00e4, kun sit\u00e4 pienemmill\u00e4 kasvua on vain 17 prosentilla yrityksist\u00e4. Heikoimmat odotukset ovat pubeilla, y\u00f6kerhoilla ja keilahalleilla. Kaksi kolmannesta niist\u00e4 kertoo myynnin v\u00e4henev\u00e4n ja vain noin viidennes kasvavan. Ruokaravintoloistakin vain 20 prosenttia odottaa myynnin kasvua pikkujoulukaudella.<\/p>\n<p>Yritykset vaikeuksissa<\/p>\n<p class=\"ai-optimize-12\">Luottotieto- ja analytiikkayhti\u00f6 Dun &amp; Bradstreet kertoi hiljattain, hotelli- ja ravintola-alan konkurssiriski on noussut noin 7 prosenttia edellisvuodesta. Hotelli- ja ravintola-alalla on my\u00f6s eniten maksuh\u00e4iri\u00f6merkint\u00f6j\u00e4. N\u00e4it\u00e4 on noin 17 prosentilla alan yrityksist\u00e4.<\/p>\n<p class=\"ai-optimize-13\">\u2013 Dun &amp; Bradstreetin luvut ovat toimialamme kannalta karuja, mutta ne sopivat hyvin yhteen j\u00e4senkyselymme tulosten kanssa. P\u00e4\u00e4ministeri<strong> Petteri Orpon<\/strong> (kok.) hallituksen tekem\u00e4t arvonlis\u00e4verojen ja alkoholijuomaverojen korotukset yhdess\u00e4 yli viisi vuotta jatkuneiden kustannusten nousun kanssa ovat olleet myrkky\u00e4 alan yrityksille. Kun samaan aikaan yritykset ja kuluttajat ovat olleet varovaisia, lopputulos on t\u00e4llainen, Maran toimitusjohtaja Timo Lappi sanoo.<\/p>\n<p class=\"ai-optimize-6\"><strong>LUE MY\u00d6S:<\/strong><br \/><a href=\"https:\/\/www.verkkouutiset.fi\/a\/onko-tyopaikan-pikkujouluihin-pakko-osallistua-riippuu-yhdesta-asiasta\/\" target=\"_blank\" rel=\"noopener nofollow\">Onko ty\u00f6paikan pikkujouluihin pakko osallistua? Riippuu yhdest\u00e4 asiasta<\/a><\/p>\n","protected":false},"excerpt":{"rendered":"Matkailu- ja ravintola-alan yrityksi\u00e4 edustavan Maran j\u00e4senkyselyn mukaan pikkujoulukausi j\u00e4\u00e4 t\u00e4n\u00e4 vuonna vaisuksi. \u2013 Toimialamme yritykset odottivat pikkujoulukaudelta&hellip;\n","protected":false},"author":2,"featured_media":102815,"comment_status":"","ping_status":"","sticky":false,"template":"","format":"standard","meta":{"footnotes":""},"categories":[76],"tags":[79,77,33,31,30,32,78,1356],"class_list":{"0":"post-102814","1":"post","2":"type-post","3":"status-publish","4":"format-standard","5":"has-post-thumbnail","7":"category-talous","8":"tag-business","9":"tag-economy","10":"tag-fi","11":"tag-finland","12":"tag-finnish","13":"tag-suomi","14":"tag-talous","15":"tag-yritykset"},"share_on_mastodon":{"url":"https:\/\/pubeurope.com\/@fi\/115630465584818093","error":""},"_links":{"self":[{"href":"https:\/\/www.europesays.com\/fi\/wp-json\/wp\/v2\/posts\/102814","targetHints":{"allow":["GET"]}}],"collection":[{"href":"https:\/\/www.europesays.com\/fi\/wp-json\/wp\/v2\/posts"}],"about":[{"href":"https:\/\/www.europesays.com\/fi\/wp-json\/wp\/v2\/types\/post"}],"author":[{"embeddable":true,"href":"https:\/\/www.europesays.com\/fi\/wp-json\/wp\/v2\/users\/2"}],"replies":[{"embeddable":true,"href":"https:\/\/www.europesays.com\/fi\/wp-json\/wp\/v2\/comments?post=102814"}],"version-history":[{"count":0,"href":"https:\/\/www.europesays.com\/fi\/wp-json\/wp\/v2\/posts\/102814\/revisions"}],"wp:featuredmedia":[{"embeddable":true,"href":"https:\/\/www.europesays.com\/fi\/wp-json\/wp\/v2\/media\/102815"}],"wp:attachment":[{"href":"https:\/\/www.europesays.com\/fi\/wp-json\/wp\/v2\/media?parent=102814"}],"wp:term":[{"taxonomy":"category","embeddable":true,"href":"https:\/\/www.europesays.com\/fi\/wp-json\/wp\/v2\/categories?post=102814"},{"taxonomy":"post_tag","embeddable":true,"href":"https:\/\/www.europesays.com\/fi\/wp-json\/wp\/v2\/tags?post=102814"}],"curies":[{"name":"wp","href":"https:\/\/api.w.org\/{rel}","templated":true}]}}