{"id":102822,"date":"2025-11-29T02:02:13","date_gmt":"2025-11-29T02:02:13","guid":{"rendered":"https:\/\/www.europesays.com\/fi\/102822\/"},"modified":"2025-11-29T02:02:13","modified_gmt":"2025-11-29T02:02:13","slug":"krista-parmakosken-hiihtoura-paattyy-tassa-syy","status":"publish","type":"post","link":"https:\/\/www.europesays.com\/fi\/102822\/","title":{"rendered":"Krista P\u00e4rm\u00e4kosken hiihtoura p\u00e4\u00e4ttyy \u2013 t\u00e4ss\u00e4 syy"},"content":{"rendered":"<p>Hiiht\u00e4j\u00e4 <strong>Krista P\u00e4rm\u00e4koski<\/strong> aikoo lopettaa hiihtouransa juuri alkamassa olevan kauden j\u00e4lkeen. H\u00e4n kertoo siit\u00e4 tuoreessa somejulkaisussaan. Siit\u00e4 selvi\u00e4\u00e4 samalla hyv\u00e4 syy, miksi h\u00e4n ei halua en\u00e4\u00e4 jatkaa hiihtouralla.<\/p>\n<p>\u2013 Viisaammat on osannu kertoa, ett\u00e4 kyll\u00e4 sen sitten tiet\u00e4\u00e4, kun aika on oikea. Luulin olevani valmis kev\u00e4\u00e4ll\u00e4 2023, mutta silloin matka olisi j\u00e4\u00e4nyt kesken. Nyt sis\u00e4ll\u00e4ni on rauha ja tieto siit\u00e4, ett\u00e4 t\u00e4m\u00e4 tulee oleen mun urani viimeinen kausi, paljastaa Krista hyv\u00e4n syyn lopetukselle.<\/p>\n<p>Lue my\u00f6s: <a href=\"https:\/\/www.como.fi\/uutiset\/krista-parmakosken-firma-teki-allistyttavan-tuloksen\/\" title=\"Krista P\u00e4rm\u00e4kosken firma teki \u00e4llistytt\u00e4v\u00e4n tuloksen\" class=\"underline-custom !font-montserrat !font-bold !underline-offset-4 !decoration-4 !decoration-red-600 !text-md\" rel=\"nofollow noopener\" target=\"_blank\">Krista P\u00e4rm\u00e4kosken firma teki \u00e4llistytt\u00e4v\u00e4n tuloksen<\/a><\/p>\n<p>Kristan mukaan hiihtoura ei ole ollut helppo valinta. H\u00e4n kertoo, kuinka sen toteuttamiseen on vaadittu pitk\u00e4j\u00e4nteist\u00e4 ja m\u00e4\u00e4r\u00e4tietoista ty\u00f6t\u00e4. Se on ollut v\u00e4lill\u00e4 raskasta eik\u00e4 h\u00e4n ole tiennyt aina mihin suuntaan edet\u00e4 urallaan. H\u00e4n aikoo silti nauttia t\u00e4st\u00e4 kaudesta.<\/p>\n<p>Lue my\u00f6s: <a href=\"https:\/\/www.como.fi\/uutiset\/seiska-parmakoskien-eron-syy-selvisi-shokkiuutinen\/\" title=\"Seiska: P\u00e4rm\u00e4koskien eron syy selvisi \u2013 shokkiuutinen\" class=\"underline-custom !font-montserrat !font-bold !underline-offset-4 !decoration-4 !decoration-red-600 !text-md\" rel=\"nofollow noopener\" target=\"_blank\">Seiska: P\u00e4rm\u00e4koskien eron syy selvisi \u2013 shokkiuutinen<\/a><\/p>\n<p>\u2013 Huomenna starttaa mun 18. MC-kausi. Ekassa MC-startissa hiihdin pisteille ja siit\u00e4 k\u00e4ynnisty mun kasvu ammattilaiseksi. Tuleva talvi n\u00e4ytt\u00e4\u00e4 miten t\u00e4\u00e4 tarina p\u00e4\u00e4ttyy. Varmaa on vain se, ett\u00e4 aion nauttia ja vet\u00e4\u00e4 t\u00e4ysill\u00e4 viel\u00e4 kerran, toteaa P\u00e4rm\u00e4koski.<\/p>\n<p>Kristan julkaisussa on kuvia h\u00e4nen hiihtouransa vaiheista ihan sielt\u00e4 lapsuudesta asti. H\u00e4n on nyt 34-vuotias ja saanut paljon tsemppej\u00e4 tulevaan viimeiseen kauteen. <\/p>\n<p>\u2013 Oot huikea esimerkki nuorille ja on ollut niin ihanaa el\u00e4\u00e4 kaikissa hetkiss\u00e4 mukana sun uran aikana. Tsemppi\u00e4 talven hiihtoihin, kirjoittaa joku. <\/p>\n<p>Jos et n\u00e4e upotusta, avaa se auki <a href=\"https:\/\/www.instagram.com\/p\/DRjVF6VDDuf\/?utm_source=ig_web_copy_link&amp;igsh=MzRlODBiNWFlZA==\" target=\"_blank\" rel=\"noreferrer noopener nofollow\">t\u00e4st\u00e4<\/a>.<\/p>\n<p>Lue my\u00f6s: <a href=\"https:\/\/www.como.fi\/tilaa-comon-uutiskirje\/\" title=\"Tilaa Comon uutiskirje ja tied\u00e4t mist\u00e4 kahvitauolla puhutaan! Nappaa kotimaan tv-vinkit ja puheenaiheet suoraan s\u00e4hk\u00f6postiin t\u00e4st\u00e4.\" class=\"underline-custom !font-montserrat !font-bold !underline-offset-4 !decoration-4 !decoration-red-600 !text-md\" rel=\"nofollow noopener\" target=\"_blank\">Tilaa Comon uutiskirje ja tied\u00e4t mist\u00e4 kahvitauolla puhutaan! Nappaa kotimaan tv-vinkit ja puheenaiheet suoraan s\u00e4hk\u00f6postiin t\u00e4st\u00e4.<\/a><\/p>\n<p>\t\t\t\t<script async src=\"\/\/www.instagram.com\/embed.js\"><\/script><\/p>\n","protected":false},"excerpt":{"rendered":"Hiiht\u00e4j\u00e4 Krista P\u00e4rm\u00e4koski aikoo lopettaa hiihtouransa juuri alkamassa olevan kauden j\u00e4lkeen. H\u00e4n kertoo siit\u00e4 tuoreessa somejulkaisussaan. Siit\u00e4 selvi\u00e4\u00e4&hellip;\n","protected":false},"author":2,"featured_media":102823,"comment_status":"","ping_status":"","sticky":false,"template":"","format":"standard","meta":{"footnotes":""},"categories":[136],"tags":[407,137,33,31,30,408,11370,32,109],"class_list":{"0":"post-102822","1":"post","2":"type-post","3":"status-publish","4":"format-standard","5":"has-post-thumbnail","7":"category-julkkikset","8":"tag-celebrities","9":"tag-entertainment","10":"tag-fi","11":"tag-finland","12":"tag-finnish","13":"tag-julkkikset","14":"tag-krista-pu00e4rmu00e4koski","15":"tag-suomi","16":"tag-viihde"},"share_on_mastodon":{"url":"https:\/\/pubeurope.com\/@fi\/115630528485962149","error":""},"_links":{"self":[{"href":"https:\/\/www.europesays.com\/fi\/wp-json\/wp\/v2\/posts\/102822","targetHints":{"allow":["GET"]}}],"collection":[{"href":"https:\/\/www.europesays.com\/fi\/wp-json\/wp\/v2\/posts"}],"about":[{"href":"https:\/\/www.europesays.com\/fi\/wp-json\/wp\/v2\/types\/post"}],"author":[{"embeddable":true,"href":"https:\/\/www.europesays.com\/fi\/wp-json\/wp\/v2\/users\/2"}],"replies":[{"embeddable":true,"href":"https:\/\/www.europesays.com\/fi\/wp-json\/wp\/v2\/comments?post=102822"}],"version-history":[{"count":0,"href":"https:\/\/www.europesays.com\/fi\/wp-json\/wp\/v2\/posts\/102822\/revisions"}],"wp:featuredmedia":[{"embeddable":true,"href":"https:\/\/www.europesays.com\/fi\/wp-json\/wp\/v2\/media\/102823"}],"wp:attachment":[{"href":"https:\/\/www.europesays.com\/fi\/wp-json\/wp\/v2\/media?parent=102822"}],"wp:term":[{"taxonomy":"category","embeddable":true,"href":"https:\/\/www.europesays.com\/fi\/wp-json\/wp\/v2\/categories?post=102822"},{"taxonomy":"post_tag","embeddable":true,"href":"https:\/\/www.europesays.com\/fi\/wp-json\/wp\/v2\/tags?post=102822"}],"curies":[{"name":"wp","href":"https:\/\/api.w.org\/{rel}","templated":true}]}}