{"id":102826,"date":"2025-11-29T02:13:12","date_gmt":"2025-11-29T02:13:12","guid":{"rendered":"https:\/\/www.europesays.com\/fi\/102826\/"},"modified":"2025-11-29T02:13:12","modified_gmt":"2025-11-29T02:13:12","slug":"opn-bonukset-voi-pian-nostaa-kateiseksi-suurimmat-potit-jopa-tuhansia-euroja","status":"publish","type":"post","link":"https:\/\/www.europesays.com\/fi\/102826\/","title":{"rendered":"OP:n bonukset voi pian nostaa k\u00e4teiseksi \u2013 suurimmat potit jopa tuhansia euroja"},"content":{"rendered":"<p>Pankit|Suurimmat yksitt\u00e4isen asiakkaan bonussaldot ovat tuhansia euroja. Valtiolle on luvassa OP-Pohjolan bonusuudistuksesta muhkea ylim\u00e4\u00e4r\u00e4inen veropotti joka vuosi.<\/p>\n<p>28.11. 8:04<\/p>\n<p class=\"article-body mb-nof-24 px-nof-16\">Valtiolle on luvassa heti ensi vuoden alussa muhkea ylim\u00e4\u00e4r\u00e4inen veropotti, jonka maksavat OP-Pohjolan omistaja-asiakkaat. Vuoden vaihteessa OP-Pohjolan bonukset menev\u00e4t nimitt\u00e4in verolle.<\/p>\n<p class=\"article-body mb-nof-24 px-nof-16\">Kyse ei ole aivan pienist\u00e4 summista. Bonustileill\u00e4 on k\u00e4ytt\u00e4m\u00e4tt\u00f6mi\u00e4 bonuksia v\u00e4hitt\u00e4ispankkitoiminnan johtajan <a class=\"article-personlink\" href=\"https:\/\/www.hs.fi\/haku\/?query=Harri%20Nummelan\" rel=\"nofollow noopener\" target=\"_blank\">Harri Nummelan<\/a> mukaan vuoden vaihteessa arviolta yli 200 miljoonaa euroa.<\/p>\n","protected":false},"excerpt":{"rendered":"Pankit|Suurimmat yksitt\u00e4isen asiakkaan bonussaldot ovat tuhansia euroja. Valtiolle on luvassa OP-Pohjolan bonusuudistuksesta muhkea ylim\u00e4\u00e4r\u00e4inen veropotti joka vuosi. 28.11.&hellip;\n","protected":false},"author":2,"featured_media":96697,"comment_status":"","ping_status":"","sticky":false,"template":"","format":"standard","meta":{"footnotes":""},"categories":[76],"tags":[79,77,33,31,30,46,32,78],"class_list":{"0":"post-102826","1":"post","2":"type-post","3":"status-publish","4":"format-standard","5":"has-post-thumbnail","7":"category-talous","8":"tag-business","9":"tag-economy","10":"tag-fi","11":"tag-finland","12":"tag-finnish","13":"tag-helsingin-sanomat","14":"tag-suomi","15":"tag-talous"},"share_on_mastodon":{"url":"https:\/\/pubeurope.com\/@fi\/115630571767220394","error":""},"_links":{"self":[{"href":"https:\/\/www.europesays.com\/fi\/wp-json\/wp\/v2\/posts\/102826","targetHints":{"allow":["GET"]}}],"collection":[{"href":"https:\/\/www.europesays.com\/fi\/wp-json\/wp\/v2\/posts"}],"about":[{"href":"https:\/\/www.europesays.com\/fi\/wp-json\/wp\/v2\/types\/post"}],"author":[{"embeddable":true,"href":"https:\/\/www.europesays.com\/fi\/wp-json\/wp\/v2\/users\/2"}],"replies":[{"embeddable":true,"href":"https:\/\/www.europesays.com\/fi\/wp-json\/wp\/v2\/comments?post=102826"}],"version-history":[{"count":0,"href":"https:\/\/www.europesays.com\/fi\/wp-json\/wp\/v2\/posts\/102826\/revisions"}],"wp:featuredmedia":[{"embeddable":true,"href":"https:\/\/www.europesays.com\/fi\/wp-json\/wp\/v2\/media\/96697"}],"wp:attachment":[{"href":"https:\/\/www.europesays.com\/fi\/wp-json\/wp\/v2\/media?parent=102826"}],"wp:term":[{"taxonomy":"category","embeddable":true,"href":"https:\/\/www.europesays.com\/fi\/wp-json\/wp\/v2\/categories?post=102826"},{"taxonomy":"post_tag","embeddable":true,"href":"https:\/\/www.europesays.com\/fi\/wp-json\/wp\/v2\/tags?post=102826"}],"curies":[{"name":"wp","href":"https:\/\/api.w.org\/{rel}","templated":true}]}}