{"id":102828,"date":"2025-11-29T02:15:14","date_gmt":"2025-11-29T02:15:14","guid":{"rendered":"https:\/\/www.europesays.com\/fi\/102828\/"},"modified":"2025-11-29T02:15:14","modified_gmt":"2025-11-29T02:15:14","slug":"lasse-lehtonen-hammensi-jalleen-jatti-kelan-tyontekijat-odottamaan-turhaan","status":"publish","type":"post","link":"https:\/\/www.europesays.com\/fi\/102828\/","title":{"rendered":"Lasse Lehtonen h\u00e4mmensi j\u00e4lleen \u2013 J\u00e4tti Kelan ty\u00f6ntekij\u00e4t odottamaan turhaan"},"content":{"rendered":"<p>Kohuissa ollut Kelan p\u00e4\u00e4johtaja on my\u00f6h\u00e4stellyt useista tilaisuuksista tai j\u00e4tt\u00e4nyt ne kokonaan v\u00e4liin. <\/p>\n<p><img decoding=\"async\" class=\"image image-show image-preview\" src=\"https:\/\/www.europesays.com\/fi\/wp-content\/uploads\/2025\/11\/1764235273_152_cb4b15ff1159dd9bb36da02aa3ce089ad5caefe03857039711e2f2369955b54a.jpg\" alt=\"\"\/><img decoding=\"async\" class=\"image image-show\" src=\"https:\/\/www.europesays.com\/fi\/wp-content\/uploads\/2025\/11\/1764235273_379_cb4b15ff1159dd9bb36da02aa3ce089ad5caefe03857039711e2f2369955b54a.jpg\" alt=\"\"\/><\/p>\n<p>Lasse Lehtonen joutui otsikoihin, kun Kelan sis\u00e4ll\u00e4 levisi tyytym\u00e4tt\u00f6myys h\u00e4nen sanelevaksi koettuun johtamistapaan.  Antti Mannermaa<\/p>\n<p class=\"paragraph\">Iltalehden tietojen mukaan Kelan p\u00e4\u00e4johtaja <strong>Lasse Lehtonen<\/strong> j\u00e4tti torstaina v\u00e4liin uusille ty\u00f6ntekij\u00f6ille suunnatun tutustumisinfon sek\u00e4 esihenkil\u00f6iden ty\u00f6kokouksen.<\/p>\n<p class=\"paragraph\">Lehtosta odoteltiin uusien ty\u00f6ntekij\u00f6iden verkossa j\u00e4rjestettyyn Teams-tilaisuuteen turhaan eik\u00e4 p\u00e4\u00e4johtaja saapunut paikalle. Lehtosen oli tarkoitus pit\u00e4\u00e4 tervetuliaispuhe uusille ty\u00f6ntekij\u00f6ille, jotka odottelivat p\u00e4\u00e4johtajaa paikalle.<\/p>\n<p class=\"paragraph\">Asiaa k\u00e4siteltiin tuoreeltaan perjantaina puoliltap\u00e4ivin nauhoitetussa Politiikan puskaradio -podcastin tuoreimmassa jaksossa.<\/p>\n<p class=\"paragraph\">Lehtonen selitti p\u00e4iv\u00e4ll\u00e4 Iltalehdelle kokousten v\u00e4liin j\u00e4tt\u00e4mist\u00e4 jet lagin ja mediamyll\u00e4k\u00e4n aiheuttamalla stressill\u00e4.<\/p>\n<p class=\"paragraph\">Kelan viestint\u00e4 kertoi perjantaina <a href=\"https:\/\/www.mtvuutiset.fi\/artikkeli\/kelan-tilaisuudessa-odoteltiin-lasse-lehtosta-turhaan\/9262644\" rel=\"noopener nofollow\" target=\"_blank\">MTV:lle<\/a>, ett\u00e4 ty\u00f6ntekij\u00e4tilaisuuden v\u00e4liin j\u00e4tt\u00e4misen syy oli se, ett\u00e4 Lehtosen Teams-linkki ei toiminut.<\/p>\n<p class=\"paragraph\"><a href=\"https:\/\/www.iltalehti.fi\/politiikka\/5fe6f993-5277-4fa8-beba-5ba61fc16d3d\" rel=\"nofollow noopener\" target=\"_blank\">Iltalehti kertoi aiemmin<\/a> Lehtosen katoamisista Tallinnassa, jossa Kelan hallitus ja muutama ty\u00f6ntekij\u00e4 oli t\u00e4m\u00e4n viikon alussa kahden p\u00e4iv\u00e4n seminaarimatkalla. IL:n tietojen mukaan Lehtonen ei kumpanakaan p\u00e4iv\u00e4n\u00e4 ilmestynyt seminaarin alkuosuuksiin, vaan saapui paikalle tunteja my\u00f6h\u00e4ss\u00e4.<\/p>\n<p class=\"paragraph\">Lehtonen selitti aiemmin Iltalehdelle my\u00f6s Tallinnan my\u00f6h\u00e4stymisi\u00e4 aikaerorasituksesta johtuvalla jet lagilla.<\/p>\n<p class=\"paragraph\">\u2013 Tulin jenkeist\u00e4 lauantaina. Olin aikamoisessa jet lagissa, koska on seitsem\u00e4n tunnin aikaero Atlantaan. Ei siin\u00e4 mit\u00e4\u00e4n sen ihmeellisemp\u00e4\u00e4 ollut kuin etten p\u00e4\u00e4ssyt viel\u00e4 vuorokausirytmiin ja aikavy\u00f6hykkeeseen, Lehtonen sanoi torstaina.<\/p>\n<p class=\"paragraph\">Torstaina Kelan valtuutetut kuulivat Lehtosta ylim\u00e4\u00e4r\u00e4isess\u00e4 kokouksessaan, johon oli Kelan valtuuston puheenjohtajan <strong>Mira Niemisen<\/strong> (ps) mukaan ilmeinen tarve. T\u00e4h\u00e4nk\u00e4\u00e4n kokoukseen Lehtonen ei saapunut paikalle ajoissa. Iltalehdelle on kerrottu, ett\u00e4 kyseess\u00e4 olivat tekniset ongelmat.<\/p>\n","protected":false},"excerpt":{"rendered":"Kohuissa ollut Kelan p\u00e4\u00e4johtaja on my\u00f6h\u00e4stellyt useista tilaisuuksista tai j\u00e4tt\u00e4nyt ne kokonaan v\u00e4liin. Lasse Lehtonen joutui otsikoihin, kun&hellip;\n","protected":false},"author":2,"featured_media":101334,"comment_status":"","ping_status":"","sticky":false,"template":"","format":"standard","meta":{"footnotes":""},"categories":[12],"tags":[35,22,23,26,27,33,31,30,17,24,25,28,29,15,18,21,637,32,3592,19,20,860,3512,16,7249],"class_list":{"0":"post-102828","1":"post","2":"type-post","3":"status-publish","4":"format-standard","5":"has-post-thumbnail","7":"category-suomi","8":"tag-24h","9":"tag-breaking-news","10":"tag-breakingnews","11":"tag-featured-news","12":"tag-featurednews","13":"tag-fi","14":"tag-finland","15":"tag-finnish","16":"tag-headlines","17":"tag-latest-news","18":"tag-latestnews","19":"tag-main-news","20":"tag-mainnews","21":"tag-news","22":"tag-otsikot","23":"tag-paauutiset","24":"tag-politiikka","25":"tag-suomi","26":"tag-toimitusjohtaja-paajohtaja","27":"tag-top-stories","28":"tag-topstories","29":"tag-tyoelama","30":"tag-tyontekijat","31":"tag-uutiset","32":"tag-yrityksen-johtaminen"},"share_on_mastodon":{"url":"https:\/\/pubeurope.com\/@fi\/115630579938072517","error":""},"_links":{"self":[{"href":"https:\/\/www.europesays.com\/fi\/wp-json\/wp\/v2\/posts\/102828","targetHints":{"allow":["GET"]}}],"collection":[{"href":"https:\/\/www.europesays.com\/fi\/wp-json\/wp\/v2\/posts"}],"about":[{"href":"https:\/\/www.europesays.com\/fi\/wp-json\/wp\/v2\/types\/post"}],"author":[{"embeddable":true,"href":"https:\/\/www.europesays.com\/fi\/wp-json\/wp\/v2\/users\/2"}],"replies":[{"embeddable":true,"href":"https:\/\/www.europesays.com\/fi\/wp-json\/wp\/v2\/comments?post=102828"}],"version-history":[{"count":0,"href":"https:\/\/www.europesays.com\/fi\/wp-json\/wp\/v2\/posts\/102828\/revisions"}],"wp:featuredmedia":[{"embeddable":true,"href":"https:\/\/www.europesays.com\/fi\/wp-json\/wp\/v2\/media\/101334"}],"wp:attachment":[{"href":"https:\/\/www.europesays.com\/fi\/wp-json\/wp\/v2\/media?parent=102828"}],"wp:term":[{"taxonomy":"category","embeddable":true,"href":"https:\/\/www.europesays.com\/fi\/wp-json\/wp\/v2\/categories?post=102828"},{"taxonomy":"post_tag","embeddable":true,"href":"https:\/\/www.europesays.com\/fi\/wp-json\/wp\/v2\/tags?post=102828"}],"curies":[{"name":"wp","href":"https:\/\/api.w.org\/{rel}","templated":true}]}}