{"id":102833,"date":"2025-11-29T02:35:13","date_gmt":"2025-11-29T02:35:13","guid":{"rendered":"https:\/\/www.europesays.com\/fi\/102833\/"},"modified":"2025-11-29T02:35:13","modified_gmt":"2025-11-29T02:35:13","slug":"hiihtomaailma-valttyi-pahimmalta-rukalla-herola-survoi-morkonsa-hankeen","status":"publish","type":"post","link":"https:\/\/www.europesays.com\/fi\/102833\/","title":{"rendered":"Hiihtomaailma v\u00e4lttyi pahimmalta Rukalla \u2013 Herola survoi m\u00f6rk\u00f6ns\u00e4 hankeen"},"content":{"rendered":"<p>Ruotsi ja Norja dominoivat hiihdossa, mutta kolmoisvoitoilta onneksi v\u00e4ltyttiin. Ilkka Herolan m\u00e4kikunto lupailee olympiamitalia, kirjoittaa urheilutoimittaja Pekka Aalto Rukalta.<\/p>\n<p>28.11. 17:15<\/p>\n<p class=\"article-body mb-nof-24 px-nof-16\">Aamulehti, Kuusamo<\/p>\n<p class=\"article-body mb-nof-24 px-nof-16\">Viel\u00e4kin pahempaa odotettiin. Hiihtomaailma saattoi huokaista helpotuksesta Rukalla perjantaina, kun maailmancupin kausi polkaistiin k\u00e4yntiin kympin kisoissa. Suurin pelko oli, ett\u00e4 ruotsalaishiiht\u00e4j\u00e4t viev\u00e4t kaiken naisissa ja norjalaiset miehiss\u00e4, mutta pahin skenaario eli kolmoisvoitot eiv\u00e4t toteutuneet.<\/p>\n<p class=\"article-body mb-nof-24 px-nof-16\">Siit\u00e4 pit\u00e4\u00e4 kiitt\u00e4\u00e4 naisissa Norjan <a class=\"article-personlink\" href=\"https:\/\/www.aamulehti.fi\/haku\/?query=Heidi%20Wengi%C3%A4\" rel=\"nofollow noopener\" target=\"_blank\">Heidi Wengi\u00e4<\/a> ja miehiss\u00e4 It\u00e4vallan <a class=\"article-personlink\" href=\"https:\/\/www.aamulehti.fi\/haku\/?query=Mika%20Vermeulenia\" rel=\"nofollow noopener\" target=\"_blank\">Mika Vermeulenia<\/a>. T\u00e4m\u00e4 kaksikko antoi happea koko lajille perinteisen koitoksissa.<\/p>\n<p class=\"article-body mb-nof-24 px-nof-16\"><a class=\"article-personlink\" href=\"https:\/\/www.aamulehti.fi\/haku\/?query=Mika%20Myllyl%C3%A4n\" rel=\"nofollow noopener\" target=\"_blank\">Mika Myllyl\u00e4n<\/a> mukaan nimetyn Vermeulenin raisu veto piristi p\u00e4iv\u00e4\u00e4, mutta koko lajin arvo olympiakisoille voisi olla korkeampikin. Kun ven\u00e4l\u00e4iset ovat poissa ja Keski-Eurooppa kaipaa t\u00e4hti\u00e4, hiihdon vetovoima k\u00e4rsii huomattavasti. Mik\u00e4\u00e4n ei viittaa siihen, ett\u00e4 vetovoima olisi t\u00e4ll\u00e4 kaudella kasvamaan p\u00e4in.<\/p>\n<p class=\"article-body mb-nof-24 px-nof-16\">Olympiakisojen kannalta harmillisin juttu on se, ettei is\u00e4nt\u00e4maa Italialla ole edelleenk\u00e4\u00e4n heitt\u00e4\u00e4 normaalimatkoille yht\u00e4\u00e4n huipputason urheilijaa. Val di Fiemmess\u00e4 kisafiilis on <a class=\"article-personlink\" href=\"https:\/\/www.aamulehti.fi\/haku\/?query=Federico%20Pellegrinon\" rel=\"nofollow noopener\" target=\"_blank\">Federico Pellegrinon<\/a> kirikyvyn varassa.<\/p>\n<p class=\"article-body mb-nof-24 px-nof-16\">Parasta mit\u00e4 lauantaina voisi tapahtua, olisi keskieurooppalaisten sprintterien menestys. Se lienee kiven alla, koska Rukan sprintti mitell\u00e4\u00e4n olympiakisojen tapaan perinteisell\u00e4.<\/p>\n<p><img decoding=\"async\" src=\"https:\/\/www.europesays.com\/fi\/wp-content\/uploads\/2025\/11\/1764383712_923_468.jpg\" alt=\"It\u00e4vallan Mika Vermeulen kiilasi norjalaisten v\u00e4liin kolmanneksi.\" class=\"_Img_1rerz_1\" style=\"aspect-ratio:1.5011727912431587\" loading=\"eager\"\/><\/p>\n<p class=\"article-picture-caption\">It\u00e4vallan Mika Vermeulen kiilasi norjalaisten v\u00e4liin kolmanneksi. Kuva:\u00a0Vesa Moilanen<\/p>\n<p>Kolme nelj\u00e4st\u00e4 tykist\u00e4 onnistui<\/p>\n<p class=\"article-body mb-nof-24 px-nof-16\">Suomalaisten kannalta Rukan perjantai rauhoitti aika lailla. Maajoukkueen ykk\u00f6stykeist\u00e4 <a class=\"article-personlink\" href=\"https:\/\/www.aamulehti.fi\/haku\/?query=Krista%20P%C3%A4rm%C3%A4koski\" rel=\"nofollow noopener\" target=\"_blank\">Krista P\u00e4rm\u00e4koski<\/a>, <a class=\"article-personlink\" href=\"https:\/\/www.aamulehti.fi\/haku\/?query=Jasmi%20Joensuu\" rel=\"nofollow noopener\" target=\"_blank\">Jasmi Joensuu<\/a> ja <a class=\"article-personlink\" href=\"https:\/\/www.aamulehti.fi\/haku\/?query=Iivo%20Niskanen\" rel=\"nofollow noopener\" target=\"_blank\">Iivo Niskanen<\/a> n\u00e4yttiv\u00e4t, ett\u00e4 suorituskyky riitt\u00e4\u00e4 taistelemaan maailmancupin k\u00e4rkisijoista. My\u00f6s huoltoryhm\u00e4 onnistui, mik\u00e4 laskee verenpainetta.<\/p>\n<p class=\"article-body mb-nof-24 px-nof-16\">Viime vuoteen n\u00e4hden P\u00e4rm\u00e4koski jopa puolitti eron voittaja <a class=\"article-personlink\" href=\"https:\/\/www.aamulehti.fi\/haku\/?query=Frida%20Karlssoniin\" rel=\"nofollow noopener\" target=\"_blank\">Frida Karlssoniin<\/a>, vaikkei saanut peesiapua. Kun tiedet\u00e4\u00e4n, ett\u00e4 Val di Fiemmen olympialadut sopivat P\u00e4rm\u00e4koskelle, n\u00e4kym\u00e4t kauteen ovat valoisat.<\/p>\n<p class=\"article-body mb-nof-24 px-nof-16\">Joensuun mallikas kymppisija normaalimatkalla taas nostaa Suomen osakkeita olympiaviestiss\u00e4.<\/p>\n<p class=\"article-body mb-nof-24 px-nof-16\">Latu mitaleille on apposen auki, kun Saksa k\u00e4rvistelee <a class=\"article-personlink\" href=\"https:\/\/www.aamulehti.fi\/haku\/?query=Victoria%20Carlin\" rel=\"nofollow noopener\" target=\"_blank\">Victoria Carlin<\/a> dopingk\u00e4ryss\u00e4. H\u00e4n antoi kev\u00e4\u00e4ll\u00e4 klenbuterolia sis\u00e4lt\u00e4neen n\u00e4ytteen sotilasurheilun MM-kisoissa ja on kilpailukiellossa. Saksan hiihtoliitto tiedotti \u00e4skett\u00e4in, ettei Carl voi kisata olympialaisissa.<\/p>\n<p class=\"article-body mb-nof-24 px-nof-16\">Suomen kilpakumppaneista my\u00f6sk\u00e4\u00e4n USA ei vaikuta kovin vahvalta.<\/p>\n<p class=\"article-body mb-nof-24 px-nof-16\">Iivo Niskanen janoaa Rukan perinteisen kisasta aina voittoa, mutta viitospaikka vain 12 sekuntia k\u00e4rjest\u00e4 todistaa iskukyvyn. Voiton vei Norjan <a class=\"article-personlink\" href=\"https:\/\/www.aamulehti.fi\/haku\/?query=Martin%20L%C3%B6wstr%C3%B6m%20Nyenget\" rel=\"nofollow noopener\" target=\"_blank\">Martin L\u00f6wstr\u00f6m Nyenget<\/a>, joka peittosi itsens\u00e4 <a class=\"article-personlink\" href=\"https:\/\/www.aamulehti.fi\/haku\/?query=Johannes%20H%C3%B6sflot%20Kl%C3%A4bon\" rel=\"nofollow noopener\" target=\"_blank\">Johannes H\u00f6sflot Kl\u00e4bon<\/a>.<\/p>\n<p class=\"article-body mb-nof-24 px-nof-16\">Kun Niskanen juhli Etel\u00e4-Koreassa olympiakultaa, kausi k\u00e4ynnistyi Rukalla kolmospaikalla. Toisin sanoen Rukalla ei tarvitse kyykytt\u00e4\u00e4 muita, jotta voi saada kaulaansa olympiakultaa.<\/p>\n<p><img decoding=\"async\" src=\"https:\/\/www.europesays.com\/fi\/wp-content\/uploads\/2025\/11\/1764383713_577_468.jpg\" alt=\"Iivo Niskanen oli voittotaistelussa, mutta k\u00e4teen j\u00e4i nyt viides sija.\" class=\"_Img_1rerz_1\" style=\"aspect-ratio:1.5011727912431587\" loading=\"eager\"\/><\/p>\n<p class=\"article-picture-caption\">Iivo Niskanen oli voittotaistelussa, mutta k\u00e4teen j\u00e4i nyt viides sija. Kuva:\u00a0Roni Rekomaa<\/p>\n<p class=\"article-body mb-nof-24 px-nof-16\">Maajoukkueen isoin huolenaihe on <a class=\"article-personlink\" href=\"https:\/\/www.aamulehti.fi\/haku\/?query=Kerttu%20Niskasen\" rel=\"nofollow noopener\" target=\"_blank\">Kerttu Niskasen<\/a> vire. H\u00e4n j\u00e4i perjantaina sijalle 19 yli minuutin p\u00e4\u00e4h\u00e4n Karlssonista. Nainen my\u00f6nsi, ett\u00e4 tulos oli huono, mutta h\u00e4n ei ole kovinkaan usein loistanut viel\u00e4 Kuusamossa.<\/p>\n<p class=\"article-body mb-nof-24 px-nof-16\">Niskanen rauhoitteli itse\u00e4\u00e4n ja muita sill\u00e4, ett\u00e4 kympill\u00e4 huono tunne ja huono tulos olivat linjassa. Hyv\u00e4 tunne ja huono tulos olisi ollut huolestuttavampi yhdistelm\u00e4.<\/p>\n<p>11 vuoden odotus p\u00e4\u00e4ttyi<\/p>\n<p class=\"article-body mb-nof-24 px-nof-16\">Perjantain paras suomalainen oli kuitenkin yhdistetyn <a class=\"article-personlink\" href=\"https:\/\/www.aamulehti.fi\/haku\/?query=Ilkka%20Herola\" rel=\"nofollow noopener\" target=\"_blank\">Ilkka Herola<\/a>, joka hypp\u00e4si viidenneksi ja nosti hiihtobaanalla itsens\u00e4 korokkeelle. Kolmossija antaa kummasti uskoa olympiakauteen. Mies on mets\u00e4st\u00e4nyt palkintopallipaikkaa Rukalla vuodesta 2014 ja nyt napsahti.<\/p>\n<p class=\"article-body mb-nof-24 px-nof-16\">Herola nappasi maaliskuussa Oslossa uransa ensimm\u00e4isen mc-voiton, ja perjantaina h\u00e4n survoi Ruka-m\u00f6rk\u00f6ns\u00e4 syv\u00e4lle hankeen. Seuraava puuttuva palanen olisi henkil\u00f6kohtainen olympiamitali.<\/p>\n<p class=\"article-body mb-nof-24 px-nof-16\">Jos m\u00e4kikunto pysyy yll\u00e4, mitali on otettavissa. Etenkin, kun lajin valtias <a class=\"article-personlink\" href=\"https:\/\/www.aamulehti.fi\/haku\/?query=Jarl%20Magnus%20Riiber\" rel=\"nofollow noopener\" target=\"_blank\">Jarl Magnus Riiber<\/a> lopetti yll\u00e4tt\u00e4en uransa ennen olympiakautta. T\u00e4m\u00e4 tarkoittaa k\u00e4yt\u00e4nn\u00f6ss\u00e4 sit\u00e4, ett\u00e4 mitaleita vapautuu muille.<\/p>\n","protected":false},"excerpt":{"rendered":"Ruotsi ja Norja dominoivat hiihdossa, mutta kolmoisvoitoilta onneksi v\u00e4ltyttiin. Ilkka Herolan m\u00e4kikunto lupailee olympiamitalia, kirjoittaa urheilutoimittaja Pekka Aalto&hellip;\n","protected":false},"author":2,"featured_media":102834,"comment_status":"","ping_status":"","sticky":false,"template":"","format":"standard","meta":{"footnotes":""},"categories":[158],"tags":[157,33,31,30,159,32,160],"class_list":{"0":"post-102833","1":"post","2":"type-post","3":"status-publish","4":"format-standard","5":"has-post-thumbnail","7":"category-urheilu","8":"tag-aamulehti","9":"tag-fi","10":"tag-finland","11":"tag-finnish","12":"tag-sports","13":"tag-suomi","14":"tag-urheilu"},"share_on_mastodon":{"url":"https:\/\/pubeurope.com\/@fi\/115630658683440682","error":""},"_links":{"self":[{"href":"https:\/\/www.europesays.com\/fi\/wp-json\/wp\/v2\/posts\/102833","targetHints":{"allow":["GET"]}}],"collection":[{"href":"https:\/\/www.europesays.com\/fi\/wp-json\/wp\/v2\/posts"}],"about":[{"href":"https:\/\/www.europesays.com\/fi\/wp-json\/wp\/v2\/types\/post"}],"author":[{"embeddable":true,"href":"https:\/\/www.europesays.com\/fi\/wp-json\/wp\/v2\/users\/2"}],"replies":[{"embeddable":true,"href":"https:\/\/www.europesays.com\/fi\/wp-json\/wp\/v2\/comments?post=102833"}],"version-history":[{"count":0,"href":"https:\/\/www.europesays.com\/fi\/wp-json\/wp\/v2\/posts\/102833\/revisions"}],"wp:featuredmedia":[{"embeddable":true,"href":"https:\/\/www.europesays.com\/fi\/wp-json\/wp\/v2\/media\/102834"}],"wp:attachment":[{"href":"https:\/\/www.europesays.com\/fi\/wp-json\/wp\/v2\/media?parent=102833"}],"wp:term":[{"taxonomy":"category","embeddable":true,"href":"https:\/\/www.europesays.com\/fi\/wp-json\/wp\/v2\/categories?post=102833"},{"taxonomy":"post_tag","embeddable":true,"href":"https:\/\/www.europesays.com\/fi\/wp-json\/wp\/v2\/tags?post=102833"}],"curies":[{"name":"wp","href":"https:\/\/api.w.org\/{rel}","templated":true}]}}