{"id":102835,"date":"2025-11-29T02:40:22","date_gmt":"2025-11-29T02:40:22","guid":{"rendered":"https:\/\/www.europesays.com\/fi\/102835\/"},"modified":"2025-11-29T02:40:22","modified_gmt":"2025-11-29T02:40:22","slug":"indonesian-tulvien-uhriluku-noussut-yli-80een","status":"publish","type":"post","link":"https:\/\/www.europesays.com\/fi\/102835\/","title":{"rendered":"Indonesian tulvien uhriluku noussut yli 80:een"},"content":{"rendered":"<p><strong class=\"typography-bold\">Thaimaassa kodeistaan on evakuoitu yli tuhat ihmist\u00e4.<\/strong><\/p>\n<p>Kaakkois-Aasiassa Indonesian ja Thaimaan tulvissa on viranomaisten mukaan kuollut yhteens\u00e4 yli 300 ihmist\u00e4.<\/p>\n<p>Indonesian tulvissa on kuollut yli 170 ihmist\u00e4. Paikallisviranomaisten mukaan kymmeni\u00e4 ihmisi\u00e4 on viel\u00e4 kateissa.<\/p>\n<p>Sumatran saarella olleet rankkasateet ovat aiheuttaneet tulvia ja maanvy\u00f6ryj\u00e4. Pahiten ovat k\u00e4rsineet Sumatran pohjoisosat, joissa sateista ja niiden seurauksista on aiheutunut eniten kuolonuhreja.<\/p>\n<p>Viranomaisten mukaan pelastusty\u00f6t ovat vaikeita, sill\u00e4 kulkuyhteyksi\u00e4 on poikki eik\u00e4 kaikkia alueita ole viel\u00e4 pystytty tavoittamaan.<\/p>\n<p>Indonesian naapurimaat Malesia ja Thaimaa ovat niin ik\u00e4\u00e4n k\u00e4rsineet voimakkaista sateista viime p\u00e4ivin\u00e4.<\/p>\n<p>Thaimaata riivanneiden tulvien kuolonuhrien m\u00e4\u00e4r\u00e4 on noussut yli 140 ihmiseen. Viime viikosta jatkuneet rankkasateet ovat moukaroineet erityisesti Thaimaan etel\u00e4osia.<\/p>\n<p>Etel\u00e4iseen Songkhlan maakuntaan on julistettu tulvien vuoksi h\u00e4t\u00e4tila. Kodeistaan on evakuoitu ainakin 1 200 ihmist\u00e4. Turistien suosimassa Hat Yain kaupungissa ihmisi\u00e4 on evakuoitu turvaan tulvavesien keskelt\u00e4 veneill\u00e4, vesiskoottereilla ja armeijan kuorma-autoilla.<\/p>\n<p>Kaatosateet ovat maissa yleisi\u00e4 sadekausien aikana, mutta ilmastonmuutos on tehnyt s\u00e4\u00e4oloista entist\u00e4 arvaamattomampia. Ilmastonmuutos aiheuttaa muun muassa pitk\u00e4kestoisempia ja rajumpia sateita, tuulia sek\u00e4 sy\u00f6ksytulvia.<\/p>\n<p>P\u00e4ivitetty juttua kauttaaltaan kello 14.42.<\/p>\n","protected":false},"excerpt":{"rendered":"Thaimaassa kodeistaan on evakuoitu yli tuhat ihmist\u00e4. Kaakkois-Aasiassa Indonesian ja Thaimaan tulvissa on viranomaisten mukaan kuollut yhteens\u00e4 yli&hellip;\n","protected":false},"author":2,"featured_media":102836,"comment_status":"","ping_status":"","sticky":false,"template":"","format":"standard","meta":{"footnotes":""},"categories":[14],"tags":[22,23,26,27,33,31,30,17,24,25,28,29,15,18,21,32,19,20,56,16,59,60,61],"class_list":{"0":"post-102835","1":"post","2":"type-post","3":"status-publish","4":"format-standard","5":"has-post-thumbnail","7":"category-ulkomaat","8":"tag-breaking-news","9":"tag-breakingnews","10":"tag-featured-news","11":"tag-featurednews","12":"tag-fi","13":"tag-finland","14":"tag-finnish","15":"tag-headlines","16":"tag-latest-news","17":"tag-latestnews","18":"tag-main-news","19":"tag-mainnews","20":"tag-news","21":"tag-otsikot","22":"tag-paauutiset","23":"tag-suomi","24":"tag-top-stories","25":"tag-topstories","26":"tag-ulkomaat","27":"tag-uutiset","28":"tag-world","29":"tag-world-news","30":"tag-worldnews"},"share_on_mastodon":{"url":"https:\/\/pubeurope.com\/@fi\/115630677942244517","error":""},"_links":{"self":[{"href":"https:\/\/www.europesays.com\/fi\/wp-json\/wp\/v2\/posts\/102835","targetHints":{"allow":["GET"]}}],"collection":[{"href":"https:\/\/www.europesays.com\/fi\/wp-json\/wp\/v2\/posts"}],"about":[{"href":"https:\/\/www.europesays.com\/fi\/wp-json\/wp\/v2\/types\/post"}],"author":[{"embeddable":true,"href":"https:\/\/www.europesays.com\/fi\/wp-json\/wp\/v2\/users\/2"}],"replies":[{"embeddable":true,"href":"https:\/\/www.europesays.com\/fi\/wp-json\/wp\/v2\/comments?post=102835"}],"version-history":[{"count":0,"href":"https:\/\/www.europesays.com\/fi\/wp-json\/wp\/v2\/posts\/102835\/revisions"}],"wp:featuredmedia":[{"embeddable":true,"href":"https:\/\/www.europesays.com\/fi\/wp-json\/wp\/v2\/media\/102836"}],"wp:attachment":[{"href":"https:\/\/www.europesays.com\/fi\/wp-json\/wp\/v2\/media?parent=102835"}],"wp:term":[{"taxonomy":"category","embeddable":true,"href":"https:\/\/www.europesays.com\/fi\/wp-json\/wp\/v2\/categories?post=102835"},{"taxonomy":"post_tag","embeddable":true,"href":"https:\/\/www.europesays.com\/fi\/wp-json\/wp\/v2\/tags?post=102835"}],"curies":[{"name":"wp","href":"https:\/\/api.w.org\/{rel}","templated":true}]}}