{"id":102852,"date":"2025-11-29T03:32:07","date_gmt":"2025-11-29T03:32:07","guid":{"rendered":"https:\/\/www.europesays.com\/fi\/102852\/"},"modified":"2025-11-29T03:32:07","modified_gmt":"2025-11-29T03:32:07","slug":"adolf-hitler-sai-tarpeekseen-suomenmaa-fi","status":"publish","type":"post","link":"https:\/\/www.europesays.com\/fi\/102852\/","title":{"rendered":"Adolf Hitler sai tarpeekseen &#8211; Suomenmaa.fi"},"content":{"rendered":"<p>\n\tSanteri Lampi\t28.11.2025 23:12, muokattu<br \/>\n\t28.11.2025 14:58\n<\/p>\n<p>\t\t\t\t\t\t\t\t\tUlkomaat<\/p>\n<p>Namibialainen <strong>Adolf Hitler<\/strong> on viimein saanut tarpeekseen nimeens\u00e4 kohdistuneesta naljailusta. The Times -lehden mukaan viidennen kerran putkeen valituksi tullut, pitk\u00e4n linjan poliitikko on p\u00e4\u00e4tt\u00e4nyt pit\u00e4\u00e4 etunimens\u00e4, mutta luopua sukunimest\u00e4\u00e4n. <\/p>\n<p>\u2013\u00a0Olen Adolf Uunona, h\u00e4n julistaa. Uunona alleviivasi, ettei en\u00e4\u00e4 halua, ett\u00e4 h\u00e4nt\u00e4 yhdistet\u00e4\u00e4n sellaiseen henkil\u00f6\u00f6n, \u201djota h\u00e4n ei edes tunne\u201d.<\/p>\n<p>Poliitikko kertoo, h\u00e4nen is\u00e4ns\u00e4\u00a0p\u00e4\u00e4tt\u00e4neen nimest\u00e4, eik\u00e4 t\u00e4m\u00e4 ilmeisesti ymm\u00e4rt\u00e4nyt, mit\u00e4 se edustaa.<\/p>\n<p>\u2013\u00a0Lapsena ajattelin, ett\u00e4 nimeni on aivan normaali.<\/p>\n<p>Uunona kuuluu hallitsevaan SWAPO-puolueeseen, ja h\u00e4net tunnetaan kotimaassaan rotusorron vastaisesta ty\u00f6st\u00e4\u00e4n. <\/p>\n<p>Saksalaiset nimet ovat edelleen yleisi\u00e4 Namibiassa, sill\u00e4 vuosina 1884\u20131915 maa oli osa Saksan Lounais-Afrikkaa.<\/p>\n<p>The Times -lehden mukaan monissa Afrikan maissa on yleist\u00e4, ett\u00e4 vauvoille annetaan nimi\u00e4, jotka heijastelevat perheen poliittisia mielipiteit\u00e4, kansakunnan tilaa ja historiallisia henkil\u00f6it\u00e4 <\/p>\n","protected":false},"excerpt":{"rendered":"Santeri Lampi 28.11.2025 23:12, muokattu 28.11.2025 14:58 Ulkomaat Namibialainen Adolf Hitler on viimein saanut tarpeekseen nimeens\u00e4 kohdistuneesta naljailusta.&hellip;\n","protected":false},"author":2,"featured_media":102853,"comment_status":"","ping_status":"","sticky":false,"template":"","format":"standard","meta":{"footnotes":""},"categories":[14],"tags":[22,23,26,27,33,31,30,17,24,25,28,29,15,18,21,32,19,20,56,16,59,60,61],"class_list":{"0":"post-102852","1":"post","2":"type-post","3":"status-publish","4":"format-standard","5":"has-post-thumbnail","7":"category-ulkomaat","8":"tag-breaking-news","9":"tag-breakingnews","10":"tag-featured-news","11":"tag-featurednews","12":"tag-fi","13":"tag-finland","14":"tag-finnish","15":"tag-headlines","16":"tag-latest-news","17":"tag-latestnews","18":"tag-main-news","19":"tag-mainnews","20":"tag-news","21":"tag-otsikot","22":"tag-paauutiset","23":"tag-suomi","24":"tag-top-stories","25":"tag-topstories","26":"tag-ulkomaat","27":"tag-uutiset","28":"tag-world","29":"tag-world-news","30":"tag-worldnews"},"share_on_mastodon":{"url":"https:\/\/pubeurope.com\/@fi\/115630882401629616","error":""},"_links":{"self":[{"href":"https:\/\/www.europesays.com\/fi\/wp-json\/wp\/v2\/posts\/102852","targetHints":{"allow":["GET"]}}],"collection":[{"href":"https:\/\/www.europesays.com\/fi\/wp-json\/wp\/v2\/posts"}],"about":[{"href":"https:\/\/www.europesays.com\/fi\/wp-json\/wp\/v2\/types\/post"}],"author":[{"embeddable":true,"href":"https:\/\/www.europesays.com\/fi\/wp-json\/wp\/v2\/users\/2"}],"replies":[{"embeddable":true,"href":"https:\/\/www.europesays.com\/fi\/wp-json\/wp\/v2\/comments?post=102852"}],"version-history":[{"count":0,"href":"https:\/\/www.europesays.com\/fi\/wp-json\/wp\/v2\/posts\/102852\/revisions"}],"wp:featuredmedia":[{"embeddable":true,"href":"https:\/\/www.europesays.com\/fi\/wp-json\/wp\/v2\/media\/102853"}],"wp:attachment":[{"href":"https:\/\/www.europesays.com\/fi\/wp-json\/wp\/v2\/media?parent=102852"}],"wp:term":[{"taxonomy":"category","embeddable":true,"href":"https:\/\/www.europesays.com\/fi\/wp-json\/wp\/v2\/categories?post=102852"},{"taxonomy":"post_tag","embeddable":true,"href":"https:\/\/www.europesays.com\/fi\/wp-json\/wp\/v2\/tags?post=102852"}],"curies":[{"name":"wp","href":"https:\/\/api.w.org\/{rel}","templated":true}]}}