{"id":102854,"date":"2025-11-29T03:33:14","date_gmt":"2025-11-29T03:33:14","guid":{"rendered":"https:\/\/www.europesays.com\/fi\/102854\/"},"modified":"2025-11-29T03:33:14","modified_gmt":"2025-11-29T03:33:14","slug":"koiriin-osunut-autoilija-pakeni-lohjalla","status":"publish","type":"post","link":"https:\/\/www.europesays.com\/fi\/102854\/","title":{"rendered":"Koiriin osunut autoilija pakeni Lohjalla"},"content":{"rendered":"<p><strong class=\"typography-bold\">L\u00e4nsi-Uudenmaan poliisi ep\u00e4ilee liikenneturvallisuuden vaarantamista tapauksessa, jossa autoilija t\u00f6rm\u00e4si kahteen koiraan suojatiell\u00e4 Lohjalla perjantaiaamuna.<\/strong><\/p>\n<p>Onnettomuus sattui Maksjoentiell\u00e4, Ravitien risteyksen l\u00e4heisyydess\u00e4 hieman ennen puoli kahdeksaa aamulla. Poliisin t\u00e4m\u00e4nhetkisten tietojen mukaan mies oli ylitt\u00e4m\u00e4ss\u00e4 suojatiet\u00e4 kolmen koiran kanssa.\u00a0<\/p>\n<p>Suojatiet\u00e4 l\u00e4hestynyt autoilija oli hidastanut vauhtiaan, mutta ajoneuvo osui silti miehen per\u00e4ss\u00e4 kulkeneisiin kahteen koiraan.<\/p>\n<p>Autoilija, joka poliisin mukaan ajoi mahdollisesti vaaleaa Ford Mondeota, poistui paikalta pys\u00e4htym\u00e4tt\u00e4.<\/p>\n<p>Poliisi pyyt\u00e4\u00e4 tilanteen n\u00e4hneit\u00e4 tai asiasta tiet\u00e4vi\u00e4 ottamaan yhteytt\u00e4 vihjepuhelimeen (ymp\u00e4rivuorokautinen puhelinvastaaja) 0295 438 488 tai s\u00e4hk\u00f6postitse osoitteeseen vihjeet.lansi-uusimaa@poliisi.fi.<\/p>\n<p><img decoding=\"async\" fetchpriority=\"low\" loading=\"lazy\" alt=\"Olitko paikalla UUSI VERSIO\" class=\"block h-auto w-full\" src=\"https:\/\/www.europesays.com\/fi\/wp-content\/uploads\/2025\/09\/olitko-paikalla-uusi-versio.png\"\/><\/p>\n","protected":false},"excerpt":{"rendered":"L\u00e4nsi-Uudenmaan poliisi ep\u00e4ilee liikenneturvallisuuden vaarantamista tapauksessa, jossa autoilija t\u00f6rm\u00e4si kahteen koiraan suojatiell\u00e4 Lohjalla perjantaiaamuna. Onnettomuus sattui Maksjoentiell\u00e4, Ravitien&hellip;\n","protected":false},"author":2,"featured_media":7003,"comment_status":"","ping_status":"","sticky":false,"template":"","format":"standard","meta":{"footnotes":""},"categories":[12],"tags":[22,23,26,27,33,31,30,17,24,25,28,29,15,18,21,32,19,20,16],"class_list":{"0":"post-102854","1":"post","2":"type-post","3":"status-publish","4":"format-standard","5":"has-post-thumbnail","7":"category-suomi","8":"tag-breaking-news","9":"tag-breakingnews","10":"tag-featured-news","11":"tag-featurednews","12":"tag-fi","13":"tag-finland","14":"tag-finnish","15":"tag-headlines","16":"tag-latest-news","17":"tag-latestnews","18":"tag-main-news","19":"tag-mainnews","20":"tag-news","21":"tag-otsikot","22":"tag-paauutiset","23":"tag-suomi","24":"tag-top-stories","25":"tag-topstories","26":"tag-uutiset"},"share_on_mastodon":{"url":"https:\/\/pubeurope.com\/@fi\/115630886529541730","error":""},"_links":{"self":[{"href":"https:\/\/www.europesays.com\/fi\/wp-json\/wp\/v2\/posts\/102854","targetHints":{"allow":["GET"]}}],"collection":[{"href":"https:\/\/www.europesays.com\/fi\/wp-json\/wp\/v2\/posts"}],"about":[{"href":"https:\/\/www.europesays.com\/fi\/wp-json\/wp\/v2\/types\/post"}],"author":[{"embeddable":true,"href":"https:\/\/www.europesays.com\/fi\/wp-json\/wp\/v2\/users\/2"}],"replies":[{"embeddable":true,"href":"https:\/\/www.europesays.com\/fi\/wp-json\/wp\/v2\/comments?post=102854"}],"version-history":[{"count":0,"href":"https:\/\/www.europesays.com\/fi\/wp-json\/wp\/v2\/posts\/102854\/revisions"}],"wp:featuredmedia":[{"embeddable":true,"href":"https:\/\/www.europesays.com\/fi\/wp-json\/wp\/v2\/media\/7003"}],"wp:attachment":[{"href":"https:\/\/www.europesays.com\/fi\/wp-json\/wp\/v2\/media?parent=102854"}],"wp:term":[{"taxonomy":"category","embeddable":true,"href":"https:\/\/www.europesays.com\/fi\/wp-json\/wp\/v2\/categories?post=102854"},{"taxonomy":"post_tag","embeddable":true,"href":"https:\/\/www.europesays.com\/fi\/wp-json\/wp\/v2\/tags?post=102854"}],"curies":[{"name":"wp","href":"https:\/\/api.w.org\/{rel}","templated":true}]}}