{"id":102857,"date":"2025-11-29T03:58:11","date_gmt":"2025-11-29T03:58:11","guid":{"rendered":"https:\/\/www.europesays.com\/fi\/102857\/"},"modified":"2025-11-29T03:58:11","modified_gmt":"2025-11-29T03:58:11","slug":"sttn-nakema-kirje-belgian-paaministeri-vastustaa-yha-ukrainalle-annettavien-venalaismiljardien-vapauttamista","status":"publish","type":"post","link":"https:\/\/www.europesays.com\/fi\/102857\/","title":{"rendered":"STT:n n\u00e4kem\u00e4 kirje: Belgian p\u00e4\u00e4ministeri vastustaa yh\u00e4 Ukrainalle annettavien ven\u00e4l\u00e4ismiljardien vapauttamista"},"content":{"rendered":"<p>Ukrainan rahoitus|Vanhojen huoliensa lis\u00e4ksi de Wever sanoo, ett\u00e4 varojen vapautus heikent\u00e4isi Ukrainan rauhanprosessia. Sotakorvauslainasta pit\u00e4isi saada sopu aikaan jo muutaman viikon aikana.<\/p>\n<p>28.11. 12:04<\/p>\n<p class=\"article-body mb-nof-24 px-nof-16\">Belgia vastustaa yh\u00e4 EU:n Ukrainalle suunnittelemaa sotakorvauslainaa, joka perustuisi j\u00e4\u00e4dytettyihin ven\u00e4l\u00e4isvaroihin. Asia selvi\u00e4\u00e4 STT:n n\u00e4kem\u00e4st\u00e4 Belgian p\u00e4\u00e4ministeri <a class=\"article-personlink\" href=\"https:\/\/www.hs.fi\/haku\/?query=Bart%20de%20Weverin\" rel=\"nofollow noopener\" target=\"_blank\">Bart de Weverin<\/a> EU-komission puheenjohtaja <a class=\"article-personlink\" href=\"https:\/\/www.hs.fi\/haku\/?query=Ursula%20von%20der%20Leyenille\" rel=\"nofollow noopener\" target=\"_blank\">Ursula von der Leyenille<\/a> torstaille p\u00e4iv\u00e4tyst\u00e4 kirjeest\u00e4.<\/p>\n<p class=\"article-body mb-nof-24 px-nof-16\">P\u00e4\u00e4ministeri toistaa kirjeess\u00e4 vanhoja huolenaiheitaan Belgialle mahdollisesti aiheutuvista taloudellisista ja oikeudellisista seurauksista ja esitt\u00e4\u00e4 huolta my\u00f6s siit\u00e4, ett\u00e4 varojen kanssa kiireess\u00e4 eteneminen voisi est\u00e4\u00e4 rauhansopimuksen syntymisen.<\/p>\n<p class=\"article-body mb-nof-24 px-nof-16\">\u201dKiirehtiminen ehdotetun korvauslainaj\u00e4rjestelyn kanssa aiheuttaisi sivuvaikutuksena sen, ett\u00e4 me EU:ssa k\u00e4yt\u00e4nn\u00f6ss\u00e4 est\u00e4isimme mahdollisen rauhansopimuksen syntymisen\u201d, p\u00e4\u00e4ministeri kirjoitti.<\/p>\n<p class=\"article-body mb-nof-24 px-nof-16\">\u201dVaroja ei voi k\u00e4ytt\u00e4\u00e4 yht\u00e4 aikaa useisiin eri tarkoituksiin. Joko ne pid\u00e4tet\u00e4\u00e4n Ukrainan j\u00e4lleenrakennuksen rahoittamista varten, tai ne k\u00e4ytet\u00e4\u00e4n nyt sodan kustannusten kattamiseen tai Ukrainan perusbudjetin rahoittamiseen\u201d, h\u00e4n lis\u00e4si.<\/p>\n<p class=\"article-body mb-nof-24 px-nof-16\">EU-komission on ollut m\u00e4\u00e4r\u00e4 pian esitell\u00e4 Ukrainan sotakorvauslainan pohjan oikeudellinen teksti j\u00e4senmaille. Lainasta pit\u00e4isi saada sopu nopeasti, sill\u00e4 EU:n pit\u00e4isi saada sopu Ukrainan rahoituksesta joulukuun huippukokouksessa. Ukrainan budjetin on arvioitu palavan loppuun ensi kev\u00e4\u00e4n aikana, joten asialla on kiire.<\/p>\n<p class=\"article-body mb-nof-24 px-nof-16\">Ukrainalle annettavassa sotakorvauslainassa on kyse lainasta, joka rahoitettaisiin Ven\u00e4j\u00e4lt\u00e4 j\u00e4\u00e4dytettyjen varojen k\u00e4teistuotoilla ja jonka Ukraina maksaisi EU:lle takaisin vain siin\u00e4 tapauksessa, ett\u00e4 Ven\u00e4j\u00e4 maksaa maalle sotakorvauksia. Lainan on arvioitu kattavan Ukrainan kuluja ainakin muutaman vuoden ajaksi.<\/p>\n<p class=\"article-body mb-nof-24 px-nof-16\">J\u00e4\u00e4dytetyist\u00e4 varoista valtaosaa Euroclear-rahoituslaitoksessaan hallinnoiva Belgia on asettunut poikkiteloin varojen k\u00e4yt\u00f6ss\u00e4, sill\u00e4 se on pel\u00e4nnyt itselleen lankeavia oikeudellisia ja taloudellisia seurauksia. Maa on pel\u00e4nnyt muun muassa Ven\u00e4j\u00e4n mahdollisia oikeustoimia ja vastatoimia Belgialle, jotka voisivat olla hintavia. Maa on my\u00f6s huolissaan sit\u00e4, ett\u00e4 jos pakotteet syyst\u00e4 tai toisesta laukeaisivat, Ven\u00e4j\u00e4 vet\u00e4isi varansa heti pois Euroopasta ja lasku lankeaisi Belgian maksettavaksi.<\/p>\n<p class=\"article-body mb-nof-24 px-nof-16\">De Wever totesikin kirjeess\u00e4\u00e4n, ett\u00e4 EU:n pit\u00e4isi pohtia my\u00f6s muita vaihtoehtoja Ukraina-tuelle. H\u00e4n my\u00f6s toteaa kirjeens\u00e4 lopuksi, ett\u00e4 jotta Belgia voi antaa vihre\u00e4\u00e4 valoa lainalle, sen huoliin tulee vastata t\u00e4ysin.<\/p>\n<p class=\"article-body mb-nof-24 px-nof-16\">H\u00e4nen mukaansa t\u00e4h\u00e4n kuuluvat t\u00e4ydet takuut muilta j\u00e4senmailta siit\u00e4, ett\u00e4 ne suostuvat korvaamaan taloudelliset riskit, mik\u00e4li Ven\u00e4j\u00e4 saa varansa takaisin.<\/p>\n<p class=\"article-body mb-nof-24 px-nof-16\">EU-komissio on esitt\u00e4nyt vaihtoehtoina Ukrainan rahoitukselle my\u00f6s j\u00e4senmaiden budjeteistaan Ukrainalle annettavaa suoraa rahoitusta tai EU:n yhteisvelkaa. N\u00e4ill\u00e4 on kuitenkin vain v\u00e4h\u00e4n kannatusta j\u00e4senmaiden piiriss\u00e4. Esimerkiksi Suomi on n\u00e4hnyt j\u00e4\u00e4dytetyt ven\u00e4l\u00e4isvarat parhaimpana ja oikeudenmukaisimpana vaihtoehtona.<\/p>\n<p class=\"article-body mb-nof-24 px-nof-16\">EU-komission puheenjohtaja von der Leyen t\u00e4hdensi my\u00f6s keskiviikkona pit\u00e4m\u00e4ss\u00e4\u00e4n puheessa, ett\u00e4 EU:n veronmaksajien rahat eiv\u00e4t yksin voi kattaa koko rahoitusta Ukrainalle.<\/p>\n<p class=\"article-body mb-nof-24 px-nof-16\">\u201dEn n\u00e4e mit\u00e4\u00e4n skenaariota, jossa vain eurooppalaiset veronmaksajat yksin maksaisivat laskun\u201d, von der Leyen sanoi.<\/p>\n<p class=\"article-body mb-nof-24 px-nof-16\">Politico-lehti kertoi keskiviikkona, ett\u00e4 EU-komissio on valmistellut my\u00f6s varasuunnitelmaa silt\u00e4 varalta, ett\u00e4 Belgia ei anna lainalle vihre\u00e4\u00e4 valoa viel\u00e4 joulukuussa.<\/p>\n<p class=\"article-body mb-nof-24 px-nof-16\">Lehden mukaan yksi kannatusta ker\u00e4\u00e4v\u00e4 vaihtoehto on niin sanottu siltarahoituslaina, joka rahoitettaisiin EU:n yhteisell\u00e4 velanotolla ja jonka avulla Ukraina pysyisi toimintakykyisen\u00e4 ainakin ensi vuoden alun ajan. T\u00e4m\u00e4 antaisi lis\u00e4aikaa t\u00e4ysimittaisen korvauslainaj\u00e4rjestelyn luomiselle Ven\u00e4j\u00e4n varoja k\u00e4ytt\u00e4en.<\/p>\n","protected":false},"excerpt":{"rendered":"Ukrainan rahoitus|Vanhojen huoliensa lis\u00e4ksi de Wever sanoo, ett\u00e4 varojen vapautus heikent\u00e4isi Ukrainan rauhanprosessia. Sotakorvauslainasta pit\u00e4isi saada sopu aikaan&hellip;\n","protected":false},"author":2,"featured_media":102858,"comment_status":"","ping_status":"","sticky":false,"template":"","format":"standard","meta":{"footnotes":""},"categories":[14],"tags":[22,23,26,27,33,31,30,17,46,24,25,28,29,15,18,21,32,19,20,56,16,59,60,61],"class_list":{"0":"post-102857","1":"post","2":"type-post","3":"status-publish","4":"format-standard","5":"has-post-thumbnail","7":"category-ulkomaat","8":"tag-breaking-news","9":"tag-breakingnews","10":"tag-featured-news","11":"tag-featurednews","12":"tag-fi","13":"tag-finland","14":"tag-finnish","15":"tag-headlines","16":"tag-helsingin-sanomat","17":"tag-latest-news","18":"tag-latestnews","19":"tag-main-news","20":"tag-mainnews","21":"tag-news","22":"tag-otsikot","23":"tag-paauutiset","24":"tag-suomi","25":"tag-top-stories","26":"tag-topstories","27":"tag-ulkomaat","28":"tag-uutiset","29":"tag-world","30":"tag-world-news","31":"tag-worldnews"},"share_on_mastodon":{"url":"https:\/\/pubeurope.com\/@fi\/115630984776721576","error":""},"_links":{"self":[{"href":"https:\/\/www.europesays.com\/fi\/wp-json\/wp\/v2\/posts\/102857","targetHints":{"allow":["GET"]}}],"collection":[{"href":"https:\/\/www.europesays.com\/fi\/wp-json\/wp\/v2\/posts"}],"about":[{"href":"https:\/\/www.europesays.com\/fi\/wp-json\/wp\/v2\/types\/post"}],"author":[{"embeddable":true,"href":"https:\/\/www.europesays.com\/fi\/wp-json\/wp\/v2\/users\/2"}],"replies":[{"embeddable":true,"href":"https:\/\/www.europesays.com\/fi\/wp-json\/wp\/v2\/comments?post=102857"}],"version-history":[{"count":0,"href":"https:\/\/www.europesays.com\/fi\/wp-json\/wp\/v2\/posts\/102857\/revisions"}],"wp:featuredmedia":[{"embeddable":true,"href":"https:\/\/www.europesays.com\/fi\/wp-json\/wp\/v2\/media\/102858"}],"wp:attachment":[{"href":"https:\/\/www.europesays.com\/fi\/wp-json\/wp\/v2\/media?parent=102857"}],"wp:term":[{"taxonomy":"category","embeddable":true,"href":"https:\/\/www.europesays.com\/fi\/wp-json\/wp\/v2\/categories?post=102857"},{"taxonomy":"post_tag","embeddable":true,"href":"https:\/\/www.europesays.com\/fi\/wp-json\/wp\/v2\/tags?post=102857"}],"curies":[{"name":"wp","href":"https:\/\/api.w.org\/{rel}","templated":true}]}}