{"id":102867,"date":"2025-11-29T04:26:14","date_gmt":"2025-11-29T04:26:14","guid":{"rendered":"https:\/\/www.europesays.com\/fi\/102867\/"},"modified":"2025-11-29T04:26:14","modified_gmt":"2025-11-29T04:26:14","slug":"digi-ja-vaestotietovirasto-sulkee-palvelupaikkansa-kuudelta-paikkakunnalta-%e2%88%92-nailla-paikkakunnilla-onnistuu-jatkossa-vain-etaasiointi-uutiset-kotimaasta-ja-maailmalta","status":"publish","type":"post","link":"https:\/\/www.europesays.com\/fi\/102867\/","title":{"rendered":"Digi- ja v\u00e4est\u00f6tietovirasto sulkee palvelupaikkansa kuudelta paikkakunnalta \u2212 n\u00e4ill\u00e4 paikkakunnilla onnistuu jatkossa vain et\u00e4asiointi &#8211; Uutiset kotimaasta ja maailmalta"},"content":{"rendered":"<p>Viimeksi hein\u00e4kuussa DVV sulki palvelupaikat yhteens\u00e4 14 paikkakunnalta. Muutosten taustalla ovat virastoon kohdistuvat s\u00e4\u00e4st\u00f6paineet.<\/p>\n<p><a class=\"ArticleImage_imageContainer__e0EST\" href=\"https:\/\/www.europesays.com\/fi\/wp-content\/uploads\/2025\/11\/DklHthqMJ5kK0OmHYwKRrEnoNn4.jpg\"><img decoding=\"async\" src=\"https:\/\/www.europesays.com\/fi\/wp-content\/uploads\/2025\/11\/DklHthqMJ5kK0OmHYwKRrEnoNn4.jpg\" alt=\"Digi- ja v\u00e4est\u00f6tietovirasto tarjoaa muun muassa palveluita, jotka liittyv\u00e4t muuttoilmoituksiin ja kuolinpes\u00e4n hoitamiseen. LEHTIKUVA \/ Markku Ulander . \" loading=\"lazy\"\/><\/a><\/p>\n<p>Digi- ja v\u00e4est\u00f6tietovirasto tarjoaa muun muassa palveluita, jotka liittyv\u00e4t muuttoilmoituksiin ja kuolinpes\u00e4n hoitamiseen. LEHTIKUVA \/ Markku Ulander . \u00a0<\/p>\n<p class=\"RichTextParagraph_richTextParagraph__Wxs3t undefined\">Digi- ja v\u00e4est\u00f6tietovirasto (DVV) <a href=\"https:\/\/dvv.fi\/-\/muutoksia-digi-ja-vaestotietoviraston-palvelupaikkoihin-usealla-paikkakunnalla-tarjolla-etapalvelua-1.12.-alkaen#:~:text=Digi-%20ja%20v%C3%A4est%C3%B6tietoviraston%20%28DVV%29%20palvelupaikkojen%20m%C3%A4%C3%A4r%C3%A4%20muuttuu%201.12.,ja%20Sein%C3%A4joella%20ja%20tarjoaa%20n%C3%A4ill%C3%A4%20paikkakunnilla%20jatkossa%20et%C3%A4palvelua.\" id=\"link-0\" target=\"_blank\" title=\"sulkee\" rel=\"nofollow noopener\">sulkee<\/a> joulukuun alussa palvelupaikkansa kuudelta eri paikkakunnalta. Palvelupisteet suljetaan H\u00e4meenlinnassa, Kajaanissa, Kokkolassa, Kouvolassa, Mikkeliss\u00e4 ja Sein\u00e4joella.<\/p>\n<p class=\"RichTextParagraph_richTextParagraph__Wxs3t undefined\">Jatkossa paikkakunnilla tarjotaan viraston palveluita ainoastaan et\u00e4n\u00e4.<\/p>\n<p class=\"RichTextParagraph_richTextParagraph__Wxs3t undefined\">Muutokset astuvat voimaan ensi maanantaina.<\/p>\n<p class=\"RichTextParagraph_richTextParagraph__Wxs3t undefined\">Viimeksi hein\u00e4kuussa DVV sulki palvelupaikat yhteens\u00e4 14 paikkakunnalta. Muutosten taustalla ovat virastoon kohdistuvat s\u00e4\u00e4st\u00f6paineet.<\/p>\n<p class=\"RichTextParagraph_richTextParagraph__Wxs3t undefined\">DVV tarjoaa muun muassa palveluita liittyen muuttoilmoituksiin ja kuolinpes\u00e4n hoitamiseen. Paikan p\u00e4\u00e4ll\u00e4 asiointia vaativat edelleen esimerkiksi vihkimiset.<\/p>\n","protected":false},"excerpt":{"rendered":"Viimeksi hein\u00e4kuussa DVV sulki palvelupaikat yhteens\u00e4 14 paikkakunnalta. Muutosten taustalla ovat virastoon kohdistuvat s\u00e4\u00e4st\u00f6paineet. Digi- ja v\u00e4est\u00f6tietovirasto tarjoaa&hellip;\n","protected":false},"author":2,"featured_media":102868,"comment_status":"","ping_status":"","sticky":false,"template":"","format":"standard","meta":{"footnotes":""},"categories":[12],"tags":[22,23,26,27,33,31,30,17,24,25,28,29,15,18,21,32,19,20,16],"class_list":{"0":"post-102867","1":"post","2":"type-post","3":"status-publish","4":"format-standard","5":"has-post-thumbnail","7":"category-suomi","8":"tag-breaking-news","9":"tag-breakingnews","10":"tag-featured-news","11":"tag-featurednews","12":"tag-fi","13":"tag-finland","14":"tag-finnish","15":"tag-headlines","16":"tag-latest-news","17":"tag-latestnews","18":"tag-main-news","19":"tag-mainnews","20":"tag-news","21":"tag-otsikot","22":"tag-paauutiset","23":"tag-suomi","24":"tag-top-stories","25":"tag-topstories","26":"tag-uutiset"},"share_on_mastodon":{"url":"https:\/\/pubeurope.com\/@fi\/115631094964108109","error":""},"_links":{"self":[{"href":"https:\/\/www.europesays.com\/fi\/wp-json\/wp\/v2\/posts\/102867","targetHints":{"allow":["GET"]}}],"collection":[{"href":"https:\/\/www.europesays.com\/fi\/wp-json\/wp\/v2\/posts"}],"about":[{"href":"https:\/\/www.europesays.com\/fi\/wp-json\/wp\/v2\/types\/post"}],"author":[{"embeddable":true,"href":"https:\/\/www.europesays.com\/fi\/wp-json\/wp\/v2\/users\/2"}],"replies":[{"embeddable":true,"href":"https:\/\/www.europesays.com\/fi\/wp-json\/wp\/v2\/comments?post=102867"}],"version-history":[{"count":0,"href":"https:\/\/www.europesays.com\/fi\/wp-json\/wp\/v2\/posts\/102867\/revisions"}],"wp:featuredmedia":[{"embeddable":true,"href":"https:\/\/www.europesays.com\/fi\/wp-json\/wp\/v2\/media\/102868"}],"wp:attachment":[{"href":"https:\/\/www.europesays.com\/fi\/wp-json\/wp\/v2\/media?parent=102867"}],"wp:term":[{"taxonomy":"category","embeddable":true,"href":"https:\/\/www.europesays.com\/fi\/wp-json\/wp\/v2\/categories?post=102867"},{"taxonomy":"post_tag","embeddable":true,"href":"https:\/\/www.europesays.com\/fi\/wp-json\/wp\/v2\/tags?post=102867"}],"curies":[{"name":"wp","href":"https:\/\/api.w.org\/{rel}","templated":true}]}}