{"id":102880,"date":"2025-11-29T04:53:15","date_gmt":"2025-11-29T04:53:15","guid":{"rendered":"https:\/\/www.europesays.com\/fi\/102880\/"},"modified":"2025-11-29T04:53:15","modified_gmt":"2025-11-29T04:53:15","slug":"kalle-rovanpera-latasi-tayslaidallisen-ennen-viimeista-mm-rallipaivaansa-2","status":"publish","type":"post","link":"https:\/\/www.europesays.com\/fi\/102880\/","title":{"rendered":"Kalle Rovanper\u00e4 latasi t\u00e4yslaidallisen ennen viimeist\u00e4 MM-rallip\u00e4iv\u00e4\u00e4ns\u00e4"},"content":{"rendered":"<p>Kalle Rovanper\u00e4ll\u00e4 on edess\u00e4\u00e4n MM-ralliuran viimeinen ajop\u00e4iv\u00e4. Ainakin toistaiseksi.<\/p>\n<p>28.11. 17:36<\/p>\n<p class=\"article-body mb-nof-24 px-nof-16\">Jedda<\/p>\n<p class=\"article-body mb-nof-24 px-nof-16\">Viimeist\u00e4 vied\u00e4\u00e4n.<\/p>\n<p class=\"article-body mb-nof-24 px-nof-16\"><a class=\"article-personlink\" href=\"https:\/\/www.is.fi\/haku\/?query=Kalle%20Rovanper%C3%A4\" rel=\"nofollow noopener\" target=\"_blank\">Kalle Rovanper\u00e4<\/a>, 25, ampaisee lauantaina MM-ralliuransa viimeiseen ajop\u00e4iv\u00e4\u00e4n \u2013 ainakin toistaiseksi. H\u00e4n siirtyy ensi vuonna rata-autoilijaksi.<\/p>\n<p class=\"article-body mb-nof-24 px-nof-16\">\u2013 No ihan jees fiilikset siit\u00e4 asiasta. Lauantaina t\u00e4ytyy viel\u00e4 ajaa ihan tosissaan ja haasteita on varmaankin viel\u00e4 paljon edess\u00e4. Lauantaina voi viel\u00e4 k\u00e4yd\u00e4 mit\u00e4 vain, joten pidet\u00e4\u00e4n keskittyminen, Rovanper\u00e4 tuumasi Saudi-Arabian MM-rallin perjantain iltahuoltoon tullessaan.<\/p>\n<p class=\"article-body mb-nof-24 px-nof-16\">Toyotalla ajavalla Rovanper\u00e4ll\u00e4 on yh\u00e4 ohut mahdollisuus napata uransa kolmas rallikuljettajien maailmanmestaruus kauden p\u00e4\u00e4t\u00f6skilpailussa. H\u00e4n on Saudi-Arabian rallin kokonaiskilpailussa viidenten\u00e4 ennen kilpailun viimeist\u00e4 ajop\u00e4iv\u00e4\u00e4.<\/p>\n<p class=\"article-body mb-nof-24 px-nof-16\">\u2013 No, ainakin olemme viel\u00e4 jollain lailla peliss\u00e4 mukana. T\u00e4m\u00e4 on ollut jo rallin alusta niin, ett\u00e4 meid\u00e4n tilanteemme mestaruustaistelussa vaatii ep\u00e4onnea muilta.<\/p>\n<p><img decoding=\"async\" src=\"https:\/\/www.europesays.com\/fi\/wp-content\/uploads\/2025\/11\/1764269169_505_468.jpg\" alt=\"Kalle Rovanper\u00e4 on paahtanut Saudi-Arabian MM-rallissa.\" class=\"_Img_1rerz_1\" style=\"aspect-ratio:1.5\" loading=\"eager\"\/><\/p>\n<p class=\"article-picture-caption\">Kalle Rovanper\u00e4 on paahtanut Saudi-Arabian MM-rallissa. Kuva:\u00a0Luca Barsali \/ ZUMA<\/p>\n<p class=\"article-body mb-nof-24 px-nof-16\">Ennen Saudi-Arabian rallin alkamista Rovanper\u00e4\u00e4 selv\u00e4sti paremmissa asemissa mestaruuskamppailuun kaasutelleet Toyota-miehet, brittikuljettaja <a class=\"article-personlink\" href=\"https:\/\/www.is.fi\/haku\/?query=Elfyn%20Evans\" rel=\"nofollow noopener\" target=\"_blank\">Elfyn Evans<\/a> ja ranskalaistaituri <a class=\"article-personlink\" href=\"https:\/\/www.is.fi\/haku\/?query=S%C3%A9bastien%20Ogier\" rel=\"nofollow noopener\" target=\"_blank\">S\u00e9bastien Ogier<\/a> ajautuivat perjantaina hankaluuksiin rengasongelmien takia.<\/p>\n<p class=\"article-body mb-nof-24 px-nof-16\">MM-sarjan k\u00e4rkimies Evans on rallissa kahdeksantena ja MM-pistetaulukossa toisena vaaniva Ogier kuudentena.<\/p>\n<p class=\"article-body mb-nof-24 px-nof-16\">Rallin aikana my\u00f6s Rovanper\u00e4 \u2013 ja todella moni muukin kuljettaja \u2013 on saanut osansa rengashuolista.<\/p>\n<p class=\"article-body mb-nof-24 px-nof-16\">\u2013 Ei pit\u00e4isi olla sarjan viimeinen kilpailu t\u00e4llaisessa paikassa. Ei t\u00e4m\u00e4 ole oikeaa rallia, Rovanper\u00e4 totesi viitaten \u201drengaslottoon\u201d.<\/p>\n<p><img decoding=\"async\" src=\"https:\/\/www.europesays.com\/fi\/wp-content\/uploads\/2025\/11\/1764269169_678_468.jpg\" alt=\"Renkaat ovat joutuneet koville MM-sarjan uudessa kilpailussa Saudi-Arabiassa.\" class=\"_Img_1rerz_1\" style=\"aspect-ratio:1.3333333333333333\" loading=\"eager\"\/><\/p>\n<p class=\"article-picture-caption\">Renkaat ovat joutuneet koville MM-sarjan uudessa kilpailussa Saudi-Arabiassa. Kuva:\u00a0Tuomas Arkimies<\/p>\n<p class=\"article-body mb-nof-24 px-nof-16\">Saudi-Arabiassa ajetaan nyt ensimm\u00e4ist\u00e4 kertaa MM-rallia. Rovanper\u00e4 on tehnyt monta kertaa selv\u00e4ksi, ettei Saudi-Arabian rallin tiest\u00f6 ole h\u00e4nelle lainkaan mieleinen. H\u00e4nen makuunsa tiet ovat liian kapeita, hitaita ja rajuja.<\/p>\n<p class=\"article-body mb-nof-24 px-nof-16\">H\u00e4n povasi jo ennen rallia, ett\u00e4 renkaiden kanssa tulee kautta linjan paljon ongelmia.<\/p>\n<p class=\"article-body mb-nof-24 px-nof-16\">\u2013 Eiv\u00e4t nuo tiet ole noille autoille ja renkaille tarkoitettu. Mutta seh\u00e4n oli tiedossa jo ennen t\u00e4nne tulemista. Ei t\u00e4m\u00e4 sill\u00e4 tavalla ole sopiva kauden p\u00e4\u00e4t\u00f6sralliksi. Ei ole hirve\u00e4n kivaa, kun mitk\u00e4\u00e4n sijat eiv\u00e4t ratkea kilvanajolla.<\/p>\n<p class=\"article-body mb-nof-24 px-nof-16\">My\u00f6s Ogier sanoi suorat sanat kauden p\u00e4\u00e4t\u00f6skilpailun rengasruletista.<\/p>\n<p class=\"article-body mb-nof-24 px-nof-16\">\u2013 T\u00e4ss\u00e4 on pitk\u00e4lti kyse vain pelk\u00e4st\u00e4 onnesta, kahdeksankertainen maailmanmestari Ogier tuhahti.<\/p>\n<p><img decoding=\"async\" src=\"https:\/\/www.europesays.com\/fi\/wp-content\/uploads\/2025\/11\/1764358510_177_468.jpg\" alt=\"Rengasasiat ovat puhuttaneet viljalti Saudi-Arabian MM-rallissa. Kuvassa rengasvalmistaja Hankookin toimipiste rallin huoltoalueelta.\" class=\"_Img_1rerz_1\" style=\"aspect-ratio:1.3333333333333333\" loading=\"eager\"\/><\/p>\n<p class=\"article-picture-caption\">Rengasasiat ovat puhuttaneet viljalti Saudi-Arabian MM-rallissa. Kuvassa rengasvalmistaja Hankookin toimipiste rallin huoltoalueelta. Kuva:\u00a0Tuomas Arkimies<\/p>\n<p class=\"article-body mb-nof-24 px-nof-16\">Rallin p\u00e4\u00e4t\u00f6sp\u00e4iv\u00e4n\u00e4 lauantaina on m\u00e4\u00e4r\u00e4 ajaa yhteens\u00e4 kolme erikoiskoetta.<\/p>\n<p class=\"article-body mb-nof-24 px-nof-16\">\u2013 Varmaankin samanlaista on luvassa kuin t\u00e4h\u00e4nkin asti, Rovanper\u00e4 hym\u00e4hti.<\/p>\n","protected":false},"excerpt":{"rendered":"Kalle Rovanper\u00e4ll\u00e4 on edess\u00e4\u00e4n MM-ralliuran viimeinen ajop\u00e4iv\u00e4. Ainakin toistaiseksi. 28.11. 17:36 Jedda Viimeist\u00e4 vied\u00e4\u00e4n. Kalle Rovanper\u00e4, 25, ampaisee&hellip;\n","protected":false},"author":2,"featured_media":102881,"comment_status":"","ping_status":"","sticky":false,"template":"","format":"standard","meta":{"footnotes":""},"categories":[5],"tags":[22,23,26,27,33,31,30,17,34,24,25,28,29,15,18,21,32,19,20,16],"class_list":{"0":"post-102880","1":"post","2":"type-post","3":"status-publish","4":"format-standard","5":"has-post-thumbnail","7":"category-otsikot","8":"tag-breaking-news","9":"tag-breakingnews","10":"tag-featured-news","11":"tag-featurednews","12":"tag-fi","13":"tag-finland","14":"tag-finnish","15":"tag-headlines","16":"tag-ilta-sanomat","17":"tag-latest-news","18":"tag-latestnews","19":"tag-main-news","20":"tag-mainnews","21":"tag-news","22":"tag-otsikot","23":"tag-paauutiset","24":"tag-suomi","25":"tag-top-stories","26":"tag-topstories","27":"tag-uutiset"},"share_on_mastodon":{"url":"https:\/\/pubeurope.com\/@fi\/115631201051904570","error":""},"_links":{"self":[{"href":"https:\/\/www.europesays.com\/fi\/wp-json\/wp\/v2\/posts\/102880","targetHints":{"allow":["GET"]}}],"collection":[{"href":"https:\/\/www.europesays.com\/fi\/wp-json\/wp\/v2\/posts"}],"about":[{"href":"https:\/\/www.europesays.com\/fi\/wp-json\/wp\/v2\/types\/post"}],"author":[{"embeddable":true,"href":"https:\/\/www.europesays.com\/fi\/wp-json\/wp\/v2\/users\/2"}],"replies":[{"embeddable":true,"href":"https:\/\/www.europesays.com\/fi\/wp-json\/wp\/v2\/comments?post=102880"}],"version-history":[{"count":0,"href":"https:\/\/www.europesays.com\/fi\/wp-json\/wp\/v2\/posts\/102880\/revisions"}],"wp:featuredmedia":[{"embeddable":true,"href":"https:\/\/www.europesays.com\/fi\/wp-json\/wp\/v2\/media\/102881"}],"wp:attachment":[{"href":"https:\/\/www.europesays.com\/fi\/wp-json\/wp\/v2\/media?parent=102880"}],"wp:term":[{"taxonomy":"category","embeddable":true,"href":"https:\/\/www.europesays.com\/fi\/wp-json\/wp\/v2\/categories?post=102880"},{"taxonomy":"post_tag","embeddable":true,"href":"https:\/\/www.europesays.com\/fi\/wp-json\/wp\/v2\/tags?post=102880"}],"curies":[{"name":"wp","href":"https:\/\/api.w.org\/{rel}","templated":true}]}}